{"id":998,"date":"2015-04-24T11:03:34","date_gmt":"2015-04-24T11:03:34","guid":{"rendered":"http:\/\/granadacosta.es\/?p=998"},"modified":"2015-04-24T11:03:34","modified_gmt":"2015-04-24T11:03:34","slug":"17-desempleados-se-forman-en-almunecar-como-ayudantes-de-cocina","status":"publish","type":"post","link":"https:\/\/granadacostaglobal.es\/?p=998","title":{"rendered":"17 desempleados se forman en Almu\u00f1\u00e9car como ayudantes de cocina"},"content":{"rendered":"<p><strong>En un curso de formaci\u00f3n promovido por la Diputaci\u00f3n de Granada y organizado por la Mancomunidad de la Costa Tropical y el Ayuntamiento de Almu\u00f1\u00e9car.<\/strong><\/p>\n<p><strong>\u00a0<\/strong><\/p>\n<p>La delegada de Formaci\u00f3n y Empleo de la Mancomunidad de la Costa Tropical, Mar\u00eda del Carmen Reinoso, acompa\u00f1ada por la concejal de Relaciones Institucionales del Ayuntamiento de Almu\u00f1\u00e9car, Mar\u00eda del Mar Medina y La jefa de secci\u00f3n de Formaci\u00f3n y Empleo de la Diputaci\u00f3n de Granada, Emilia L\u00f3pez D\u00edaz, han visitado las dependencias del Restaurante Escuela Horno de C\u00e1ndida en Almu\u00f1\u00e9car, para la puesta en marcha de un curso \u2018Operaciones B\u00e1sicas de Cocina\u2019, que forma a 17 desempleados del municipio costero.<\/p>\n<p>&nbsp;<\/p>\n<p>El curso est\u00e1 enmarcado en el programa GranadaEmpleo II. Un proyecto promovido por la Diputaci\u00f3n de Granada y organizado por la Mancomunidad de la Costa Tropical y el Ayuntamiento de Almu\u00f1\u00e9car, cofinanciado en un 80% por las ayudas del Fondo Social Europeo, a trav\u00e9s del Programa Operativo \u2018Adaptabilidad y Empleo\u2019, y que persigue favorecer el acceso al mercado laboral de personas desempleadas con especiales dificultades, mediante su participaci\u00f3n en Itinerarios Integrados de Inserci\u00f3n Laboral.<\/p>\n<p>&nbsp;<\/p>\n<p>Mar\u00eda del Carmen Reinoso, ha explicado que \u201cel objetivo com\u00fan de las administraciones es contribuir a la creaci\u00f3n de empleo y la inserci\u00f3n laboral de las personas que buscan trabajo y necesitan mejorar su formaci\u00f3n para aumentar sus posibilidades de encontrarlo\u201d.<\/p>\n<p>&nbsp;<\/p>\n<p>En este sentido, Reinoso, que tambi\u00e9n es concejal de Bienestar Social del Ayuntamiento de Almu\u00f1\u00e9car, ha indicado que \u201ccreemos que es un deber y una obligaci\u00f3n para nosotros poner a disposici\u00f3n de nuestros vecinos oportunidades que les faciliten encontrar empleo\u201d, y tambi\u00e9n \u201cdemostramos con esta iniciativa que la colaboraci\u00f3n entre las administraciones se traduce en beneficios para nuestros vecinos\u201d.<\/p>\n<p>&nbsp;<\/p>\n<p>Por su parte, la concejal de Relaciones Institucionales del Ayuntamiento de Almu\u00f1\u00e9car, Mar\u00eda del Mar Medina, ha aminado a los alumnos \u201ca aprovechar la oportunidad de implicarse al m\u00e1ximo\u201d y ha expresado su deseo de \u201cverlos pronto bien formados y trabajando\u201d.<\/p>\n<p>&nbsp;<\/p>\n<p>La jefa de secci\u00f3n de Formaci\u00f3n y Empleo de la Diputaci\u00f3n de Granada, Emilia L\u00f3pez D\u00edaz, ha animado a los alumnos a ser activos en la b\u00fasqueda de empleo y a que \u201cabran su horizonte sin miedo a los desplazamientos\u201d. L\u00f3pez ha destacado que \u201cel curso es muy pr\u00e1ctico y esa es una gran baza para el aprendizaje y el conocimiento en materias como la cocina y la elaboraci\u00f3n de platos\u201d.<\/p>\n<p>El curso tiene una duraci\u00f3n de 4 meses, 3 meses de teor\u00eda que se imparten en el Restaurante Escuela Horno de C\u00e1ndida de Almu\u00f1\u00e9car y 1 mes de pr\u00e1cticas en restaurantes. La formaci\u00f3n, dirigida a personas desempleadas e inscritas en el S.A.E., est\u00e1 becada con 400 euros mensuales aproximadamente.<\/p>\n","protected":false},"excerpt":{"rendered":"<p>En un curso de formaci\u00f3n promovido por la Diputaci\u00f3n de Granada y organizado por la Mancomunidad de la Costa Tropical&hellip;<\/p>\n","protected":false},"author":2,"featured_media":999,"comment_status":"open","ping_status":"open","sticky":false,"template":"","format":"standard","meta":{"om_disable_all_campaigns":false,"_mi_skip_tracking":false,"_monsterinsights_sitenote_active":false,"_monsterinsights_sitenote_note":"","_monsterinsights_sitenote_category":0,"footnotes":""},"categories":[21,22],"tags":[],"aioseo_notices":[],"_links":{"self":[{"href":"https:\/\/granadacostaglobal.es\/index.php?rest_route=\/wp\/v2\/posts\/998"}],"collection":[{"href":"https:\/\/granadacostaglobal.es\/index.php?rest_route=\/wp\/v2\/posts"}],"about":[{"href":"https:\/\/granadacostaglobal.es\/index.php?rest_route=\/wp\/v2\/types\/post"}],"author":[{"embeddable":true,"href":"https:\/\/granadacostaglobal.es\/index.php?rest_route=\/wp\/v2\/users\/2"}],"replies":[{"embeddable":true,"href":"https:\/\/granadacostaglobal.es\/index.php?rest_route=%2Fwp%2Fv2%2Fcomments&post=998"}],"version-history":[{"count":0,"href":"https:\/\/granadacostaglobal.es\/index.php?rest_route=\/wp\/v2\/posts\/998\/revisions"}],"wp:featuredmedia":[{"embeddable":true,"href":"https:\/\/granadacostaglobal.es\/index.php?rest_route=\/"}],"wp:attachment":[{"href":"https:\/\/granadacostaglobal.es\/index.php?rest_route=%2Fwp%2Fv2%2Fmedia&parent=998"}],"wp:term":[{"taxonomy":"category","embeddable":true,"href":"https:\/\/granadacostaglobal.es\/index.php?rest_route=%2Fwp%2Fv2%2Fcategories&post=998"},{"taxonomy":"post_tag","embeddable":true,"href":"https:\/\/granadacostaglobal.es\/index.php?rest_route=%2Fwp%2Fv2%2Ftags&post=998"}],"curies":[{"name":"wp","href":"https:\/\/api.w.org\/{rel}","templated":true}]}}