{"id":9945,"date":"2017-01-23T09:34:51","date_gmt":"2017-01-23T09:34:51","guid":{"rendered":"http:\/\/granadacostanacional.es\/?p=9945"},"modified":"2017-01-23T09:34:51","modified_gmt":"2017-01-23T09:34:51","slug":"700-medicos-internistas-y-endocrinos-abordaran-en-una-convencion-en-torremolinos-los-avances-farmacologicos-para-tratar-la-diabetes","status":"publish","type":"post","link":"https:\/\/granadacostaglobal.es\/?p=9945","title":{"rendered":"700 M\u00c9DICOS INTERNISTAS Y ENDOCRINOS ABORDAR\u00c1N EN UNA CONVENCI\u00d3N EN TORREMOLINOS LOS AVANCES FARMACOL\u00d3GICOS PARA TRATAR LA DIABETES"},"content":{"rendered":"<h4>La XI Reuni\u00f3n Diabetes y Obesidad de la SEMI se celebra el 27 y 28 de enero en el Palacio de Congresos.<\/h4>\n<p style=\"text-align: justify;\">Los investigaci\u00f3n farmacol\u00f3gica en el tratamiento de la diabetes tipo 2, la que afecta al mayor n\u00famero de personas y vinculada en gran medida al exceso de peso y a la inactividad f\u00edsica, atraviesa en los \u00faltimos a\u00f1os una de sus etapas m\u00e1s prol\u00edficas y efectivas. Estos avances permiten ya, en la pr\u00e1ctica, aplicar tratamientos individualizados a los pacientes en base a sus necesidades y objetivos terap\u00e9uticos.<\/p>\n<p style=\"text-align: justify;\">Unos 700 especialistas en medicina interna y endocrinolog\u00eda de toda Espa\u00f1a se re\u00fanen los pr\u00f3ximos 27 y 28 de enero en la XI Reuni\u00f3n Diabetes y Obesidad de la Sociedad Espa\u00f1ola de Medicina Interna (SEMI), que tendr\u00e1 como marco el Palacio de Congresos de Torremolinos. En la mesa de trabajo de este encuentro cient\u00edfico estar\u00e1 el estudio de los nueva generaci\u00f3n de inhibidores del enzima DPP-4 y del cotransportador de la prote\u00edna SGLT2, as\u00ed como de agonistas receptores de la incretina GLP-1, cuya incorporaci\u00f3n en los tratamientos mejoran el control gluc\u00e9mico de los pacientes con menor riesgo de hipoglucemia, una de las complicaciones m\u00e1s graves de la diabetes.<\/p>\n<p style=\"text-align: justify;\">Seg\u00fan datos de la Organizaci\u00f3n Mundial de la Salud (OMS) de 2016, el 8,5 por ciento de la poblaci\u00f3n mundial, o lo que es lo mismo 422 millones de personas adultas son diab\u00e9ticas, la mayor\u00eda en los pa\u00edses en desarrollo. Este n\u00famero se ha multiplicado caso por cuatro veces desde 1980 y entre los factores que han contribuido a este dr\u00e1stico aumento se encuentran el sobrepeso y la obesidad.<\/p>\n<p style=\"text-align: justify;\">En el caso de Espa\u00f1a, el 3 por ciento del total de las defunciones registradas en Espa\u00f1a en 2016 fueron por causa directa de la diabetes, con un total de 10.420 muertes. En 2014 y seg\u00fan siempre datos de la OMS, m\u00e1s de 1 de cada 3 adultos (mayores de 18 a\u00f1os) ten\u00edan sobrepeso, y m\u00e1s de uno de cada 10 eran obesos. Entre las complicaciones de la diabetes se encuentran los infartos de miocardio, los accidentes vasculares cerebrales, la ceguera, la insuficiencia renal y las amputaciones de los miembros inferiores.<\/p>\n<p style=\"text-align: justify;\">Hay tres grandes formas de diabetes: la de tipo 1, la de tipo 2 y la diabetes gestacional. La causa de la diabetes de tipo 1 es desconocida, y quienes la padecen necesitan la administraci\u00f3n diaria de insulina para sobrevivir. La diabetes de tipo 2 es la m\u00e1s frecuente, y se debe en gran medida al exceso de peso y a la inactividad f\u00edsica. Antes solo afectaba a los adultos, pero ahora es cada vez m\u00e1s frecuente en los ni\u00f1os y los j\u00f3venes. La diabetes gestacional es una afecci\u00f3n temporal que ocurre en el embarazo y conlleva un riesgo a largo plazo de diabetes de tipo 2.<\/p>\n<p style=\"text-align: justify;\">La XI Reuni\u00f3n Diabetes y Obesidad se inaugurar\u00e1 a las 19\u201915 00 horas del viernes, 27 de enero, si bien el amplio programa de trabajo que consta de 15 ponencias, sesiones de actualizaci\u00f3n, conferencias magistrales y mesas redondas a cargo de especialistas espa\u00f1oles, y tambi\u00e9n de Italia y Canad\u00e1, se iniciar\u00e1 a las 16\u201900 horas.<\/p>\n","protected":false},"excerpt":{"rendered":"<p>La XI Reuni\u00f3n Diabetes y Obesidad de la SEMI se celebra el 27 y 28 de enero en el Palacio&hellip;<\/p>\n","protected":false},"author":2,"featured_media":9946,"comment_status":"open","ping_status":"open","sticky":false,"template":"","format":"standard","meta":{"om_disable_all_campaigns":false,"_mi_skip_tracking":false,"_monsterinsights_sitenote_active":false,"_monsterinsights_sitenote_note":"","_monsterinsights_sitenote_category":0,"footnotes":""},"categories":[22],"tags":[],"aioseo_notices":[],"_links":{"self":[{"href":"https:\/\/granadacostaglobal.es\/index.php?rest_route=\/wp\/v2\/posts\/9945"}],"collection":[{"href":"https:\/\/granadacostaglobal.es\/index.php?rest_route=\/wp\/v2\/posts"}],"about":[{"href":"https:\/\/granadacostaglobal.es\/index.php?rest_route=\/wp\/v2\/types\/post"}],"author":[{"embeddable":true,"href":"https:\/\/granadacostaglobal.es\/index.php?rest_route=\/wp\/v2\/users\/2"}],"replies":[{"embeddable":true,"href":"https:\/\/granadacostaglobal.es\/index.php?rest_route=%2Fwp%2Fv2%2Fcomments&post=9945"}],"version-history":[{"count":0,"href":"https:\/\/granadacostaglobal.es\/index.php?rest_route=\/wp\/v2\/posts\/9945\/revisions"}],"wp:featuredmedia":[{"embeddable":true,"href":"https:\/\/granadacostaglobal.es\/index.php?rest_route=\/"}],"wp:attachment":[{"href":"https:\/\/granadacostaglobal.es\/index.php?rest_route=%2Fwp%2Fv2%2Fmedia&parent=9945"}],"wp:term":[{"taxonomy":"category","embeddable":true,"href":"https:\/\/granadacostaglobal.es\/index.php?rest_route=%2Fwp%2Fv2%2Fcategories&post=9945"},{"taxonomy":"post_tag","embeddable":true,"href":"https:\/\/granadacostaglobal.es\/index.php?rest_route=%2Fwp%2Fv2%2Ftags&post=9945"}],"curies":[{"name":"wp","href":"https:\/\/api.w.org\/{rel}","templated":true}]}}