{"id":9938,"date":"2017-01-23T08:58:00","date_gmt":"2017-01-23T08:58:00","guid":{"rendered":"http:\/\/granadacostanacional.es\/?p=9938"},"modified":"2017-01-23T08:58:00","modified_gmt":"2017-01-23T08:58:00","slug":"el-museo-de-malaga-la-retrospectiva-de-pepe-espaliu-en-el-c3a-y-el-ano-murillo-protagonizan-andalucia-destino-cultural","status":"publish","type":"post","link":"https:\/\/granadacostaglobal.es\/?p=9938","title":{"rendered":"El Museo de M\u00e1laga, la retrospectiva de Pepe Espali\u00fa en el C3A y el A\u00f1o Murillo protagonizan &#8216;Andaluc\u00eda Destino Cultural&#8217;"},"content":{"rendered":"<h4>El consejero de Turismo y Deporte, Francisco Javier Fern\u00e1ndez, y la consejera de Cultura, Rosa Aguilar, han presentando hoy en Fitur la oferta cultural para 2017<\/h4>\n<p style=\"text-align: justify;\">Los consejeros de Turismo y Deporte, Francisco Javier Fern\u00e1ndez, y de Cultura, Rosa Aguilar, han presentado hoy en la Feria Internacional de Turismo (Fitur) que se celebra en Madrid hasta el domingo &#8216;Andaluc\u00eda Destino Cultural&#8217;. La apertura del Museo de M\u00e1laga, la retrospectiva sobre Pepe Espali\u00fa en el nuevo Centro de Creaci\u00f3n Contempor\u00e1nea de Andaluc\u00eda (C3A) y la reconstrucci\u00f3n del Convento de Capuchinos en el Museo de Bellas Artes de Sevilla en el marco del A\u00f1o Murillo centran la programaci\u00f3n expositiva de este a\u00f1o en Andaluc\u00eda. Al respecto, la consejera de Cultura ha asegurado que este a\u00f1o se va a poner \u201cuna mirada especial\u201d en los museos andaluces, en los que se atesora y muestra \u201cnuestro patrimonio creado y mimado a lo largo de los siglos\u201d.<\/p>\n<p style=\"text-align: justify;\">Francisco Javier Fern\u00e1ndez ha subrayado la riqueza y variedad de la programaci\u00f3n cultural que presenta Andaluc\u00eda en 2017 y ha recordado la importancia de este segmento, que atrae hacia el destino a 7,5 millones de viajeros al a\u00f1o, lo que representa en torno al 30% del total. Esta tipolog\u00eda destaca, adem\u00e1s, por una serie de cualidades que refuerzan su car\u00e1cter estrat\u00e9gico para la comunidad, como son su capacidad desestacionalizadora y su elevado gasto medio.<\/p>\n<p style=\"text-align: justify;\">En este sentido, el consejero ha se\u00f1alado que la cultura se convierte \u201cen una aliada perfecta para el destino\u201c, ya que los turistas atra\u00eddos por esta oferta se distribuyen de manera m\u00e1s uniforme a lo largo del a\u00f1o y realizan un uso muy elevado del alojamiento hotelero (el 86,4%, frente al 65,2% del promedio general). En cuanto al gasto medio, estos viajeros sobresalen por un desembolso muy superior al resto, adem\u00e1s de que realizan multitud de actividades complementarias y se &#8216;sumergen&#8217; en el destino.<\/p>\n<p style=\"text-align: justify;\">El consejero ha resaltado tambi\u00e9n la singularidad del patrimonio de la comunidad, con productos tan espec\u00edficos como el denominado &#8216;Tus Ra\u00edces&#8217;, que est\u00e1 orientado a viajeros de aquellos pa\u00edses emisores que guardan un v\u00ednculo cultural y ancestral con la regi\u00f3n, por su pasado \u00e1rabe o jud\u00edo, y por los lazos con latinoam\u00e9rica. Asimismo, ha anunciado la puesta en marcha de un nuevo producto titulado &#8216;Andaluc\u00eda, Huella Universal&#8217;, basado en todos los recursos declarados por la Unesco.<\/p>\n<p style=\"text-align: justify;\">Durante la presentaci\u00f3n de hoy, Aguilar ha destacado la apertura el pasado 12 de diciembre del Museo de M\u00e1laga, el \u00faltimo en incorporarse a la red de museos auton\u00f3micos. Ubicado en el Palacio de la Aduana, \u201cun edificio especial, singular y de gran importancia para M\u00e1laga\u201d, el museo acoge las colecciones de Arqueolog\u00eda y de Bellas Artes en un relato expositivo que va desde el Paleol\u00edtico hasta lo contempor\u00e1neo, pasando por la herencia fenicia, romana o isl\u00e1mica. Entre las piezas que se exponen en sus salas, destaca la pintura del siglo XIX, con cuadros de Joaqu\u00edn Sorolla, Federico de Madrazo o Enrique Simonet, entre otros. Un museo del siglo XXI, \u201cque ha incorporado los avances tecnol\u00f3gicos para ponerlos al servicio de la experiencia del visitante\u201d, y \u201cplenamente accesible\u201d, al contar con puntos t\u00e1ctiles y auditivos<\/p>\n<p style=\"text-align: justify;\">En el apartado de exposiciones, la consejera ha destacado durante su intervenci\u00f3n las propuestas del recientemente inaugurado Centro de Creaci\u00f3n Contempor\u00e1nea de Andaluc\u00eda, el C3A, que abri\u00f3 sus puertas en C\u00f3rdoba el 19 de diciembre. Se trata, ha explicado Aguilar, de \u201cun espacio singular, emblem\u00e1tico, con una arquitectura que es en s\u00ed misma una obra de arte y que dedicamos a la creaci\u00f3n y producci\u00f3n de los nuevos lenguajes contempor\u00e1neos\u201d. Ofrece la posibilidad de ver la evoluci\u00f3n de diferentes proyectos art\u00edsticos en los que los creadores trabajan en el propio centro al tiempo que una programaci\u00f3n de exposiciones temporales. En este sentido, Aguilar ha se\u00f1alado que ser\u00e1 el C3A el que acoja \u201cuna de las grandes exposiciones que Andaluc\u00eda ofrece a sus visitantes en 2017, la que dedicaremos a Pepe Espali\u00fa\u201d. Bajo el t\u00edtulo de &#8216;C\u00edrculo \u00edntimo: El Mundo de Pepe Espali\u00fa&#8217;, podr\u00e1 visitarse del 27 de abril al 3 de septiembre y en ella se mostrar\u00e1n m\u00e1s de 100 de sus obras distribuidas en 1.000 metros cuadrados en lo que supone la mayor retrospectiva del artista en su ciudad natal. Esta muestra se centra en analizar, desde un nuevo prisma, la singularidad de uno de los artistas m\u00e1s destacados de la generaci\u00f3n espa\u00f1ola de los a\u00f1os ochenta y noventa, y que desarroll\u00f3 una obra coherente y significativa relacionada muy estrechamente con la reflexi\u00f3n sobre la propia identidad. Para ello, la Consejer\u00eda de Cultura cuenta con la colaboraci\u00f3n del Instituto Valenciano de Arte Moderno.<\/p>\n<p style=\"text-align: justify;\">Otra de las muestras imprescindibles del a\u00f1o en Andaluc\u00eda es la que propone el Museo Picasso M\u00e1laga entre el 9 de octubre y el 28 de enero de 2018 y que lleva por t\u00edtulo &#8216;Somos plenamente libres. Las mujeres artistas y el Surrealismo&#8217;. Una exposici\u00f3n, ha subrayado Rosa Aguilar, \u201cimportante y necesaria que muestra la importancia que tuvo el movimiento surrealista para que las mujeres empezaran a adquirir en el mundo del arte el protagonismo que en justicia les corresponde\u201d. Un camino \u201cen el que a\u00fan estamos inmersos y para el que fue decisivo el empuje de las 18 artistas presentes en la exposici\u00f3n\u201d, ha a\u00f1adido. Los trabajos de Frida Kahlo, Dora Maar o Maruja Mallo, entre otras, conforman una exposici\u00f3n a la que han prestado sus obras instituciones p\u00fablicas y colecciones privadas internacionales y espa\u00f1olas como el Centro George Pompidou de Par\u00eds, la Tate brit\u00e1nica, el Reina Sof\u00eda o el Museo Olmedo de M\u00e9xico.<\/p>\n<p style=\"text-align: justify;\"><strong>A\u00f1o Murillo<\/strong><\/p>\n<p style=\"text-align: justify;\">En el marco de la programaci\u00f3n del A\u00f1o Murillo, organizado con motivo del cuarto centenario del nacimiento del maestro sevillano, se celebra otra de las grandes exposiciones para este 2017 en Andaluc\u00eda. Desde primeros de diciembre hasta finales de marzo de 2018 el Museo de Bellas Artes de Sevilla acoger\u00e1 &#8216;Murillo. Pinturas para el Convento de Capuchinos de Sevilla&#8217;, una exposici\u00f3n que reconstruye por primera vez al completo uno de los conjuntos pict\u00f3ricos m\u00e1s significativos del Barroco Espa\u00f1ol con pr\u00e9stamos procedentes de Colonia, Viena, Londres, Hamburgo o Nueva York, junto a cuadros de la Catedral de Sevilla y de la propia colecci\u00f3n de la pinacoteca sevillana. Destaca la obra de gran formato &#8216;El Jubileo de la Porci\u00fancula&#8217;, que ha regresado a Sevilla despu\u00e9s de casi dos siglos procedente de Colonia y que se est\u00e1 restaurando en el propio museo. Para Aguilar, se trata de una \u201coportunidad \u00fanica de disfrutar en el Museo de Bellas Artes, donde late el coraz\u00f3n del A\u00f1o Murillo, de la pintura de uno de los maestros indiscutibles de la Historia del Arte\u201d.<\/p>\n<p style=\"text-align: justify;\">En su intervenci\u00f3n, Rosa Aguilar ha destacado especialmente la propuesta que conforma para el turismo cultural el Sitio de los D\u00f3lmenes de Antequera, uno de los mayores monumentos megal\u00edticos del mundo y que desde el pasado mes de julio se ha incorporado a la Lista de Patrimonio Mundial de la Unesco. \u201cVisitar los D\u00f3lmenes nos permite conocer algo m\u00e1s sobre los or\u00edgenes del hombre\u201d, ha dicho Aguilar, que ha resaltado tambi\u00e9n su excepcionalidad \u201cal no dirigir su mirada al sol sino hacia el paisaje que le rodea\u201d. Esa, ha concluido, \u201ces la magia de este lugar: la perfecta armon\u00eda entre la mano del hombre prehist\u00f3rico y la naturaleza de su tiempo\u201d.<\/p>\n<p style=\"text-align: justify;\">La consejera ha puesto tambi\u00e9n el foco en otro conjunto, la Ciudad Califal de Medina Azahara, en cuya candidatura a Patrimonio Mundial trabaja ya la Consejer\u00eda de Cultura. \u201cMedina Azahara vivir\u00e1 en 2017 un a\u00f1o importante\u201d, ha dicho Aguilar, que ha a\u00f1adido que en ella \u201cpodemos conocer la riqu\u00edsima arquitectura y sorprendernos por la grandeza, belleza y singularidad de una ciudad repleta de leyendas, una ciudad que fascina a todo el que la descubre\u201d.<\/p>\n<p style=\"text-align: justify;\">Asimismo, como ha subrayado Rosa Aguilar, 2017 ser\u00e1 tambi\u00e9n el a\u00f1o en que abra las puertas un nuevo espacio muse\u00edstico en Andaluc\u00eda. Se trata del Museo \u00cdbero de Ja\u00e9n, \u201cllamado a ser el centro de referencia de este arte, un espacio que va a convertir a Ja\u00e9n en la capital del estudio y la difusi\u00f3n del Arte \u00cdbero, una cultura singular y \u00fanica que ha dejado su profunda huella en nuestra tierra\u201d.<\/p>\n<p style=\"text-align: justify;\">La oferta cultural de Andaluc\u00eda tiene tambi\u00e9n este a\u00f1o parada obligada en el Ciclo de Teatros Romanos, que desde julio a septiembre, ha explicado Aguilar, \u201cllena de vida y magia las milenarias piedras\u201d de los teatros romanos de M\u00e1laga, It\u00e1lica (en Santiponce, Sevilla) y Baelo Claudia (en Tarifa, C\u00e1diz). Tambi\u00e9n en el apartado de artes esc\u00e9nicas, la Alcazaba de Almer\u00eda acoger\u00e1 el Ciclo de Teatro Cl\u00e1sico durante los meses de junio y julio y, en Granada, \u201csiempre desde su inmensidad, su belleza y su historia, la Alhambra espera al visitante\u201d, ha subrayado la consejera, que ha destacado, por \u00faltimo, el estreno de la nueva producci\u00f3n del Ballet Flamenco de Andaluc\u00eda, &#8216;&#8230;Aquel Silverio&#8217; el pr\u00f3ximo 24 de febrero en el Festival de Jerez.<\/p>\n<p><a href=\"http:\/\/granadacostanacional.es\/wp-content\/uploads\/2017\/01\/Turismo-Cultural-2.jpg\"><img decoding=\"async\" loading=\"lazy\" class=\"alignnone wp-image-9940\" src=\"http:\/\/granadacostanacional.es\/wp-content\/uploads\/2017\/01\/Turismo-Cultural-2-300x199.jpg\" alt=\"Turismo Cultural 2\" width=\"626\" height=\"415\" \/><\/a><\/p>\n","protected":false},"excerpt":{"rendered":"<p>El consejero de Turismo y Deporte, Francisco Javier Fern\u00e1ndez, y la consejera de Cultura, Rosa Aguilar, han presentando hoy en&hellip;<\/p>\n","protected":false},"author":2,"featured_media":9939,"comment_status":"open","ping_status":"open","sticky":false,"template":"","format":"standard","meta":{"om_disable_all_campaigns":false,"_mi_skip_tracking":false,"_monsterinsights_sitenote_active":false,"_monsterinsights_sitenote_note":"","_monsterinsights_sitenote_category":0,"footnotes":""},"categories":[22],"tags":[],"aioseo_notices":[],"_links":{"self":[{"href":"https:\/\/granadacostaglobal.es\/index.php?rest_route=\/wp\/v2\/posts\/9938"}],"collection":[{"href":"https:\/\/granadacostaglobal.es\/index.php?rest_route=\/wp\/v2\/posts"}],"about":[{"href":"https:\/\/granadacostaglobal.es\/index.php?rest_route=\/wp\/v2\/types\/post"}],"author":[{"embeddable":true,"href":"https:\/\/granadacostaglobal.es\/index.php?rest_route=\/wp\/v2\/users\/2"}],"replies":[{"embeddable":true,"href":"https:\/\/granadacostaglobal.es\/index.php?rest_route=%2Fwp%2Fv2%2Fcomments&post=9938"}],"version-history":[{"count":0,"href":"https:\/\/granadacostaglobal.es\/index.php?rest_route=\/wp\/v2\/posts\/9938\/revisions"}],"wp:featuredmedia":[{"embeddable":true,"href":"https:\/\/granadacostaglobal.es\/index.php?rest_route=\/"}],"wp:attachment":[{"href":"https:\/\/granadacostaglobal.es\/index.php?rest_route=%2Fwp%2Fv2%2Fmedia&parent=9938"}],"wp:term":[{"taxonomy":"category","embeddable":true,"href":"https:\/\/granadacostaglobal.es\/index.php?rest_route=%2Fwp%2Fv2%2Fcategories&post=9938"},{"taxonomy":"post_tag","embeddable":true,"href":"https:\/\/granadacostaglobal.es\/index.php?rest_route=%2Fwp%2Fv2%2Ftags&post=9938"}],"curies":[{"name":"wp","href":"https:\/\/api.w.org\/{rel}","templated":true}]}}