{"id":993,"date":"2015-04-24T11:01:34","date_gmt":"2015-04-24T11:01:34","guid":{"rendered":"http:\/\/granadacosta.es\/?p=993"},"modified":"2015-04-24T11:01:34","modified_gmt":"2015-04-24T11:01:34","slug":"destinos-emergentes-promocionaran-en-euroal-2015-sus-atractivos-turisticos-ante-el-mercado-europeo","status":"publish","type":"post","link":"https:\/\/granadacostaglobal.es\/?p=993","title":{"rendered":"Destinos emergentes promocionar\u00e1n en \u2018EUROAL 2015\u2019 sus atractivos tur\u00edsticos ante el mercado europeo"},"content":{"rendered":"<p><em>El Salvador acude como \u2018Pa\u00eds Estrella\u2019 y Argelia como \u2018Pa\u00eds Invitado\u2019 al sal\u00f3n tur\u00edstico en Torremolinos, del 3 al 5 de junio <\/em><\/p>\n<p><em>Torremolinos 24 Abril 2015<\/em><\/p>\n<p>&nbsp;<\/p>\n<p>El mercado europeo representa pr\u00e1cticamente la mitad del movimiento tur\u00edstico mundial, y los destinos emergentes buscan posicionarse en \u00e9l con acciones promocionales ante el viajero y la turoperaci\u00f3n internacional. Dos pa\u00edses: El Salvador, como \u2018Pa\u00eds Estrella\u2019; y Argelia, como \u2018Pa\u00eds Invitado\u2019, centrar\u00e1n el foco de atenci\u00f3n del pr\u00f3ximo 10\u00ba Sal\u00f3n internacional de Turismo \u2018EUROAL 2015\u2019, del 3 al 5 de junio en el Palacio de Congresos y Exposiciones de Torremolinos (Costa del Sol-Espa\u00f1a).<\/p>\n<p><a href=\"http:\/\/granadacosta.es\/wp-content\/uploads\/2015\/04\/Area-de-Workshop-en-EUROAL-2014.jpg\"><img decoding=\"async\" loading=\"lazy\" class=\" size-large wp-image-995 aligncenter\" src=\"http:\/\/granadacosta.es\/wp-content\/uploads\/2015\/04\/Area-de-Workshop-en-EUROAL-2014-1024x682.jpg\" alt=\"Area de Workshop en EUROAL 2014\" width=\"1024\" height=\"682\" \/><\/a><\/p>\n<p>El Salvador, pa\u00eds que ya fue galardonado hace tres ediciones como \u2018Destino Emergente\u2019, reforzar\u00e1 su promoci\u00f3n en el mercado europeo con dos propuestas tur\u00edsticas: \u2018Experiencia subterr\u00e1nea maya San Andr\u00e9s\u2019 y \u2018La Ruta azul: Aventura sin l\u00edmites\u2019. La primera pone en valor la herencia y riqueza arqueol\u00f3gica maya en este pa\u00eds centroamericano, declarada Patrimonio de la Humanidad por la UNESCO; y la segunda a\u00fana la oferta para la pr\u00e1ctica de deportes extremos en espacios naturales volc\u00e1nicos, de lagunas, monta\u00f1a y mar.<\/p>\n<p>&nbsp;<\/p>\n<p>Por su lado, Argelia acudir\u00e1 a \u2018EUROAL 2015\u2019 reivindic\u00e1ndose como un multidestino \u00a0capaz de satisfacer en sus 1.600 kil\u00f3metros de costa el turismo de sol y \u00a0playas, que cuenta con una potente infraestructura hotelera; la herencia arqueol\u00f3gica romana (segunda en el mundo tras Italia), visible en Batna, Tipasa y Djemila; sus espacios declarados patrimonio de la humanidad como la Casbah de Argel o el Valle de M\u2019Zab, y el desierto de S\u00e1hara.<\/p>\n<p>&nbsp;<\/p>\n<p>Destinos de cuatro continentes (Europa, Asia, \u00c1frica y Am\u00e9rica Latina) participar\u00e1n en el 10\u00ba Sal\u00f3n internacional de Turismo \u2018EUROAL 2015\u2019. Reconocido como cita tur\u00edstica de referencia en el arco mediterr\u00e1neo, este encuentro tur\u00edstico ser\u00e1 sede este a\u00f1o, adem\u00e1s, de la III Conferencia Internacional de Desestacionalizaci\u00f3n Tur\u00edstica, convocada por la Organizaci\u00f3n Mundial de Turismo (UNWTO).<\/p>\n<p>&nbsp;<\/p>\n<p>Los miembros afiliados a esta organizaci\u00f3n de Naciones Unidas, en 162 pa\u00edses, est\u00e1n llamados a participar en este foro que promueve acciones de innovaci\u00f3n y creaci\u00f3n de nuevos productos por parte de los destinos tur\u00edsticos a fin de revertir el efecto adverso de la estacionalidad, que es com\u00fan en todas las regiones del mundo.<\/p>\n<p><a href=\"http:\/\/granadacosta.es\/wp-content\/uploads\/2015\/04\/Stand-empresa-en-EUROAL-2014.jpg\"><img decoding=\"async\" loading=\"lazy\" class=\" size-large wp-image-996 aligncenter\" src=\"http:\/\/granadacosta.es\/wp-content\/uploads\/2015\/04\/Stand-empresa-en-EUROAL-2014-1024x682.jpg\" alt=\"Stand empresa en EUROAL 2014\" width=\"1024\" height=\"682\" \/><\/a><\/p>\n<p>Durante las 3 jornadas de \u2018EUROAL 2015\u2019, Torremolinos (Costa del Sol) se convertir\u00e1 en foco tur\u00edstico mundial. El sal\u00f3n combina la promoci\u00f3n de destinos con las citas de negocios o workshop de touroperadores, agentes de viajes y empresas internacionales; \u00a0y un programa de conferencias, mesas redondas y master class en que se debaten los cambios y nuevas tendencias en la industria.<\/p>\n<p><em>(sigue..)<\/em><\/p>\n<p>&nbsp;<\/p>\n<p>M\u00e1s de 50 turoperadores de 18 pa\u00edses, compradores de productos tur\u00edsticos, asistir\u00e1n a\u00a0 la ronda de negocios de \u2018EUROAL 2015\u2019. En esta pr\u00f3xima edici\u00f3n se incrementa la presencia de operadores europeos, incorpor\u00e1ndose empresas de Austria, Alemania, Dinamarca o Noruega; y a los que se suman los procedentes de Italia, Bosnia-Herzegovina, Jap\u00f3n, China, Polonia, Ruman\u00eda, Rusia, Espa\u00f1a, Reino Unido, Estados Unidos, Brasil, M\u00e9xico, Argentina y Chile, entre otros.<\/p>\n","protected":false},"excerpt":{"rendered":"<p>El Salvador acude como \u2018Pa\u00eds Estrella\u2019 y Argelia como \u2018Pa\u00eds Invitado\u2019 al sal\u00f3n tur\u00edstico en Torremolinos, del 3 al 5&hellip;<\/p>\n","protected":false},"author":2,"featured_media":994,"comment_status":"open","ping_status":"open","sticky":false,"template":"","format":"standard","meta":{"om_disable_all_campaigns":false,"_mi_skip_tracking":false,"_monsterinsights_sitenote_active":false,"_monsterinsights_sitenote_note":"","_monsterinsights_sitenote_category":0,"footnotes":""},"categories":[21,22],"tags":[],"aioseo_notices":[],"_links":{"self":[{"href":"https:\/\/granadacostaglobal.es\/index.php?rest_route=\/wp\/v2\/posts\/993"}],"collection":[{"href":"https:\/\/granadacostaglobal.es\/index.php?rest_route=\/wp\/v2\/posts"}],"about":[{"href":"https:\/\/granadacostaglobal.es\/index.php?rest_route=\/wp\/v2\/types\/post"}],"author":[{"embeddable":true,"href":"https:\/\/granadacostaglobal.es\/index.php?rest_route=\/wp\/v2\/users\/2"}],"replies":[{"embeddable":true,"href":"https:\/\/granadacostaglobal.es\/index.php?rest_route=%2Fwp%2Fv2%2Fcomments&post=993"}],"version-history":[{"count":0,"href":"https:\/\/granadacostaglobal.es\/index.php?rest_route=\/wp\/v2\/posts\/993\/revisions"}],"wp:featuredmedia":[{"embeddable":true,"href":"https:\/\/granadacostaglobal.es\/index.php?rest_route=\/"}],"wp:attachment":[{"href":"https:\/\/granadacostaglobal.es\/index.php?rest_route=%2Fwp%2Fv2%2Fmedia&parent=993"}],"wp:term":[{"taxonomy":"category","embeddable":true,"href":"https:\/\/granadacostaglobal.es\/index.php?rest_route=%2Fwp%2Fv2%2Fcategories&post=993"},{"taxonomy":"post_tag","embeddable":true,"href":"https:\/\/granadacostaglobal.es\/index.php?rest_route=%2Fwp%2Fv2%2Ftags&post=993"}],"curies":[{"name":"wp","href":"https:\/\/api.w.org\/{rel}","templated":true}]}}