{"id":9907,"date":"2017-01-19T13:49:14","date_gmt":"2017-01-19T13:49:14","guid":{"rendered":"http:\/\/granadacostanacional.es\/?p=9907"},"modified":"2017-01-19T13:49:14","modified_gmt":"2017-01-19T13:49:14","slug":"vivir-el-presente","status":"publish","type":"post","link":"https:\/\/granadacostaglobal.es\/?p=9907","title":{"rendered":"Vivir el presente"},"content":{"rendered":"<p><span style=\"color: #993300;\"><strong>Por Rogelio Bustos Almendros<\/strong><\/span><\/p>\n<p style=\"text-align: justify;\">Me encontr\u00e9 al tomar el ascensor en la planta baja de mi casa, con mi vecino, el m\u00e9dico y, en los pocos segundos que transcurren hasta subir a su piso,\u00a0 me dijo: \u201cNuestros peores enemigos somos nosotros mismos; tu enemigo n\u00famero uno eres t\u00fa mismo y el m\u00edo yo mismo\u201d. Me qued\u00e9 mir\u00e1ndolo no s\u00e9 si con indiferencia o con sorpresa pero no dije nada. \u00c9l se baj\u00f3 un piso antes que el m\u00edo, no obstante tuvo tiempo para decirme:\u201dpiensa en lo que te he dicho\u201d. El ascensor continu\u00f3 su camino y lo \u00fanico que pens\u00e9 fue: \u00a1\u00c9ste t\u00edo cada d\u00eda est\u00e1 m\u00e1s loco! Se me ha olvidado decir que mi vecino, el m\u00e9dico, es especialista\u00a0 en Psiquiatr\u00eda y ejerce en un hospital de Granada.<\/p>\n<p style=\"text-align: justify;\">Nada m\u00e1s que entrar en mi casa suena el tel\u00e9fono, era una amiga de mi mujer que me dice que tiene un gran enfado, y una preocupaci\u00f3n que desde hace varios d\u00edas la trae enferma. Le pregunto el motivo y me dice que porque su nuera est\u00e1 embarazada. Le digo: \u201ceso es motivo de alegr\u00eda y no de pena\u201d. Me contesta que en otras circunstancias s\u00ed pero no en \u00e9sta porque no se habla con su nuera, es m\u00e1s, la odia. Le vuelvo a decir que ella no va a sufrir los dolores del parto sino la que tiene que parir. Y continua con su voz angustiada: \u201cno pero tengo que asistir al bautizo y eso es peor que los dolores del parto\u201d.<\/p>\n<p style=\"text-align: justify;\">__ \u00bfY cu\u00e1ndo ser\u00e1 eso?,\u00a0 pregunto<\/p>\n<p style=\"text-align: justify;\">__ Pues\u2026\u00a0 dentro de cinco o seis meses.<\/p>\n<p style=\"text-align: justify;\">No pude aguantar m\u00e1s y colgu\u00e9 el tel\u00e9fono.<\/p>\n<p style=\"text-align: justify;\">\u00a0\u00a0\u00a0\u00a0\u00a0 Fue en aquel mismo instante cuando empec\u00e9 a reflexionar sobre las palabras de mi vecino el psiquiatra. Esta mujer empez\u00f3 a sufrir seis meses antes\u00a0 de que se produjera el acontecimiento. <em>Viv\u00eda sufriendo el futuro <\/em>con demasiada antelaci\u00f3n mientras el presente se le escapaba tontamente. Su peor enemigo efectivamente, ella misma. Son muchas las personas que se ven acosadas por ese enemigo oculto que tiene por nombre <em>\u201cpreocupaciones\u201d<\/em>, que desgastan nuestras energ\u00edas, minan nuestra salud,\u00a0 y nos hacen la vida miserable. Para las preocupaciones no hay medicamentos, son curables s\u00f3lo por el mismo que las padece si son capaces de utilizar el pensamiento positivo.<\/p>\n<p style=\"text-align: justify;\">\u00a0\u00a0\u00a0\u00a0\u00a0\u00a0\u00a0\u00a0 Por el contrario, hay otros que viven el pasado, bien a\u00f1orando tiempos mejores o lament\u00e1ndose de aquello que pudieron hacer y no hicieron, o bien intentando revivir\u00a0 lo que fueron en otro tiempo y el\u00a0 aparente bienestar perdido. Y a este respecto el refranero espa\u00f1ol dice: \u201ctiempo pasado tra\u00eddo a la memoria, da m\u00e1s pena que gloria\u201d. Y\u00a0 as\u00ed es, desaprovechamos\u00a0 por completo nuestro presente, nuestro ahora y nos perdemos en un laberinto de confusi\u00f3n y miedos,\u00a0 de nostalgias que no conducen a ninguna parte. La experiencia del pasado debe ser faro que nos alumbre y nos indique el camino, no puerto donde agarrarnos.<\/p>\n<p style=\"text-align: justify;\">\u00a0\u00a0\u00a0\u00a0\u00a0\u00a0\u00a0\u00a0 Recuerdo que desde ni\u00f1o siempre o\u00eda: \u201ctrabaja para el d\u00eda de ma\u00f1ana, estudia para el d\u00eda de ma\u00f1ana, ahorra para el d\u00eda de ma\u00f1ana, incluso el casarse y despu\u00e9s tener hijos era con vista al d\u00eda de ma\u00f1ana, es decir, para que tuvieras a alguien que te cuidara cuando fueras viejo. Claro que despu\u00e9s se sufr\u00eda el tormento de la frustraci\u00f3n.<\/p>\n<p style=\"text-align: justify;\">\u00a0\u00a0\u00a0\u00a0\u00a0\u00a0\u00a0\u00a0 En la actualidad se sigue haciendo todo para el futuro, palabra que siempre tienen en la boca los pol\u00edticos ignorando que el futuro se hace en el presente. <em>Construyendo para el presente ya se est\u00e1 haciendo el futuro. <\/em>\u00a0La \u00fanica realidad verdadera es el presente. El pasado ha quedado atr\u00e1s y el futuro no ha llegado todav\u00eda. El pasado es pasado, el futuro es desconocido, s\u00f3lo el presente nos pertenece y es en el que hay que vivir.<\/p>\n<p style=\"text-align: justify;\">\u00a0\u00a0\u00a0\u00a0\u00a0\u00a0\u00a0\u00a0 Los antiguos romanos dec\u00edan que cuando los seres humanos hacemos planes de futuro los dioses nos miran desde lo alto y se r\u00eden de nosotros. Estamos viendo a diario el fracaso que supone echar cuentas para el futuro y m\u00e1s a\u00fan en estos tiempos de continuo y acelerado cambio; y mientras pensamos en el futuro dejamos de vivir el presente. La felicidad que es lo que buscamos en este mundo se nos escapa esperando ser felices\u00a0 en el futuro. Y s\u00f3lo se puede ser feliz y gozar del presente y \u00bfQui\u00e9n puede hacer que seamos felices ahora? __ Nosotros, nuestro enemigo personal n\u00famero UNO.<\/p>\n<p style=\"text-align: justify;\"><em>El hoy<\/em> <em>es<\/em> un regalo. Por eso se llama <em>el presente<\/em>. Cada ma\u00f1ana es un renacimiento, y por tanto lo verdaderamente importante\u00a0 es lo que vamos\u00a0 a hacer con este nuevo d\u00eda.<\/p>\n<p style=\"text-align: justify;\">\u00a0\u00a0\u00a0\u00a0\u00a0\u00a0\u00a0\u00a0 Es un hecho cierto que nadie est\u00e1 libre de alguna preocupaci\u00f3n pero hay que situarlas en el lugar que corresponde sin que nos anule y arruine la vida. Mi vecino, el m\u00e9dico psiquiatra ha realizado un c\u00e1lculo aproximado de lo que le preocupa a la generalidad de las personas y da este resultado: el 40% son de cosas que jam\u00e1s llegan a ocurrir; el 20% son cosas que ya no tienen remedio; el 15% son temores infundados; otro 15% son por motivos que carecen de importancia, y s\u00f3lo el 10%\u00a0 son de cosas que verdaderamente ten\u00edan motivo de preocupaci\u00f3n pero es tambi\u00e9n cierto que nuestra imaginaci\u00f3n nos hace presentir temores y desgracias que raras veces llegan a suceder.<\/p>\n<p style=\"text-align: justify;\">\u00a0\u00a0\u00a0\u00a0\u00a0\u00a0\u00a0\u00a0 A cierta persona amiga que ha cumplido los 90 a\u00f1os le pregunt\u00e9 qu\u00e9 cambiar\u00eda de su vida si le fuera posible vivirla\u00a0 otra vez; contest\u00f3 esto: \u201cvivir\u00eda libre de preocupaciones hasta donde pudiese, o por lo menos hasta que llegara el momento de preocuparme de verdad, en vez de preocuparme por anticipado; y dir\u00eda m\u00e1s a menudo \u201cte amo\u201d y \u201clo siento\u201d. Pero sobre todo si volviera a vivir de nuevo atrapar\u00eda cada minuto\u2026 lo mirar\u00eda\u2026 y lo ver\u00eda realmente, lo vivir\u00eda y ser\u00eda m\u00edo\u00a0 para siempre\u201d. \u00a1Cu\u00e1nta raz\u00f3n ten\u00eda! No\u00a0 hay que\u00a0 olvidar que la moneda de nuestra existencia es el tiempo, y la sabidur\u00eda y el arte est\u00e1 en saber gastarlo.<\/p>\n<p style=\"text-align: justify;\">\u00a0\u00a0\u00a0\u00a0\u00a0\u00a0\u00a0\u00a0 Las preocupaciones forman parte\u00a0 de nuestra vida, por tanto, lo que procede es aceptarlas como parte inseparable de nuestra existencia. Y no tiene nada que ver que la persona sea rica o pobre, inteligente o torpe, d\u00e9bil o fuerte de car\u00e1cter; afecta a toda clase de personas.<\/p>\n<p style=\"text-align: justify;\">\u00a0\u00a0\u00a0\u00a0\u00a0\u00a0\u00a0\u00a0 En la actualidad una de las preocupaciones m\u00e1s inquietantes es la econ\u00f3mica, nos afanamos sin tregua por adquirir y acumular bienes materiales para tener a cubierto las privaciones o desdichas que acaso pueda traer el porvenir restando al presente el goce de esos bienes que nunca se llegar\u00e1 a disfrutar.<\/p>\n<p style=\"text-align: justify;\">\u00a0\u00a0\u00a0\u00a0\u00a0\u00a0\u00a0\u00a0 El escritor ingl\u00e9s Chesterton escribi\u00f3:\u201d Una de las caracter\u00edsticas de los grandes santos es la virtud de la levedad. Los \u00e1ngeles vuelan porque no les abruma con su peso los bienes materiales ni la excesiva estimaci\u00f3n de s\u00ed mismos\u201d.<\/p>\n<p style=\"text-align: justify;\">\u00a0\u00a0\u00a0\u00a0\u00a0\u00a0\u00a0\u00a0 Seg\u00fan estad\u00edsticas del a\u00f1o 1980, curiosamente, los que sufren m\u00e1s esta enfermedad de las preocupaciones son los ricos, porque sus muchos negocios se las crean, y por otra parte tambi\u00e9n el presente se les escapa sin goce alguno a pesar de disponer de todos los bienes materiales, siempre est\u00e1n en el ma\u00f1ana. Van a su bosque de pinos\u00a0 y s\u00f3lo ven un tronco con tantas toneladas de madera que traducen a euros, se convierten en le\u00f1adores. En absoluto son capaces de ver la belleza del \u00e1rbol ni el verde, o el temblor de sus hojas, ni los rayos del sol pasando entre los pinos, ni la variedad de aves que habitan en \u00e9l, o la pureza\u00a0 del aire perfumado que respira, ni los cientos de florecillas que alegran el campo, o el canto de los p\u00e1jaros que lo habitan. Su gozo, si es que lo siente, est\u00e1 en el bien material. Tal vez por eso dijo Mart\u00edn Lutero que \u201c la riqueza es el m\u00e1s mezquino\u00a0 y peque\u00f1o don que en este mundo puede conceder Dios a un hombre. Por eso nuestro Se\u00f1or\u00a0 da de ordinario las riquezas a los mayores pollinos, que no saben apetecer otra cosa\u201d.<\/p>\n<p style=\"text-align: justify;\">\u00a0\u00a0\u00a0\u00a0\u00a0\u00a0\u00a0\u00a0 Para vivir con gozo el presente hay que pensar como aquella joven modelo de pasarela que qued\u00f3 embarazada y en vez de desear que terminasen los 9 meses de embarazo con todas sus molestias y deformaciones de su cuerpo, disfrutaba de cada momento y pensaba que la maravilla que crec\u00eda dentro de ella era una oportunidad de su vida para ayudar\u00a0 a Dios a hacer un milagro.<\/p>\n<p style=\"text-align: justify;\">\u00a0\u00a0\u00a0\u00a0\u00a0\u00a0\u00a0\u00a0 Esto de preocuparse por el ma\u00f1ana no es nada nuevo. En el Nuevo Testamento, en San Mateo cap\u00edtulo 6\u00ba vers\u00edculo 34 podemos leer: \u201cno os inquiet\u00e9is, pues, por el ma\u00f1ana; porque el d\u00eda de ma\u00f1ana ya tendr\u00e1 sus propias inquietudes; b\u00e1stale a cada d\u00eda su af\u00e1n\u201d.<\/p>\n<p style=\"text-align: justify;\">\u00a0\u00a0\u00a0\u00a0\u00a0\u00a0\u00a0\u00a0 Y termino con palabras\u00a0 del poeta franc\u00e9s Pierre de Ronsard:\u201d Vive ahora; no aguardes a que llegue ma\u00f1ana. Coge hoy mismo las rosas que te ofrece la vida\u201d.<\/p>\n","protected":false},"excerpt":{"rendered":"<p>Por Rogelio Bustos Almendros Me encontr\u00e9 al tomar el ascensor en la planta baja de mi casa, con mi vecino,&hellip;<\/p>\n","protected":false},"author":1,"featured_media":4936,"comment_status":"open","ping_status":"open","sticky":false,"template":"","format":"standard","meta":{"om_disable_all_campaigns":false,"_mi_skip_tracking":false,"_monsterinsights_sitenote_active":false,"_monsterinsights_sitenote_note":"","_monsterinsights_sitenote_category":0,"footnotes":""},"categories":[21],"tags":[],"aioseo_notices":[],"_links":{"self":[{"href":"https:\/\/granadacostaglobal.es\/index.php?rest_route=\/wp\/v2\/posts\/9907"}],"collection":[{"href":"https:\/\/granadacostaglobal.es\/index.php?rest_route=\/wp\/v2\/posts"}],"about":[{"href":"https:\/\/granadacostaglobal.es\/index.php?rest_route=\/wp\/v2\/types\/post"}],"author":[{"embeddable":true,"href":"https:\/\/granadacostaglobal.es\/index.php?rest_route=\/wp\/v2\/users\/1"}],"replies":[{"embeddable":true,"href":"https:\/\/granadacostaglobal.es\/index.php?rest_route=%2Fwp%2Fv2%2Fcomments&post=9907"}],"version-history":[{"count":0,"href":"https:\/\/granadacostaglobal.es\/index.php?rest_route=\/wp\/v2\/posts\/9907\/revisions"}],"wp:featuredmedia":[{"embeddable":true,"href":"https:\/\/granadacostaglobal.es\/index.php?rest_route=\/"}],"wp:attachment":[{"href":"https:\/\/granadacostaglobal.es\/index.php?rest_route=%2Fwp%2Fv2%2Fmedia&parent=9907"}],"wp:term":[{"taxonomy":"category","embeddable":true,"href":"https:\/\/granadacostaglobal.es\/index.php?rest_route=%2Fwp%2Fv2%2Fcategories&post=9907"},{"taxonomy":"post_tag","embeddable":true,"href":"https:\/\/granadacostaglobal.es\/index.php?rest_route=%2Fwp%2Fv2%2Ftags&post=9907"}],"curies":[{"name":"wp","href":"https:\/\/api.w.org\/{rel}","templated":true}]}}