{"id":9897,"date":"2017-01-19T13:22:43","date_gmt":"2017-01-19T13:22:43","guid":{"rendered":"http:\/\/granadacostanacional.es\/?p=9897"},"modified":"2017-01-19T13:22:43","modified_gmt":"2017-01-19T13:22:43","slug":"el-ministro-zoido-con-la-quisquilla-de-motril-en-la-casa-de-granada-en-madrid","status":"publish","type":"post","link":"https:\/\/granadacostaglobal.es\/?p=9897","title":{"rendered":"El ministro Zoido con la &#8220;Quisquilla de Motril&#8221; en la casa de Granada en Madrid"},"content":{"rendered":"<p style=\"text-align: justify;\">En una tarde fr\u00eda de Madrid, los \u00a0\u00a0granadinos sentimos el \u201ccalor\u201d con la proclamaci\u00f3n casi \u00a0\u00a0oficial, de la Denominaci\u00f3n \u00a0\u00a0de Origen de ese tesoro marino de nuestra Costa: La quisquilla de Motril. El acto de presentaci\u00f3n y degustaci\u00f3n, ha sido precisamente en un rinc\u00f3n granadino de la Capital del Reino y presidido por un ministro andaluz.<\/p>\n<p style=\"text-align: justify;\">\u00a0\u00a0\u00a0\u00a0\u00a0\u00a0\u00a0\u00a0\u00a0\u00a0\u00a0 La asistencia\u00a0 \u00a0a la Casa de Granada\u00a0\u00a0 estaba \u00a0\u00a0formada por socios de la Entidad, su Presidente el general de la Guardia Civil Sr. Almendros Alfambra, motrile\u00f1os resientes en Madrid, un grupo de Diputados nacionales y provinciales de distintos partidos.<\/p>\n<p style=\"text-align: justify;\">\u00a0\u00a0\u00a0\u00a0\u00a0\u00a0 La Comisi\u00f3n organizadora<a href=\"http:\/\/granadacostanacional.es\/wp-content\/uploads\/2017\/01\/Quisquilla1.jpg\"><img decoding=\"async\" loading=\"lazy\" class=\" wp-image-9899 alignleft\" src=\"http:\/\/granadacostanacional.es\/wp-content\/uploads\/2017\/01\/Quisquilla1-215x300.jpg\" alt=\"Quisquilla1\" width=\"310\" height=\"432\" \/><\/a><a href=\"http:\/\/granadacostanacional.es\/wp-content\/uploads\/2017\/01\/Quisquilla3.jpg\"><img decoding=\"async\" loading=\"lazy\" class=\" wp-image-9898 alignleft\" src=\"http:\/\/granadacostanacional.es\/wp-content\/uploads\/2017\/01\/Quisquilla3-225x300.jpg\" alt=\"Quisquilla3\" width=\"310\" height=\"414\" \/><\/a> de pretender la denominaci\u00f3n de origen, fue exponiendo\u00a0\u00a0 personalmentM\u00faie ante el p\u00fablico asistente todos y cada uno de los pasos realizados y el esfuerzo, a veces con m\u00e1s visi\u00f3n vocacional que comercial, aunque el origen es precisamente este \u00faltimo. Se destac\u00f3 la figura del diputado nacional Carlos Rojas autor de que esta propuesta tenga rango nacional de altura pol\u00edtica.<\/p>\n<p style=\"text-align: justify;\">\u00a0\u00a0\u00a0\u00a0\u00a0\u00a0\u00a0\u00a0\u00a0\u00a0\u00a0 Cuando escribo estas l\u00edneas, informa\u00a0\u00a0 El Faro de Motril que el Parlamento Andaluz recibe el \u201cs\u00ed\u201d un\u00e1nime \u00a0\u00a0a la Denominaci\u00f3n de Origen \u00a0\u00a0a la \u201cQuisquilla de Motril\u201d.<\/p>\n<p style=\"text-align: justify;\">\u00a0\u00a0\u00a0\u00a0\u00a0\u00a0\u00a0\u00a0\u00a0\u00a0\u00a0 El Presidente de la Casa de Granada en Madrid, manifest\u00f3 la satisfacci\u00f3n de que la Casa sea la presentadora de este acto\u00a0\u00a0 que viene a confirmar la importancia de esta Entidad \u00a0\u00a0para proyecci\u00f3n de todos los intereses granadinos; Arte, M\u00fasica, Letras y comerciales en Madrid.<\/p>\n<p style=\"text-align: justify;\">\u00a0\u00a0\u00a0\u00a0\u00a0\u00a0\u00a0\u00a0\u00a0\u00a0\u00a0 Todos los asistentes fueron obsequiados por la Organizaci\u00f3n del acto, con la degustaci\u00f3n, no solo de la quisquilla, tambi\u00e9n con los productos de nuestra Costa; Aguacate\u00a0 y chirimoya.<\/p>\n<p style=\"text-align: justify;\">\u00a0\u00a0\u00a0\u00a0\u00a0\u00a0\u00a0\u00a0\u00a0\u00a0\u00a0 Finaliz\u00f3 el acto con el parlamento ameno del ministro, <strong>Juan Ignacio Zoido<\/strong> \u00a0reconociendo a la Casa de Granada su colaboraci\u00f3n y \u00a0a todos los que colaboran para que \u201cLa Quisquilla de Motril\u201d sea considerada\u00a0 en toda la gastronom\u00eda y repercute en la econom\u00eda de nuestra Costa.<\/p>\n<p style=\"text-align: justify;\">\n<p style=\"text-align: right;\"><em><strong>Jos\u00e9 Luis Mart\u00edn Correa,<\/strong><\/em><\/p>\n<p style=\"text-align: right;\"><em><strong>Director Adjunto de Granada Costa en Madrid<\/strong><\/em><\/p>\n","protected":false},"excerpt":{"rendered":"<p>En una tarde fr\u00eda de Madrid, los \u00a0\u00a0granadinos sentimos el \u201ccalor\u201d con la proclamaci\u00f3n casi \u00a0\u00a0oficial, de la Denominaci\u00f3n \u00a0\u00a0de&hellip;<\/p>\n","protected":false},"author":1,"featured_media":9900,"comment_status":"open","ping_status":"open","sticky":false,"template":"","format":"standard","meta":{"om_disable_all_campaigns":false,"_mi_skip_tracking":false,"_monsterinsights_sitenote_active":false,"_monsterinsights_sitenote_note":"","_monsterinsights_sitenote_category":0,"footnotes":""},"categories":[22],"tags":[],"aioseo_notices":[],"_links":{"self":[{"href":"https:\/\/granadacostaglobal.es\/index.php?rest_route=\/wp\/v2\/posts\/9897"}],"collection":[{"href":"https:\/\/granadacostaglobal.es\/index.php?rest_route=\/wp\/v2\/posts"}],"about":[{"href":"https:\/\/granadacostaglobal.es\/index.php?rest_route=\/wp\/v2\/types\/post"}],"author":[{"embeddable":true,"href":"https:\/\/granadacostaglobal.es\/index.php?rest_route=\/wp\/v2\/users\/1"}],"replies":[{"embeddable":true,"href":"https:\/\/granadacostaglobal.es\/index.php?rest_route=%2Fwp%2Fv2%2Fcomments&post=9897"}],"version-history":[{"count":0,"href":"https:\/\/granadacostaglobal.es\/index.php?rest_route=\/wp\/v2\/posts\/9897\/revisions"}],"wp:featuredmedia":[{"embeddable":true,"href":"https:\/\/granadacostaglobal.es\/index.php?rest_route=\/"}],"wp:attachment":[{"href":"https:\/\/granadacostaglobal.es\/index.php?rest_route=%2Fwp%2Fv2%2Fmedia&parent=9897"}],"wp:term":[{"taxonomy":"category","embeddable":true,"href":"https:\/\/granadacostaglobal.es\/index.php?rest_route=%2Fwp%2Fv2%2Fcategories&post=9897"},{"taxonomy":"post_tag","embeddable":true,"href":"https:\/\/granadacostaglobal.es\/index.php?rest_route=%2Fwp%2Fv2%2Ftags&post=9897"}],"curies":[{"name":"wp","href":"https:\/\/api.w.org\/{rel}","templated":true}]}}