{"id":9800,"date":"2017-01-14T07:44:28","date_gmt":"2017-01-14T07:44:28","guid":{"rendered":"http:\/\/granadacostanacional.es\/?p=9800"},"modified":"2017-01-14T07:44:28","modified_gmt":"2017-01-14T07:44:28","slug":"jose-antonio-funes-ciudadanos-ha-conseguido-incrementar-en-un-147-la-dotacion-que-la-junta-de-andalucia-destina-a-la-atencion-temprana","status":"publish","type":"post","link":"https:\/\/granadacostaglobal.es\/?p=9800","title":{"rendered":"Jos\u00e9 Antonio Funes: \u201cCiudadanos ha conseguido incrementar en un 147% la dotaci\u00f3n que la Junta de Andaluc\u00eda destina a la atenci\u00f3n temprana\u201d"},"content":{"rendered":"<h6 style=\"text-align: justify;\">El diputado granadino de Ciudadanos en el Parlamento de Andaluc\u00eda visita Motril para comprobar \u2018in situ\u2019 el funcionamiento de algunas de las exigencias que su grupo ha promovido en la administraci\u00f3n auton\u00f3mica<\/h6>\n<p style=\"text-align: justify;\"><strong>Motril (Granada), viernes 13 de enero de 2017<\/strong>. <strong>\u201cCiudadanos ha conseguido incrementar en un 147% en casi dos a\u00f1os la dotaci\u00f3n que la Junta de Andaluc\u00eda destina a la atenci\u00f3n temprana\u201d<\/strong>. As\u00ed lo ha asegurado el diputado granadino de Ciudadanos en el Parlamento de Andaluc\u00eda, Jos\u00e9 Antonio Funes, durante la visita que ha realizado al Centro de Atenci\u00f3n Infantil Temprana (CAIT) de Motril para comprobar <em>in situ<\/em> el funcionamiento de algunas de las exigencias que su grupo ha promovido en la administraci\u00f3n auton\u00f3mica.<\/p>\n<p style=\"text-align: justify;\"><strong>\u201cCiudadanos ha conseguido ampliar en m\u00e1s de 14 millones de euros el presupuesto destinado a atenci\u00f3n temprana en Andaluc\u00eda\u201d<\/strong>, ha se\u00f1alado Funes, quien ha recordado que este impulso supone igualmente la mejora en los tratamientos que se llevan a cabo y en la eliminaci\u00f3n de las listas de espera, algo que ha quedado de manifiesto tras la visita al centro acompa\u00f1ado de su coordinador, Rafael Garc\u00eda Luj\u00e1n.<\/p>\n<p style=\"text-align: justify;\"><strong><a href=\"http:\/\/granadacostanacional.es\/wp-content\/uploads\/2017\/01\/Visita-Jos\u00e9-Antonio-Funes-a-Aprosmo.jpg\"><img decoding=\"async\" loading=\"lazy\" class=\" wp-image-9801 alignleft\" src=\"http:\/\/granadacostanacional.es\/wp-content\/uploads\/2017\/01\/Visita-Jos\u00e9-Antonio-Funes-a-Aprosmo-300x189.jpg\" alt=\"Visita Jos\u00e9 Antonio Funes a Aprosmo\" width=\"590\" height=\"371\" \/><\/a>\u201cDesde el pasado mes de octubre hemos pasado 85 plazas en el CAIT de Aprosmo a 140, y las previsiones son de llegar a las 176 antes de que finalice el a\u00f1o\u201d<\/strong>, ha resaltado el parlamentario, quien ha apuntado igualmente el incremento de la duraci\u00f3n de las sesiones, que ha pasado de 45 minutos a una hora.<\/p>\n<p style=\"text-align: justify;\">Durante la jornada, Funes tambi\u00e9n ha visitado el centro de estancia de mayores de Aprosmo para atender las reivindicaciones de su gerente, Jorge Barbero, as\u00ed como de la presidenta de la asociaci\u00f3n, Trinidad L\u00f3pez. El parlamentario ha puesto de manifiesto la necesidad de revisar la regulaci\u00f3n que determina el coste de las plazas y ha solicitado que, a la hora de realizar la pr\u00f3xima concertaci\u00f3n que se va a licitar, se tenga en cuenta el hist\u00f3rico, es decir, el trabajo que las distintas empresas y asociaciones han realizado antes de acceder a las concesiones.<\/p>\n<p style=\"text-align: justify;\"><strong>\u201cSe trata de apostar por entidades que llevan ya muchos a\u00f1os desarrollando una important\u00edsima labor no solo para el cuidado y la terapia de las personas con alg\u00fan tipo de discapacidad intelectual, sino para conseguir su total integraci\u00f3n y su futura incorporaci\u00f3n a un puesto de trabajo\u201d<\/strong>, ha resaltado el parlamentario.<\/p>\n","protected":false},"excerpt":{"rendered":"<p>El diputado granadino de Ciudadanos en el Parlamento de Andaluc\u00eda visita Motril para comprobar \u2018in situ\u2019 el funcionamiento de algunas&hellip;<\/p>\n","protected":false},"author":1,"featured_media":9802,"comment_status":"open","ping_status":"open","sticky":false,"template":"","format":"standard","meta":{"om_disable_all_campaigns":false,"_mi_skip_tracking":false,"_monsterinsights_sitenote_active":false,"_monsterinsights_sitenote_note":"","_monsterinsights_sitenote_category":0,"footnotes":""},"categories":[22],"tags":[],"aioseo_notices":[],"_links":{"self":[{"href":"https:\/\/granadacostaglobal.es\/index.php?rest_route=\/wp\/v2\/posts\/9800"}],"collection":[{"href":"https:\/\/granadacostaglobal.es\/index.php?rest_route=\/wp\/v2\/posts"}],"about":[{"href":"https:\/\/granadacostaglobal.es\/index.php?rest_route=\/wp\/v2\/types\/post"}],"author":[{"embeddable":true,"href":"https:\/\/granadacostaglobal.es\/index.php?rest_route=\/wp\/v2\/users\/1"}],"replies":[{"embeddable":true,"href":"https:\/\/granadacostaglobal.es\/index.php?rest_route=%2Fwp%2Fv2%2Fcomments&post=9800"}],"version-history":[{"count":0,"href":"https:\/\/granadacostaglobal.es\/index.php?rest_route=\/wp\/v2\/posts\/9800\/revisions"}],"wp:featuredmedia":[{"embeddable":true,"href":"https:\/\/granadacostaglobal.es\/index.php?rest_route=\/"}],"wp:attachment":[{"href":"https:\/\/granadacostaglobal.es\/index.php?rest_route=%2Fwp%2Fv2%2Fmedia&parent=9800"}],"wp:term":[{"taxonomy":"category","embeddable":true,"href":"https:\/\/granadacostaglobal.es\/index.php?rest_route=%2Fwp%2Fv2%2Fcategories&post=9800"},{"taxonomy":"post_tag","embeddable":true,"href":"https:\/\/granadacostaglobal.es\/index.php?rest_route=%2Fwp%2Fv2%2Ftags&post=9800"}],"curies":[{"name":"wp","href":"https:\/\/api.w.org\/{rel}","templated":true}]}}