{"id":973,"date":"2015-04-23T15:02:40","date_gmt":"2015-04-23T15:02:40","guid":{"rendered":"http:\/\/granadacosta.es\/?p=973"},"modified":"2015-04-23T15:02:40","modified_gmt":"2015-04-23T15:02:40","slug":"antonio-sanz-la-epa-del-primer-trimestre-confirma-que-el-crecimiento-economico-se-esta-transformando-en-empleo","status":"publish","type":"post","link":"https:\/\/granadacostaglobal.es\/?p=973","title":{"rendered":"Antonio Sanz: \u201cLa EPA del primer trimestre confirma que el crecimiento econ\u00f3mico se est\u00e1 transformando en empleo\u201d"},"content":{"rendered":"<ul>\n<li><strong>El delegado del Gobierno considera que los datos son \u201cuna buena noticia\u201d para Andaluc\u00eda, aunque hay que seguir trabajando para acortar las distancias con el resto de Espa\u00f1a <\/strong><\/li>\n<\/ul>\n<p><strong><span style=\"text-decoration: underline;\">\u00a0<\/span><\/strong><\/p>\n<p><strong><span style=\"text-decoration: underline;\">Sevilla, 23 de abril de 2014.<\/span><\/strong> El delegado del Gobierno en Andaluc\u00eda, Antonio Sanz, ha calificado hoy la Encuesta de Poblaci\u00f3n Activa del primer trimestre como \u201cuna buena noticia para Andaluc\u00eda\u201d, que confirma que las medidas del Gobierno de Mariano Rajoy est\u00e1n dando resultados y que \u201cel crecimiento econ\u00f3mico se est\u00e1 transformando en creaci\u00f3n de empleo\u201d.<\/p>\n<p>Sanz ha se\u00f1alado que la mejora registrada en los tres primeros meses del a\u00f1o en el empleo andaluz en relaci\u00f3n con el trimestre anterior, con 36.000 parados menos (un -2,62%), es \u201cm\u00e1s destacable si cabe si se tiene en cuenta que el primer trimestre siempre es malo para el empleo desde el punto de vista estacional\u201d, lo que indica que \u201cestamos en el camino correcto, con una tendencia a la creaci\u00f3n de empleo sostenida durante el \u00faltimo a\u00f1o y que va a mejorar y a continuar\u201d.<\/p>\n<p>El delegado del Gobierno considera que, pese a los buenos datos de esta \u00faltima EPA, \u201cqueda a\u00fan mucho por hacer, especialmente en Andaluc\u00eda, que sigue a la cabeza del paro en Europa entre un total de 272 regiones, seg\u00fan el informe de Euroestat que conocimos ayer mismo\u201d.<\/p>\n<p>En este sentido, ha recordado que en la Comunidad Aut\u00f3noma hay todav\u00eda 1.359.100 desempleados y\u00a0 la tasa de paro se sit\u00faa en el 33,62 por ciento, casi diez puntos por encima de la tasa espa\u00f1ola (23,78%), \u201clo que debe animarnos a trabajar todos juntos en las reformas necesarias y nuevas medidas de apoyo a los emprendedores para acortar la distancia que a\u00fan nos separa del resto de Espa\u00f1a y de Europa en materia de empleo\u201d.<\/p>\n<p>El delegado se ha referido, concretamente, a la necesidad de \u201ctrabajar con intensidad para reducir el desempleo juvenil\u201d y ha recordado que, gracias a la labor de la ministra de Empleo, F\u00e1tima B\u00e1\u00f1ez y el presidente del Gobierno, Mariano Rajoy, Espa\u00f1a recibir\u00e1 cerca de 1.900 millones de euros para implantar la Garant\u00eda Juvenil, de los que se destinan a Andaluc\u00eda casi 462 millones, el 24,4 por ciento del total nacional.<\/p>\n","protected":false},"excerpt":{"rendered":"<p>El delegado del Gobierno considera que los datos son \u201cuna buena noticia\u201d para Andaluc\u00eda, aunque hay que seguir trabajando para&hellip;<\/p>\n","protected":false},"author":2,"featured_media":974,"comment_status":"open","ping_status":"open","sticky":false,"template":"","format":"standard","meta":{"om_disable_all_campaigns":false,"_mi_skip_tracking":false,"_monsterinsights_sitenote_active":false,"_monsterinsights_sitenote_note":"","_monsterinsights_sitenote_category":0,"footnotes":""},"categories":[21,22],"tags":[],"aioseo_notices":[],"_links":{"self":[{"href":"https:\/\/granadacostaglobal.es\/index.php?rest_route=\/wp\/v2\/posts\/973"}],"collection":[{"href":"https:\/\/granadacostaglobal.es\/index.php?rest_route=\/wp\/v2\/posts"}],"about":[{"href":"https:\/\/granadacostaglobal.es\/index.php?rest_route=\/wp\/v2\/types\/post"}],"author":[{"embeddable":true,"href":"https:\/\/granadacostaglobal.es\/index.php?rest_route=\/wp\/v2\/users\/2"}],"replies":[{"embeddable":true,"href":"https:\/\/granadacostaglobal.es\/index.php?rest_route=%2Fwp%2Fv2%2Fcomments&post=973"}],"version-history":[{"count":0,"href":"https:\/\/granadacostaglobal.es\/index.php?rest_route=\/wp\/v2\/posts\/973\/revisions"}],"wp:featuredmedia":[{"embeddable":true,"href":"https:\/\/granadacostaglobal.es\/index.php?rest_route=\/"}],"wp:attachment":[{"href":"https:\/\/granadacostaglobal.es\/index.php?rest_route=%2Fwp%2Fv2%2Fmedia&parent=973"}],"wp:term":[{"taxonomy":"category","embeddable":true,"href":"https:\/\/granadacostaglobal.es\/index.php?rest_route=%2Fwp%2Fv2%2Fcategories&post=973"},{"taxonomy":"post_tag","embeddable":true,"href":"https:\/\/granadacostaglobal.es\/index.php?rest_route=%2Fwp%2Fv2%2Ftags&post=973"}],"curies":[{"name":"wp","href":"https:\/\/api.w.org\/{rel}","templated":true}]}}