{"id":9614,"date":"2017-01-04T08:57:15","date_gmt":"2017-01-04T08:57:15","guid":{"rendered":"http:\/\/granadacostanacional.es\/?p=9614"},"modified":"2017-01-04T08:57:15","modified_gmt":"2017-01-04T08:57:15","slug":"presentacion-de-la-novela-a-ti-yolanda-de-la-autora-tony-castillo","status":"publish","type":"post","link":"https:\/\/granadacostaglobal.es\/?p=9614","title":{"rendered":"Presentaci\u00f3n de la novela &#8220;A ti Yolanda&#8221; de la autora To\u00f1y Castillo"},"content":{"rendered":"<h4><strong>La escritora To\u00f1y Castillo presenta su \u00faltimo libro el pr\u00f3ximo 14 de enero\u00a02017 a las 19:00 horas \u00a0en el Palacio del Intendente Olavide, La Carolina, Ja\u00e9n.<\/strong><\/h4>\n<p>La escritora To\u00f1y Castillo presenta su \u00faltimo libro, la novela <strong>\u2018A ti Yolanda\u2019<\/strong>, el pr\u00f3ximo <strong>14 de enero 2017<\/strong> a las<strong> 19:00 horas <\/strong> en el<strong> Palacio del Intendente Olavide<\/strong>. La autora ha elegido nuestro municipio, dentro de su recorrido por diferentes puntos de la geograf\u00eda nacional, porque mantiene v\u00ednculos familiares con la ciudad. En la presentaci\u00f3n, adem\u00e1s de esbozar algunas l\u00edneas generales sobre esta obra, relatar\u00e1 otras experiencias relacionadas con sus anteriores libros.<\/p>\n<p>Finalizado el acto de presentaci\u00f3n se obsequiar\u00e1 a todos los asistentes con una copa de vino<\/p>\n<p>To\u00f1y Castillo es responsable del Aula Hospitalaria del Hospital Universitario Arnau de Vilanova, dirige tambi\u00e9n un gabinete de asesor\u00eda psicopedag\u00f3gica y es directora adjunta del peri\u00f3dico Granada Costa en Catalu\u00f1a.Ha colaborado con diferentes medios de comunicaci\u00f3n y tiene una extensa obra como escritora de cuentos, relatos y materiales educativos para dar a conocer c\u00f3mo determinadas enfermedades, como la diabetes, afectan a la infancia. Tiene en su haber diferentes premios y distinciones tanto por su labor como psicopedagoga.<\/p>\n<p>\u2018A ti Yolanda\u2019 propone un viaje por la vida, en el que las emociones se entremezclan, creando un paisaje de situaciones cotidianas. Se trata de una historia sobre el amor y sus tiempos. La autora ha dedicado 10 a\u00f1os a esta obra que escudri\u00f1a las relaciones humanas y, en particular, la vida de la protagonista, una mujer que se debate entre dos hombres.<\/p>\n<p>&nbsp;<\/p>\n<p>La escritora y doctora <strong>To\u00f1y Castillo Mel\u00e9ndez<\/strong> es natural de Ceuta pero vive en L\u00e9rida desde la edad de 13 a\u00f1os. Dos ciudades que marcan impronta tanto en su persona como en sus textos.<\/p>\n<p>Concluidos sus estudios de Magisterio se especializ\u00f3 en Pedagog\u00eda Terap\u00e9utica, Licenci\u00e1ndose con posteridad en Humanidades, actualmente es Doctora por la Universidad de Lleida, Responsable del Aula Hospitalaria Dr. Antoni Cambrodi del Hospital Universitario Arnau de Vilanova y Directora de la Asesor\u00eda Psicopedag\u00f3gica Dra Castillo. Dando clases de master y posgrados en la Universidad de enfermer\u00eda de Lleida y la\u00a0 Facultad de pedagog\u00eda de la Universidad Central de Barcelona.<\/p>\n<p>Colaboradora en diversos medios de comunicaci\u00f3n, radio, tv y prensa, dedica parte de sus obra a escribir cuentos y elaborar materiales educativos para ayudar a conocer las patolog\u00edas a ni\u00f1os\/as, tales como el proyecto \u201cNosotros y la Diabetes I y II.<\/p>\n<p>Colecciones como\u00a0 la sonrisa escondida para ni\u00f1os de\u00a0 a 5 a\u00f1os con diabetes\u00a0 o su colecci\u00f3n :Cuentos a la Luna, entre ellos: \u201cLa maleta m\u00e1gica, para ni\u00f1os con c\u00e1ncer, \u00a0Todos somos \u00c1ngeles, donde trata duelo, \u00a0El pergamino del romano, La ciudad de las escaleras, La joven del paraguas, El caft\u00e1n de la capitana, El puesto de Concha, El regalo de Mar\u00eda \u201cEl jard\u00edn de los sue\u00f1os\u201d \u201cSacos de semillas\u201d \u201c La se\u00f1al Azul&#8221; &#8220;La meta es el camino a seguir&#8221; &#8220;Desde la biblioteca se ve la Luna&#8221;.<\/p>\n<p>Todos ellos con finalidades terap\u00e9uticas o did\u00e1cticas educativas. O mencionaremos su \u00faltimo cuento. Nieva en el Mar, que ya nace con la finalidad de aportar el 100 por 100 de los beneficios a las aulas existentes en los hospitales de toda Espa\u00f1a para los ni\u00f1os enfermos y su proceso educativo. Desde el Proyecto Cultural Granada Costa.<\/p>\n<p>Colaboraciones desde la psicolog\u00eda o la medicina, \u201ccomo v\u00ednculo afectivo o prevenci\u00f3n de malos tratos en la infancia\u201d O Libros de relatos como \u201cA orilla de mis mares.<\/p>\n<p>To\u00f1y fue elegida en 2008 la escritora para fomentar la lectura en los centros educativos de Ceuta, con su cuento: La mujer siempre viva. As\u00ed como el 2014 por el mismo motivo para escribir sobre ni\u00f1os con d\u00e9ficit de atenci\u00f3n e hiperactividad.<\/p>\n<p>Entre sus premios destacaremos entre otros:<\/p>\n<ul>\n<li>\u201cLo Marraco\u201d de la ciudad de Lleida, al mejor proyecto a favor de la promoci\u00f3n social y derechos de los ni\u00f1os y adolescentes.<\/li>\n<li>Premio de Pedagog\u00eda \u201cRosa Sensat al programa de radio la PISSARRA del Com Radio Catalunya\u201d, del cual form\u00f3 parte como equipo.<\/li>\n<li>Premio Organizaci\u00f3n y Gesti\u00f3n de Centros Educativos del F\u00f2rum d\u2019administrador de l\u2019Educaci\u00f3 Catalunya.<\/li>\n<li>Premio DIM, Buenas Pr\u00e1cticas Did\u00e1cticas con Apoyos Multimedia.<\/li>\n<li>Tercer premio Cucalocum.<\/li>\n<li>Segundo Premio Poes\u00eda Balc\u00f3n Po\u00e9tico Andaluz Casa de Andaluc\u00eda en L\u00e9rida.<\/li>\n<li>Primer Premio de Narrativa Casa de Ceuta en Barcelona<\/li>\n<li>Premio al mejor relato local: cuentos de la laguna. Berrueco<\/li>\n<li>Premio relato corto Villa de Madrid por Granada Costa, O finalista en el Primer certamen de la Rioja.<\/li>\n<li>Galard\u00f3n de Honor en Educaci\u00f3n Diabetologica.<\/li>\n<li>Galard\u00f3n Gran Persona de la Ciudad de\u00a0 Lleida<\/li>\n<li>Premio Blas Infante de la Casa de Andaluc\u00eda de Lleida.<\/li>\n<li>Reconocimiento del Ayuntamiento de la Guardia Ja\u00e9n, en el D\u00eda de la Mujer a la Trayectoria Laboral y calidad humana.<\/li>\n<li>Madrina de la Promoci\u00f3n 2015 de los alumnos de Ciclo Superior de las diversas especialidades en el INS Ronda.<\/li>\n<li>Pregonera de las Fiestas de Molvizar en Honor a Santa Ana 2015.<\/li>\n<li>Medalla de Oro al Trabajo Cultural 2015. Por Granada Costa.<\/li>\n<\/ul>\n<p>En la actualidad colabora con diversas asociaciones en favor de los derechos de los ni\u00f1os siendo miembro de ACIM en prevenci\u00f3n de la infancia\u00a0 que sufre maltratos.<\/p>\n<p>Colaborando con revistas cient\u00edfica, estando pendiente de sus \u00faltimos Trabajos sobre ni\u00f1os y necesidades educativas en periodos de enfermedad y cuentoterapia \u00a0que se publicaran en Espa\u00f1a y Centro Am\u00e9rica, \u00a0en este mes<\/p>\n<p>As\u00ed mismo, es colaboradora del proyecto \u201cal lado \u201c de la Consejer\u00eda de Salud de la junta de Andaluc\u00eda, y miembro de diferentes asociaciones Internacionales como:\u00a0 la Asociaci\u00f3n de Pedagogos de hospitales de Europa o miembro del F\u00f2rum de Administradores de la Educaci\u00f3n en Europa.<\/p>\n<p>Siendo la directora adjunta para Catalu\u00f1a del Proyecto Cultural Granada Costa, as\u00ed como, la Delegada Nacional para las Aulas Hospitalarias.<\/p>\n<p>Pero sobre todo me gusta mi trabajo, que es estar en el hospital junto a los ni\u00f1os que en momentos de su vida necesitan atenci\u00f3n y cari\u00f1o<\/p>\n","protected":false},"excerpt":{"rendered":"<p>La escritora To\u00f1y Castillo presenta su \u00faltimo libro el pr\u00f3ximo 14 de enero\u00a02017 a las 19:00 horas \u00a0en el Palacio&hellip;<\/p>\n","protected":false},"author":2,"featured_media":9615,"comment_status":"open","ping_status":"open","sticky":false,"template":"","format":"standard","meta":{"om_disable_all_campaigns":false,"_mi_skip_tracking":false,"_monsterinsights_sitenote_active":false,"_monsterinsights_sitenote_note":"","_monsterinsights_sitenote_category":0,"footnotes":""},"categories":[21,22],"tags":[],"aioseo_notices":[],"_links":{"self":[{"href":"https:\/\/granadacostaglobal.es\/index.php?rest_route=\/wp\/v2\/posts\/9614"}],"collection":[{"href":"https:\/\/granadacostaglobal.es\/index.php?rest_route=\/wp\/v2\/posts"}],"about":[{"href":"https:\/\/granadacostaglobal.es\/index.php?rest_route=\/wp\/v2\/types\/post"}],"author":[{"embeddable":true,"href":"https:\/\/granadacostaglobal.es\/index.php?rest_route=\/wp\/v2\/users\/2"}],"replies":[{"embeddable":true,"href":"https:\/\/granadacostaglobal.es\/index.php?rest_route=%2Fwp%2Fv2%2Fcomments&post=9614"}],"version-history":[{"count":0,"href":"https:\/\/granadacostaglobal.es\/index.php?rest_route=\/wp\/v2\/posts\/9614\/revisions"}],"wp:featuredmedia":[{"embeddable":true,"href":"https:\/\/granadacostaglobal.es\/index.php?rest_route=\/"}],"wp:attachment":[{"href":"https:\/\/granadacostaglobal.es\/index.php?rest_route=%2Fwp%2Fv2%2Fmedia&parent=9614"}],"wp:term":[{"taxonomy":"category","embeddable":true,"href":"https:\/\/granadacostaglobal.es\/index.php?rest_route=%2Fwp%2Fv2%2Fcategories&post=9614"},{"taxonomy":"post_tag","embeddable":true,"href":"https:\/\/granadacostaglobal.es\/index.php?rest_route=%2Fwp%2Fv2%2Ftags&post=9614"}],"curies":[{"name":"wp","href":"https:\/\/api.w.org\/{rel}","templated":true}]}}