{"id":9602,"date":"2017-01-02T16:28:49","date_gmt":"2017-01-02T16:28:49","guid":{"rendered":"http:\/\/granadacostanacional.es\/?p=9602"},"modified":"2017-01-02T16:28:49","modified_gmt":"2017-01-02T16:28:49","slug":"granada-costa-convoca-el-iii-certamen-de-relato-ciudad-de-madrid-relatos-cuyos-argumentos-reales-o-novelados-y-sus-personajes-tengan-por-escenario-madrid-o-sus-entornos-2","status":"publish","type":"post","link":"https:\/\/granadacostaglobal.es\/?p=9602","title":{"rendered":"GRANADA COSTA CONVOCA EL III CERTAMEN DE RELATO \u201cCIUDAD DE MADRID\u201d RELATOS CUYOS ARGUMENTOS REALES O NOVELADOS, Y SUS PERSONAJES TENGAN POR ESCENARIO MADRID O SUS ENTORNOS."},"content":{"rendered":"<p style=\"background: white;\"><span style=\"font-size: 13.5pt; font-family: 'Arial',sans-serif; color: #444444;\">1- Podr\u00e1n participar todos los escritores de Granada Costa que lo deseen con un solo relato (escrito en castellano). El tema estar\u00e1 ambientado en la ciudad de Madrid.<\/span><\/p>\n<p style=\"background: white;\"><span style=\"font-size: 13.5pt; font-family: 'Arial',sans-serif; color: #444444;\">2- El relato deber\u00e1 ser in\u00e9dito y escrito en formato DIN A4 por quintuplicado y a doble espacio, por una sola cara con un m\u00ednimo de 10 p\u00e1ginas y un m\u00e1ximo de 30.<\/span><\/p>\n<p style=\"background: white;\"><span style=\"font-size: 13.5pt; font-family: 'Arial',sans-serif; color: #444444;\">3- Cada autor presentar\u00e1 un solo trabajo que ser\u00e1 firmado con pseud\u00f3nimo, el cual figurar\u00e1 en la cara exterior del sobre cerrado, en cuyo interior deber\u00e1 ir el nombre y direcci\u00f3n del autor\/a adem\u00e1s de un certificado que acredite que el trabajo es in\u00e9dito, n\u00famero de tel\u00e9fono y correo electr\u00f3nico.<\/span><\/p>\n<p style=\"background: white;\"><span style=\"font-size: 13.5pt; font-family: 'Arial',sans-serif; color: #444444;\">4- Todos los trabajos deben remitirse a: Granada Costa. Avenida de Andaluc\u00eda, 18. 18611 Molv\u00edzar (Costa Tropical), Granada, (Espa\u00f1a).<\/span><\/p>\n<p style=\"background: white;\"><span style=\"font-size: 13.5pt; font-family: 'Arial',sans-serif; color: #444444;\">5- Premios: Primer premio consistir\u00e1 en la edici\u00f3n de un libro de las siguientes caracter\u00edsticas 17 x 24 cm, en blanco y negro m\u00e1s portada a color donde figurar\u00e1 el relato ganador y los cuatro finalistas, para la edici\u00f3n del libro y diploma a los cuatro finalistas.<\/span><\/p>\n<p style=\"background: white;\"><span style=\"font-size: 13.5pt; font-family: 'Arial',sans-serif; color: #444444;\">6- El ganador del primer premio recibir\u00e1 100 ejemplares del mismo y los cuatro finalistas 50 ejemplares cada uno.<\/span><\/p>\n<p style=\"background: white;\"><span style=\"font-size: 13.5pt; font-family: 'Arial',sans-serif; color: #444444;\">7-\u00a0El d\u00eda 1 de Septiembre de 2017 finalizar\u00e1 el plazo de admisi\u00f3n de los trabajos.<\/span><\/p>\n<p style=\"background: white;\"><span style=\"font-size: 13.5pt; font-family: 'Arial',sans-serif; color: #444444;\">8- El fallo del jurado se har\u00e1 p\u00fablico el d\u00eda 30 de Septiembre de 2017. El premio se entregar\u00e1 \u00a0en el circuito Cultural de los d\u00edas 14 al 17de Diciembre de 2017 en el Hotel Helios de Almu\u00f1ecar, Costa tropical de Europa.<\/span><\/p>\n<p style=\"background: white;\"><span style=\"font-size: 13.5pt; font-family: 'Arial',sans-serif; color: #444444;\">9-\u00a0El fallo ser\u00e1 inapelable quedando las obras premiadas en propiedad de Granada Costa reserv\u00e1ndose el derecho de editarla o difundirla en cualquier medio de comunicaci\u00f3n que considere oportuno. Las no premiadas ser\u00e1n destruidas.<\/span><\/p>\n<p style=\"background: white;\"><span style=\"font-size: 13.5pt; font-family: 'Arial',sans-serif; color: #444444;\">10- Los\/las ganadores\/ras se comprometen a asistir al Circuito Cultural Granada Costa de diciembre 2017.<\/span><\/p>\n<p style=\"background: white;\"><span style=\"font-size: 13.5pt; font-family: 'Arial',sans-serif; color: #444444;\">11- El jurado estar\u00e1 presidido por Don Jos\u00e9 Segura Haro y cinco vocales de reconocido prestigio literario de diferentes provincias de Espa\u00f1a, que ser\u00e1n los encargados de puntuar las obras recibidas.<\/span><\/p>\n<p style=\"background: white;\"><span style=\"font-size: 13.5pt; font-family: 'Arial',sans-serif; color: #444444;\">12- Este Certamen est\u00e1 patrocinado por Conde de Hubrite.<\/span><\/p>\n","protected":false},"excerpt":{"rendered":"<p>1- Podr\u00e1n participar todos los escritores de Granada Costa que lo deseen con un solo relato (escrito en castellano). El&hellip;<\/p>\n","protected":false},"author":2,"featured_media":3699,"comment_status":"open","ping_status":"open","sticky":false,"template":"","format":"standard","meta":{"om_disable_all_campaigns":false,"_mi_skip_tracking":false,"_monsterinsights_sitenote_active":false,"_monsterinsights_sitenote_note":"","_monsterinsights_sitenote_category":0,"footnotes":""},"categories":[21,22],"tags":[],"aioseo_notices":[],"_links":{"self":[{"href":"https:\/\/granadacostaglobal.es\/index.php?rest_route=\/wp\/v2\/posts\/9602"}],"collection":[{"href":"https:\/\/granadacostaglobal.es\/index.php?rest_route=\/wp\/v2\/posts"}],"about":[{"href":"https:\/\/granadacostaglobal.es\/index.php?rest_route=\/wp\/v2\/types\/post"}],"author":[{"embeddable":true,"href":"https:\/\/granadacostaglobal.es\/index.php?rest_route=\/wp\/v2\/users\/2"}],"replies":[{"embeddable":true,"href":"https:\/\/granadacostaglobal.es\/index.php?rest_route=%2Fwp%2Fv2%2Fcomments&post=9602"}],"version-history":[{"count":0,"href":"https:\/\/granadacostaglobal.es\/index.php?rest_route=\/wp\/v2\/posts\/9602\/revisions"}],"wp:featuredmedia":[{"embeddable":true,"href":"https:\/\/granadacostaglobal.es\/index.php?rest_route=\/"}],"wp:attachment":[{"href":"https:\/\/granadacostaglobal.es\/index.php?rest_route=%2Fwp%2Fv2%2Fmedia&parent=9602"}],"wp:term":[{"taxonomy":"category","embeddable":true,"href":"https:\/\/granadacostaglobal.es\/index.php?rest_route=%2Fwp%2Fv2%2Fcategories&post=9602"},{"taxonomy":"post_tag","embeddable":true,"href":"https:\/\/granadacostaglobal.es\/index.php?rest_route=%2Fwp%2Fv2%2Ftags&post=9602"}],"curies":[{"name":"wp","href":"https:\/\/api.w.org\/{rel}","templated":true}]}}