{"id":952,"date":"2015-04-22T16:40:04","date_gmt":"2015-04-22T16:40:04","guid":{"rendered":"http:\/\/granadacosta.es\/?p=952"},"modified":"2015-04-22T16:40:04","modified_gmt":"2015-04-22T16:40:04","slug":"sanz-destaca-que-mas-de-87-000-jovenes-andaluces-se-han-beneficiado-de-la-estrategia-de-emprendimiento-y-empleo-joven","status":"publish","type":"post","link":"https:\/\/granadacostaglobal.es\/?p=952","title":{"rendered":"Sanz destaca que m\u00e1s de 87.000 j\u00f3venes andaluces se han beneficiado de la Estrategia de Emprendimiento y Empleo Joven"},"content":{"rendered":"<ul>\n<li><strong>Afirma que en diciembre de 2011 el desempleo juvenil en Andaluc\u00eda crec\u00eda a un ritmo del 14,2% anual y ahora se reduce al -2,2%<\/strong><\/li>\n<\/ul>\n<p><strong>\u00a0<\/strong><\/p>\n<ul>\n<li><strong>Se\u00f1ala que 68.532 andaluces se han beneficiado ya de la Tarifa Plana de 50 euros para nuevos aut\u00f3nomos<\/strong><\/li>\n<\/ul>\n<p><strong>\u00a0<\/strong><\/p>\n<p><strong><span style=\"text-decoration: underline;\">C\u00e1diz, 22 de abril de 2015.-<\/span><\/strong> El delegado del Gobierno en Andaluc\u00eda, Antonio Sanz, ha informado hoy que &#8220;la Estrategia de Emprendimiento y Empleo Joven ha ofrecido oportunidades laborales a un total de 87.044 j\u00f3venes&#8221; y que el desempleo juvenil, que en diciembre de 2011 crec\u00eda a un ritmo del 14,2 por ciento anual, ahora se reduce al 2,2 por ciento en Andaluc\u00eda&#8221;<\/p>\n<p>Sanz ha facilitado estos datos tras participar hoy en Cadiz en la inauguraci\u00f3n del VII Comit\u00e9 Sectorial de la UCCI, durante la que ha defendido \u201cun mayor protagonismo de los j\u00f3venes en la acci\u00f3n de gobierno para recuperar y generar confianza en la acci\u00f3n pol\u00edtica&#8221;. Igualmente, el delegado ha afirmado que &#8220;la pol\u00edtica de juventud debe ser integral&#8221; y que los j\u00f3venes &#8220;son nuestro compromiso de presente como base de un futuro mejor&#8221;.<\/p>\n<p><strong>Evoluci\u00f3n del empleo joven<\/strong><\/p>\n<p>Terminado el acto, el delegado ha explicado que \u201clos j\u00f3venes est\u00e1n liderando un cambio de tendencia del modelo de empleo, que camina hacia el emprendimiento y el autoempleo como salida efectiva el mundo laboral\u201d. Por ello, el Gobierno de Espa\u00f1a ha puesto en marcha la Estrategia de Emprendimiento y Empleo Joven (EEEJ), dotada con un presupuesto de 3.500 millones de euros y 100 medidas para promover el empleo juvenil.<\/p>\n<p>En este sentido, ha se\u00f1alado que \u201cla Tarifa Plana de 50 euros para nuevos aut\u00f3nomos ha beneficiado ya a 370.778 personas en Espa\u00f1a, 68.532 de ellas en Andaluc\u00eda\u201d y ha apuntado que \u201cun total de 16.169 andaluces han firmado ya el nuevo contrato indefinido de apoyo a emprendedores para pymes y aut\u00f3nomos\u201d.<\/p>\n<p>\u201cVamos en la direcci\u00f3n correcta, pero no estamos satisfechos y continuamos trabajando para que el desempleo juvenil en Espa\u00f1a se reduzca, al menos, hasta equipararse con el resto de la Uni\u00f3n Europea\u201d ha dicho Sanz, recordando que gracias a la labor de la ministra de Empleo, F\u00e1tima B\u00e1\u00f1ez y el presidente del Gobierno, Mariano Rajoy, Espa\u00f1a recibir\u00e1 cerca de 1.900 millones de euros para implantar la Garant\u00eda Juvenil, de los que a Andaluc\u00eda llegar\u00e1n casi de 462 millones, el 24,4 por ciento del total nacional.<\/p>\n<p>Sanz ha recordado, tambi\u00e9n, que Andaluc\u00eda ha recibido entre 2012 y 2015 m\u00e1s de 2.100 de euros del Estado para fomento del empleo esta legislatura y ha afirmado que \u201cuna gesti\u00f3n eficaz de los recursos es imprescindible para crear las mejores condiciones para generar empleo\u201d.<\/p>\n","protected":false},"excerpt":{"rendered":"<p>Afirma que en diciembre de 2011 el desempleo juvenil en Andaluc\u00eda crec\u00eda a un ritmo del 14,2% anual y ahora&hellip;<\/p>\n","protected":false},"author":2,"featured_media":953,"comment_status":"open","ping_status":"open","sticky":false,"template":"","format":"standard","meta":{"om_disable_all_campaigns":false,"_mi_skip_tracking":false,"_monsterinsights_sitenote_active":false,"_monsterinsights_sitenote_note":"","_monsterinsights_sitenote_category":0,"footnotes":""},"categories":[21,22],"tags":[],"aioseo_notices":[],"_links":{"self":[{"href":"https:\/\/granadacostaglobal.es\/index.php?rest_route=\/wp\/v2\/posts\/952"}],"collection":[{"href":"https:\/\/granadacostaglobal.es\/index.php?rest_route=\/wp\/v2\/posts"}],"about":[{"href":"https:\/\/granadacostaglobal.es\/index.php?rest_route=\/wp\/v2\/types\/post"}],"author":[{"embeddable":true,"href":"https:\/\/granadacostaglobal.es\/index.php?rest_route=\/wp\/v2\/users\/2"}],"replies":[{"embeddable":true,"href":"https:\/\/granadacostaglobal.es\/index.php?rest_route=%2Fwp%2Fv2%2Fcomments&post=952"}],"version-history":[{"count":0,"href":"https:\/\/granadacostaglobal.es\/index.php?rest_route=\/wp\/v2\/posts\/952\/revisions"}],"wp:featuredmedia":[{"embeddable":true,"href":"https:\/\/granadacostaglobal.es\/index.php?rest_route=\/"}],"wp:attachment":[{"href":"https:\/\/granadacostaglobal.es\/index.php?rest_route=%2Fwp%2Fv2%2Fmedia&parent=952"}],"wp:term":[{"taxonomy":"category","embeddable":true,"href":"https:\/\/granadacostaglobal.es\/index.php?rest_route=%2Fwp%2Fv2%2Fcategories&post=952"},{"taxonomy":"post_tag","embeddable":true,"href":"https:\/\/granadacostaglobal.es\/index.php?rest_route=%2Fwp%2Fv2%2Ftags&post=952"}],"curies":[{"name":"wp","href":"https:\/\/api.w.org\/{rel}","templated":true}]}}