{"id":949,"date":"2015-04-22T16:36:18","date_gmt":"2015-04-22T16:36:18","guid":{"rendered":"http:\/\/granadacosta.es\/?p=949"},"modified":"2015-04-22T16:36:18","modified_gmt":"2015-04-22T16:36:18","slug":"los-hosteleros-de-sierra-nevada-reciclan-mas-de-25-000-kilogramos-de-envases-de-vidrio-gracias-a-la-campana-llevada-a-cabo-por-la-diputacion-de-granada-y-ecovidrio","status":"publish","type":"post","link":"https:\/\/granadacostaglobal.es\/?p=949","title":{"rendered":"Los hosteleros de Sierra Nevada reciclan m\u00e1s de 25.000 kilogramos de envases de vidrio gracias a la campa\u00f1a llevada a cabo por la Diputaci\u00f3n de Granada y Ecovidrio"},"content":{"rendered":"<p><span style=\"text-decoration: underline;\">El vicepresidente segundo y diputado delegado de Medio Ambiente, Jos\u00e9 Robles, ha hecho entrega hoy de los galardones concedidos al restaurante La Antorcha, el trabajador de dicho establecimiento, Daniel Jim\u00e9nez, y la nadadora Mireia Belmonte<\/span><\/p>\n<p>La Diputaci\u00f3n de Granada y Ecovidrio han llevado a cabo una campa\u00f1a para el reciclado de vidrio en Sierra Nevada. Tras el \u00e9xito obtenido durante los meses de verano en Almu\u00f1\u00e9car, la Instituci\u00f3n Provincial se uni\u00f3 de nuevo con esta entidad sin \u00e1nimo de lucro para poner en marcha una nueva campa\u00f1a durante los meses de enero, febrero y marzo, destinada a hosteleros y visitantes de la estaci\u00f3n. Durante los tres meses de campa\u00f1a, los establecimientos participantes y el p\u00fablico en general, han logrado quintuplicar, con un total de 25.250 kilogramos de vidrio recuperado, la cifra de envases de vidrio reciclados respecto al mismo periodo del 2014 en el que se recuperaron 5.220 kilogramos de vidrio.<\/p>\n<p>Como colof\u00f3n de esta campa\u00f1a, el vicepresidente segundo y diputado delegado de Medio Ambiente, Jos\u00e9 Robles, ha entregado hoy los premios resultantes del concurso llevado a cabo durante la campa\u00f1a.<\/p>\n<p>El vicepresidente segundo se ha congratulado de que el reciclaje haya aumentado en un casi 400 por ciento en esta zona en el marco de \u201cuna campa\u00f1a magn\u00edfica\u201d que ha contado con la implicaci\u00f3n activa de los establecimientos.<\/p>\n<p>\u201cTengo que dar las gracias al Ayuntamiento de Monachil por permitirnos que en su t\u00e9rmino municipal se haya desarrollado la campa\u00f1a y, c\u00f3mo no, a Ecovidrio por apostar otra vez por Granada\u201d, ha se\u00f1alado Jos\u00e9 Robles que ha explicado que el fin de estas campa\u00f1as es \u201cconcienciar a trabajadores, propietarios y p\u00fablico en general de la importancia que tiene el reciclado de los envases de vidrio\u201d. Para ello desde la Diputaci\u00f3n de Granada \u201cpondremos todos los medios que est\u00e9n a nuestro alcance para facilitar a todos los ciudadanos esta labor tan sencilla como es depositar los envases de vidrio en el contenedor correspondiente\u201d, ha subrayado Robles en presencia del alcalde de Monachil, F\u00e9lix Rodr\u00edguez, y el gerente de zona de Ecovidrio, Jes\u00fas Guti\u00e9rrez.<\/p>\n<p>Para fomentar el reciclado de vidrio se han realizado tres sorteos de un viaje cada uno para dos personas, uno para los propietarios de los establecimientos, otro para los trabajadores y otro para el p\u00fablico visitante de la estaci\u00f3n.<\/p>\n<p>Los premios han reca\u00eddo en el restaurante La Antorcha, representado en el acto de hoy por Antonio Jim\u00e9nez Mart\u00ednez, y un empleado de dicho establecimiento, Daniel Jim\u00e9nez. Han resultado los ganadores de un viaje a Londres y un viaje a Roma, respectivamente, de cinco d\u00edas de duraci\u00f3n. Entre los participantes del p\u00fablico visitante de la estaci\u00f3n invernal de Sierra Nevada la nadadora profesional Mireia Belmonte ha sido la ganadora del viaje a Par\u00eds durante cinco d\u00edas. Por razones de agenda no ha podido asistir a la entrega de premios a la entrega de premios celebrada en el restaurante La Antorcha.<\/p>\n<p>Despu\u00e9s de llevar a cabo una serie de encuestas a los hosteleros de la estaci\u00f3n, adem\u00e1s de los doce contenedores tipo igl\u00fa existentes, se han instalado catorce contenedores m\u00e1s tipo VACRI y se han hecho entrega de m\u00e1s de setenta y ocho cubos con ruedas a los locales de hosteler\u00eda para facilitar el reciclaje de envases de vidrio a este sector.<\/p>\n<p>\u201cEstamos todos muy satisfechos de la buena acogida y la aceptaci\u00f3n que ha tenido la campa\u00f1a tanto entre los vecinos de Sierra Nevada como los negocios\u201d, ha indicado el alcalde de Monachil, F\u00e9lix Rodr\u00edguez, ante los resultados obtenidos contribuyendo a cuidar el \u201cmedio ambiente urbano\u201d en este enclave lo cual \u201cayuda much\u00edsimo a la buena imagen de cara al turismo y a la marca tur\u00edstica de Monachil y Sierra Nevada\u201d.<\/p>\n<p>Tambi\u00e9n ha remarcado el gerente de zona de Ecovidrio, Jes\u00fas Guti\u00e9rrez, la buena marcha de esta campa\u00f1a que \u201cfue una apuesta por Sierra Nevada\u201d cuyos resultados \u201chan superado nuestras expectativas\u201d. \u201cEs un entorno que ya se presta a cuidar el medio ambiente\u201d lo cual \u201cha quedado reflejado en el compromiso que han tenido los hosteleros, en este caso, que han participado en la campa\u00f1a que han sido casi todos\u201d, ha explicado Guti\u00e9rrez.<\/p>\n<p>La campa\u00f1a se ha desarrollado en tres fases entre los meses de enero y marzo. En la primera etapa, se han repartido a cada uno de los cincuenta y ocho locales participantes material de recogida adaptado a sus necesidades. En total se han hecho entrega de m\u00e1s de setenta cubos con ruedas, para facilitar la labor de reciclaje, adem\u00e1s de instalar catorce contenedores VACRI vinilados con motivos relacionados con el mundo del esqu\u00ed, en zonas pr\u00f3ximas a los establecimientos. Estos contenedores dise\u00f1ados para facilitar la recogida del sector HORECA (hoteles, restaurantes y cafeter\u00edas) disponen de una boca m\u00e1s ancha y un sistema de elevaci\u00f3n hidr\u00e1ulica que permite reciclar grandes cantidades de vidrio como las generadas en este sector.<\/p>\n<p>En las siguientes fases, se activ\u00f3 un seguimiento para ver la evoluci\u00f3n de los h\u00e1bitos de reciclaje de vidrio de cada local y una campa\u00f1a de animaci\u00f3n los fines de semana para motivarles a que continuaran depositando el vidrio en el contenedor verde. Adem\u00e1s, para incentivar la recogida de vidrio se ofrecieron obsequios a los hosteleros y se realiz\u00f3 un concurso en Instagram #ensierranevadatocareciclar con la colaboraci\u00f3n de la esquiadora acrob\u00e1tica profesional, Reyes Santa Olalla.<\/p>\n","protected":false},"excerpt":{"rendered":"<p>El vicepresidente segundo y diputado delegado de Medio Ambiente, Jos\u00e9 Robles, ha hecho entrega hoy de los galardones concedidos al&hellip;<\/p>\n","protected":false},"author":2,"featured_media":950,"comment_status":"open","ping_status":"open","sticky":false,"template":"","format":"standard","meta":{"om_disable_all_campaigns":false,"_mi_skip_tracking":false,"_monsterinsights_sitenote_active":false,"_monsterinsights_sitenote_note":"","_monsterinsights_sitenote_category":0,"footnotes":""},"categories":[21,22],"tags":[],"aioseo_notices":[],"_links":{"self":[{"href":"https:\/\/granadacostaglobal.es\/index.php?rest_route=\/wp\/v2\/posts\/949"}],"collection":[{"href":"https:\/\/granadacostaglobal.es\/index.php?rest_route=\/wp\/v2\/posts"}],"about":[{"href":"https:\/\/granadacostaglobal.es\/index.php?rest_route=\/wp\/v2\/types\/post"}],"author":[{"embeddable":true,"href":"https:\/\/granadacostaglobal.es\/index.php?rest_route=\/wp\/v2\/users\/2"}],"replies":[{"embeddable":true,"href":"https:\/\/granadacostaglobal.es\/index.php?rest_route=%2Fwp%2Fv2%2Fcomments&post=949"}],"version-history":[{"count":0,"href":"https:\/\/granadacostaglobal.es\/index.php?rest_route=\/wp\/v2\/posts\/949\/revisions"}],"wp:featuredmedia":[{"embeddable":true,"href":"https:\/\/granadacostaglobal.es\/index.php?rest_route=\/"}],"wp:attachment":[{"href":"https:\/\/granadacostaglobal.es\/index.php?rest_route=%2Fwp%2Fv2%2Fmedia&parent=949"}],"wp:term":[{"taxonomy":"category","embeddable":true,"href":"https:\/\/granadacostaglobal.es\/index.php?rest_route=%2Fwp%2Fv2%2Fcategories&post=949"},{"taxonomy":"post_tag","embeddable":true,"href":"https:\/\/granadacostaglobal.es\/index.php?rest_route=%2Fwp%2Fv2%2Ftags&post=949"}],"curies":[{"name":"wp","href":"https:\/\/api.w.org\/{rel}","templated":true}]}}