{"id":9381,"date":"2016-12-12T08:58:16","date_gmt":"2016-12-12T08:58:16","guid":{"rendered":"http:\/\/granadacostanacional.es\/?p=9381"},"modified":"2016-12-12T08:58:16","modified_gmt":"2016-12-12T08:58:16","slug":"entrega-de-los-x-premios-de-poesia-amigos-de-la-herradura","status":"publish","type":"post","link":"https:\/\/granadacostaglobal.es\/?p=9381","title":{"rendered":"ENTREGA DE LOS X PREMIOS DE POES\u00cdA  AMIGOS DE LA HERRADURA"},"content":{"rendered":"<p><a href=\"http:\/\/granadacostanacional.es\/wp-content\/uploads\/2016\/12\/Laura-con-cartel.jpg\"><img decoding=\"async\" loading=\"lazy\" class=\"alignnone wp-image-9382\" src=\"http:\/\/granadacostanacional.es\/wp-content\/uploads\/2016\/12\/Laura-con-cartel-300x261.jpg\" alt=\"Laura con cartel\" width=\"462\" height=\"402\" \/><\/a><\/p>\n<p><em>Laura Z\u00e1rraga con el cartel anunciador de los premios<\/em><\/p>\n<p>El d\u00eda 7 de diciembre, en el escenario de la sala Magna del Centro C\u00edvico de La Herradura, tuvo lugar la entrega de Premios de Poes\u00eda 2016.<\/p>\n<p>Asisti\u00f3 al acto la Concejala de Cultura, Olga Ruano, el Teniente Alcalde, Juan Jos\u00e9 Ruiz, \u00c1lvaro Salvador Jofre, poeta, miembro de la Academia \u00a0de Buenas letras de Granada y ex director del seminario de Estudios latinoamericanos de la Universidad de Granada. As\u00ed mismo, acudieron a la entrega el escritor Reinaldo Jim\u00e9nez Morales, la Presidenta del Centro C\u00edvico, Concepci\u00f3n Cac\u00edn y el distinguido colaborador del certamen,Paco Alaminos.<\/p>\n<p><a href=\"http:\/\/granadacostanacional.es\/wp-content\/uploads\/2016\/12\/Paulino-\u00c1lvarez.jpg\"><img decoding=\"async\" loading=\"lazy\" class=\"alignnone wp-image-9383\" src=\"http:\/\/granadacostanacional.es\/wp-content\/uploads\/2016\/12\/Paulino-\u00c1lvarez-300x225.jpg\" alt=\"Paulino \u00c1lvarez\" width=\"528\" height=\"396\" \/><\/a><\/p>\n<p><em>Paulino \u00c1lvarez en su salutaci\u00f3n.<\/em><\/p>\n<p>Comenz\u00f3 el acto con un emocionado saludo de bienvenida del fundador, organizador y coordinador de los premios, Paulino \u00c1lvarez Gonz\u00e1lez, que tanto se ha esforzado para que en estos 10 a\u00f1os esta joya cultural de la Costa Tropical, como son estos premios, alcancen una positiva trayectoria y consoliden su buen ganado prestigio.<\/p>\n<p><a href=\"http:\/\/granadacostanacional.es\/wp-content\/uploads\/2016\/12\/Laura-Z\u00e1rraga.jpg\"><img decoding=\"async\" loading=\"lazy\" class=\"alignnone wp-image-9384\" src=\"http:\/\/granadacostanacional.es\/wp-content\/uploads\/2016\/12\/Laura-Z\u00e1rraga-300x225.jpg\" alt=\"Laura Z\u00e1rraga\" width=\"532\" height=\"399\" \/><\/a><\/p>\n<p><em>Laura Z\u00e1rraga, presentadora del espect\u00e1culo<\/em><\/p>\n<p>Se eligi\u00f3 para esta d\u00e9cima celebraci\u00f3n, como insigne presentadora, a la polifac\u00e9tica artista Laura Z\u00e1rraga que, como siempre, estuvo en todo el momento espl\u00e9ndida y anim\u00f3 con maestr\u00eda el grato espect\u00e1culo durante todas sus fases. Sus dotes trasmisoras, llenas de magnetismo po\u00e9tico y exquisito gusto esc\u00e9nico, magnificaron el \u00e9xito de los premios.<\/p>\n<p><a href=\"http:\/\/granadacostanacional.es\/wp-content\/uploads\/2016\/12\/Laura-en-acci\u00f3n.jpg\"><img decoding=\"async\" loading=\"lazy\" class=\"alignnone wp-image-9385\" src=\"http:\/\/granadacostanacional.es\/wp-content\/uploads\/2016\/12\/Laura-en-acci\u00f3n-300x184.jpg\" alt=\"Laura en acci\u00f3n\" width=\"618\" height=\"379\" \/><\/a><\/p>\n<p><em>Laura Z\u00e1rraga en plena interpretaci\u00f3n esc\u00e9nica<\/em><\/p>\n<p><a href=\"http:\/\/granadacostanacional.es\/wp-content\/uploads\/2016\/12\/Elena-Violinista.jpg\"><img decoding=\"async\" loading=\"lazy\" class=\"alignnone wp-image-9386\" src=\"http:\/\/granadacostanacional.es\/wp-content\/uploads\/2016\/12\/Elena-Violinista-300x136.jpg\" alt=\"Elena - Violinista\" width=\"717\" height=\"325\" \/><\/a><\/p>\n<p><em>La violinista rusa Elena Farkhutdinova<\/em><\/p>\n<p>Dentro de los artistas invitados, actu\u00f3 en primer lugar la gran violinista Elena Farkhutdinova, que encandil\u00f3 al numeroso p\u00fablico asistente con sus vibrantes interpretaciones.<\/p>\n<p>Posteriormente, el excelente guitarrista Jaime Ca\u00f1as Roldan, profesor del conservatorio granadino \u201c\u00c1ngel Barrios\u201d, nos deleit\u00f3 con obras del propio \u00c1ngel Barrios\u00a0 y unos mel\u00f3dicos arreglos sobre una ancestral danza cubana de origen africano.<\/p>\n<p><a href=\"http:\/\/granadacostanacional.es\/wp-content\/uploads\/2016\/12\/Jaime-Ca\u00f1as-Roldan.jpg\"><img decoding=\"async\" loading=\"lazy\" class=\"alignnone wp-image-9387\" src=\"http:\/\/granadacostanacional.es\/wp-content\/uploads\/2016\/12\/Jaime-Ca\u00f1as-Roldan-300x225.jpg\" alt=\"Jaime Ca\u00f1as Roldan\" width=\"584\" height=\"438\" \/><\/a><\/p>\n<p><em>Jaime Ca\u00f1as Roldan, maestro del conservatorio \u201c\u00c1ngel Barrios\u201d<\/em><\/p>\n<p>Ya, con la atm\u00f3sfera propicia para el verso, se leyeron los poemas ganadores y se entregaron los premios.<\/p>\n<p>Premio local:<\/p>\n<p>Rafael Garciolo de Haro, con su poema \u201cCantarrijan\u201d.<\/p>\n<p><a href=\"http:\/\/granadacostanacional.es\/wp-content\/uploads\/2016\/12\/Rafael-Garciolo.jpg\"><img decoding=\"async\" loading=\"lazy\" class=\"alignnone wp-image-9388\" src=\"http:\/\/granadacostanacional.es\/wp-content\/uploads\/2016\/12\/Rafael-Garciolo-300x225.jpg\" alt=\"Rafael Garciolo\" width=\"463\" height=\"347\" \/><\/a><\/p>\n<p><em>Rafael Garciolo de Haro, Premio Local<\/em><\/p>\n<p>Ganadora del primer premio:<\/p>\n<p>Sol Garc\u00eda de Herreros, residente en Segovia, con su obra titulada \u201cAll\u00ed Afuera\u201d.<\/p>\n<p><a href=\"http:\/\/granadacostanacional.es\/wp-content\/uploads\/2016\/12\/Sol-Garc\u00eda-de-Herreros.jpg\"><img decoding=\"async\" loading=\"lazy\" class=\"alignnone wp-image-9389\" src=\"http:\/\/granadacostanacional.es\/wp-content\/uploads\/2016\/12\/Sol-Garc\u00eda-de-Herreros-300x225.jpg\" alt=\"Sol Garc\u00eda de Herreros\" width=\"467\" height=\"350\" \/><\/a><\/p>\n<p><em>Sol Garc\u00eda de Herreros, ganadora del Primer Premio<\/em><\/p>\n<p>Este poema fue escrito el pasado mes de agosto en una cl\u00ednica de Madrid, mientras Sol cuidaba a una persona mayor a la que quer\u00eda mucho.<\/p>\n<p>Habla de la vida diaria, esa rutina que s\u00f3lo sabemos valorar cuando un suceso desgraciado nos aparta de ella.<\/p>\n<p>&nbsp;<\/p>\n<p><strong>All\u00ed fuera<\/strong><\/p>\n<p>Desde los hospitales<\/p>\n<p>se ve fuera la vida.<\/p>\n<p>&nbsp;<\/p>\n<p>Serpentea en\u00a0 los \u00e1lamos y sauces orgullosos<\/p>\n<p>y en bancos de madera cargados de \u201cte quieros\u201d,<\/p>\n<p>en nubes que dibujan delfines y ambulancias<\/p>\n<p>y en patos mal criados\u00a0 \u00a0en r\u00edos de ciudad.<\/p>\n<p>&nbsp;<\/p>\n<p>All\u00ed fuera\u2026<\/p>\n<p>&nbsp;<\/p>\n<p>All\u00ed fuera palpita todo lo que aqu\u00ed muere<\/p>\n<p>y el aire huele a aire y a jazmines y a coches,<\/p>\n<p>el tiempo es esa prisa\u00a0 que aparca en doble fila,<\/p>\n<p>lo que dura el cigarro culpable de los m\u00e9dicos.<\/p>\n<p>El tiempo \u00a0tiene un ritmo an\u00e1rquico -all\u00ed fuera-<\/p>\n<p>ajeno a los metr\u00f3nomos \u00a0\u00a0implacables del miedo.<\/p>\n<p>&nbsp;<\/p>\n<p>Pasa por la avenida un chico en bicicleta<\/p>\n<p>llevando en su mochila\u00a0 una salud de hierro<\/p>\n<p>y el verano salpica la calle de desidia<\/p>\n<p>y un tren \u00a0huye impasible a un sitio sin dolor.<\/p>\n<p>&nbsp;<\/p>\n<p>All\u00ed fuera\u2026<\/p>\n<p>&nbsp;<\/p>\n<p>All\u00ed fuera la vida es otra cosa<\/p>\n<p>-inabarcable, c\u00e1lida, rotunda-<\/p>\n<p>que no nos pertenece a los de dentro,<\/p>\n<p>que nos est\u00e1 vedada sin culpa ni delito<\/p>\n<p>con el f\u00e9rreo y sutil grillete del gotero.<\/p>\n<p>&nbsp;<\/p>\n<p>Por eso la observamos detr\u00e1s de la ventana<\/p>\n<p>como peces que atisban el oc\u00e9ano<\/p>\n<p>pegados al cristal de su pecera<\/p>\n<p>&nbsp;<\/p>\n<p>En la entrevista que mantuve con la ganadora del primer premio,<\/p>\n<p>Sol Garc\u00eda de Herreros, me comunic\u00f3 la gran admiraci\u00f3n que profesaba a Jorge Luis Borges y a los poetas Mu\u00f1oz Molina, Miguel Hern\u00e1ndez, \u00c1ngel Gonz\u00e1lez y Luis Garc\u00eda Montero, entre otros. Puesta a elegir, se quedaba con la generaci\u00f3n 27, frente a la del 98. Dada su condici\u00f3n de ingeniero de caminos,ejerce\u00a0 como especialista de ingenier\u00eda ambiental, por lo que le pregunt\u00e9 si le gustar\u00eda seguir los pasos del tambi\u00e9n ingeniero Gabriel Celaya, Premio Nacional de las Letras Espa\u00f1ola 1986. Me contest\u00f3 con una leve sonrisa.<\/p>\n<p>Desde luego, la trayectoria de Sol es francamente prometedora. Hace seis a\u00f1os empez\u00f3 a escribir habitualmente. Su dilatada actividad profesional no le permit\u00eda dedicar a la literatura el tiempo necesario, para desarrollar su vocaci\u00f3n literaria en sus diversas modalidades, aunque ya tiene un prometedor curriculum.<\/p>\n<p>&nbsp;<\/p>\n<p>Ha sido ganadora del primer premio \u201cCuento de Ciudad de Tudela\u201d 2016<\/p>\n<p>\u201cCuento La Colodra\u201d 2016<\/p>\n<p>Primer premio Certamen de Poes\u00eda del Ateneo Cultural de Madrid 2011<\/p>\n<p>Primer premio, con su microrrelato del Concurso Internacional Zalaca\u00edn 2013<\/p>\n<p>Primer premio del Concurso Antares 2013<\/p>\n<p>Finalista del Premio Jovellanos con, \u201cDe Asmara a Lampedusa\u201d 2015<\/p>\n<p>&nbsp;<\/p>\n<p>El acto finaliz\u00f3 con unas sentidas palabras de la Presidenta del Centro C\u00edvico, Concepci\u00f3n Cac\u00edn, que invit\u00f3 a todos los asistentes a un apetitoso refrigerio.<\/p>\n<p><a href=\"http:\/\/granadacostanacional.es\/wp-content\/uploads\/2016\/12\/Foto-de-familia.jpg\"><img decoding=\"async\" loading=\"lazy\" class=\"alignnone wp-image-9390\" src=\"http:\/\/granadacostanacional.es\/wp-content\/uploads\/2016\/12\/Foto-de-familia-300x191.jpg\" alt=\"Foto de familia\" width=\"655\" height=\"417\" \/><\/a><\/p>\n<p><em>Foto de familia<\/em><\/p>\n<p><a href=\"http:\/\/granadacostanacional.es\/wp-content\/uploads\/2016\/12\/Foto-con-autoridades.jpg\"><img decoding=\"async\" loading=\"lazy\" class=\"alignnone wp-image-9391\" src=\"http:\/\/granadacostanacional.es\/wp-content\/uploads\/2016\/12\/Foto-con-autoridades-300x160.jpg\" alt=\"Foto con autoridades\" width=\"662\" height=\"353\" \/><\/a><\/p>\n<p><em>Foto con autoridades, poetas y los autores premiados<\/em><\/p>\n<p style=\"text-align: right;\"><strong><em>Alfonso Monteagudo<\/em><\/strong><\/p>\n","protected":false},"excerpt":{"rendered":"<p>Laura Z\u00e1rraga con el cartel anunciador de los premios El d\u00eda 7 de diciembre, en el escenario de la sala&hellip;<\/p>\n","protected":false},"author":2,"featured_media":9392,"comment_status":"open","ping_status":"open","sticky":false,"template":"","format":"standard","meta":{"om_disable_all_campaigns":false,"_mi_skip_tracking":false,"_monsterinsights_sitenote_active":false,"_monsterinsights_sitenote_note":"","_monsterinsights_sitenote_category":0,"footnotes":""},"categories":[21],"tags":[],"aioseo_notices":[],"_links":{"self":[{"href":"https:\/\/granadacostaglobal.es\/index.php?rest_route=\/wp\/v2\/posts\/9381"}],"collection":[{"href":"https:\/\/granadacostaglobal.es\/index.php?rest_route=\/wp\/v2\/posts"}],"about":[{"href":"https:\/\/granadacostaglobal.es\/index.php?rest_route=\/wp\/v2\/types\/post"}],"author":[{"embeddable":true,"href":"https:\/\/granadacostaglobal.es\/index.php?rest_route=\/wp\/v2\/users\/2"}],"replies":[{"embeddable":true,"href":"https:\/\/granadacostaglobal.es\/index.php?rest_route=%2Fwp%2Fv2%2Fcomments&post=9381"}],"version-history":[{"count":0,"href":"https:\/\/granadacostaglobal.es\/index.php?rest_route=\/wp\/v2\/posts\/9381\/revisions"}],"wp:featuredmedia":[{"embeddable":true,"href":"https:\/\/granadacostaglobal.es\/index.php?rest_route=\/"}],"wp:attachment":[{"href":"https:\/\/granadacostaglobal.es\/index.php?rest_route=%2Fwp%2Fv2%2Fmedia&parent=9381"}],"wp:term":[{"taxonomy":"category","embeddable":true,"href":"https:\/\/granadacostaglobal.es\/index.php?rest_route=%2Fwp%2Fv2%2Fcategories&post=9381"},{"taxonomy":"post_tag","embeddable":true,"href":"https:\/\/granadacostaglobal.es\/index.php?rest_route=%2Fwp%2Fv2%2Ftags&post=9381"}],"curies":[{"name":"wp","href":"https:\/\/api.w.org\/{rel}","templated":true}]}}