{"id":9248,"date":"2016-11-16T17:33:23","date_gmt":"2016-11-16T17:33:23","guid":{"rendered":"http:\/\/granadacostanacional.es\/?p=9248"},"modified":"2016-11-16T17:33:23","modified_gmt":"2016-11-16T17:33:23","slug":"haces-de-luz-confiteor-la-fe-que-da-sentido-a-mi-vida","status":"publish","type":"post","link":"https:\/\/granadacostaglobal.es\/?p=9248","title":{"rendered":"HACES DE LUZ. CONFITEOR: La fe que da sentido a mi vida"},"content":{"rendered":"<p>El famoso escritor y orador Jos\u00e9 Mar\u00eda Pem\u00e1n (1897 -1981)\u00a0 dej\u00f3 escrita esta preciosa cuarteta: LA VIDA\u00a0 QUE NO FLORECE \/ Y ES EST\u00c9RIL Y ESCONDIDA, \/ ES VIDA QUE NO MERECE\u00a0 \/ EL SANTO\u00a0 NOMBRE DE VIDA.\u00bfQu\u00e9\u00a0 ser\u00eda\u00a0 la vida\u00a0 &#8211; me pregunto con\u00a0 relativa frecuencia &#8211; sin fe?.\u00a0 Interrogante que ya expliqu\u00e9, a mi aire, en art\u00edculos anteriores\u00a0 en \u201cGranada Costa\u201d. En esta breve reflexi\u00f3n, aunque sea muy subjetiva, me apoyo en los textos de la\u00a0 Sagrada Escritura, en la Teodicea\u00a0 y, de modo especial, en mis largas meditaciones sobre tan\u00a0 delicado, complejo\u00a0 y enigm\u00e1tico\u00a0 campo de la fe. Mi fundamento mayor radica \u2013 cosa natural para\u00a0 un cristiano cat\u00f3lico \u2013 en\u00a0 la \u201cPalabra de Dios\u201d, es\u00a0 decir, la\u00a0 Biblia (Antiguo y Nuevo Testamento), le\u00edda varias veces en griego y lat\u00edn. A esta dif\u00edcil y \u00e1rdua tarea\u00a0 me llev\u00f3 la enc\u00edclica \u201cProvidentissimus\u00a0 Deus\u201d (1893) de Le\u00f3n\u00a0 XIII, pionera\u00a0 en preconizar la tolerancia de los cat\u00f3licos al interpretar la Biblia, y posteriormente \u2013 me parece &#8211; la mejor interpretaci\u00f3n del texto sagrado que nos ofreci\u00f3 el sapient\u00edsimo Papa P\u00edo XII \u00a0en su \u201cDivino afflante Spiritu\u201d (1943), sobre los estudios b\u00edblicos. Mi experiencia y larga vida\u00a0 me han hecho ver\u00a0 claramente que s\u00f3lo un hombre \u2013 en la vieja historia de la Humanidad \u2013 ha proclamado a los cuatro vientos, y con absoluto poder , \u201cYo soy el Camino, y la Verdad, y la Vida\u201d (Jn 14,6), ante la terrible duda de su disc\u00edpulo Tom\u00e1s.<\/p>\n<p>Asimismo, \u00bfqu\u00e9 \u201cdios\u201d, o qu\u00e9 humano, se ha atrevido a decir, de forma sencilla y apod\u00edctica, \u201cYo soy la resurrecci\u00f3n y la vida: el que cree\u00a0 en m\u00ed, aunque haya muerto, vivir\u00e1; y el que est\u00e1 vivo y cree en m\u00ed, no morir\u00e1 para\u00a0 siempre\u201d? (Jn 11, 25), tal como respondi\u00f3 a\u00a0 Marta, muerto ya L\u00e1zaro. Nadie.\u00a0 Eso, solamente\u00a0\u00a0 pudo pronunciarlo\u00a0 Jes\u00fas de Nazaret, Hijo de Dios,(y Dios), aunque moleste a los \u201cTestigos de Jehov\u00e1\u201d, cuya divinidad niegan rotundamente. Ahora bien, porque Jes\u00fas ha resucitado podemos nosotros esperar que el presentimiento de que la muerte no es el final, que late en la conciencia de la humanidad, est\u00e1 plenamente fundado. De labios del mismo Jes\u00fas, a trav\u00e9s de su ap\u00f3stol Juan, escuhamos que El es la resurrecci\u00f3n, y\u00a0 eso significa que creer &#8211; \u201cConfiteor\u201d &#8211; en El, acogerle como la revelaci\u00f3n del Dios de la vida, hace posible esperar la resurrecci\u00f3n como nuestro destino. El que cree en\u00a0 m\u00ed \u2013 dice\u00a0 Jes\u00fas- tiene vida eterna, esto es, vida en plenitud, vida divina. Y la muerte, por tanto, ya no es para \u00e9l el horizonte que cierra su vida, como\u00a0 escribe\u00a0 el\u00a0 Profesor\u00a0 Mart\u00edn\u00a0 Velasco en \u201cEvangelio 2016\u201d, 2 de Noviembre.<\/p>\n<p>En este sentido acuden a mi memoria las palabras de San Agust\u00edn (354 \u2013 430): \u201cAd maiora nati\u00a0 sumus\u201d (Hemos nacido para cosas m\u00e1s grandes), opuestas , sin duda, al fil\u00f3sofo alem\u00e1n Mart\u00edn Heidegger (1889 -1976), quien\u00a0 afirmaba que \u201cel hombre es un\u00a0 ser para la muerte\u201d; o aquel grito de \u00e1nimo que daba Matat\u00edas, padre de los Macabeos, frente a las agresiones de Ant\u00edoco Epifanes: \u201c Recorred la historia y ver\u00e9is que ninguno que conf\u00eda en Dios es confundido\u201d (1Macabeos, 2,61). Tampoco seremos \u201cconfundidos\u201d quienes hemos puesto en\u00a0 Jesucristo el sentido pleno de nuestra cotidiana existencia. Ni jam\u00e1s sentimos el m\u00e1s\u00a0 m\u00ednimo rubor al proclamar a Cristo \u201ceje central\u201d de nuestra vida. El mismo nos dir\u00e1: \u201cBienaventurado quien no se escandaliza de m\u00ed\u201d. A\u00fan m\u00e1s: \u201cDichosos vosotros cuando os insulten y os persigan y os calumnien de cualquier modo por\u00a0 mi causa. Estad\u00a0 alegres y contentos, porque\u00a0 vuestra recompensa ser\u00e1 grande en el cielo\u201d (Mateo 5, 11-12). A mi modesto pensar, creo que la acogida de Jes\u00fas y su reinado hace bienaventurados a todos aquellos que parecen no tener ninguna posibilidad de serlo. Me gustar\u00eda\u00a0 repetir con san Pablo: \u201cMi vivir es Cristo\u201d (Flp 1,21),idest, vivir plena y totalmente el \u201cCristo evang\u00e9lico\u201d. Me interesa conocer al Cristo vivo, presente hasta nuestros d\u00edas en el esp\u00edritu de los pobres. En este \u201cnuestro\u201d mundo, que lucha por la libertad, la justicia y la fraternidad universal, Cristo est\u00e1 presente en toda persona que se entrega a estos ideales. El amor aut\u00e9ntico, cuya fuente est\u00e1 en\u00a0 Jes\u00fas\u00a0 de Nazaret, es la gran fuerza revolucionaria capaz de hacer un mundo nuevo, como lo viene repitiendo nuestro Santo Padre Francisco en su \u00faltima Carta Pastoral \u201cAmoris laetitia\u201d (2016).<\/p>\n<p>Conocer y amar a Cristo Jes\u00fas no es algo sensiblero \u2013 como creen muchos ignorantes -, propio de personas desocupadas. Todo lo contrario. Es una\u00a0 fuerza\u00a0 arrolladora, que impulsa a comprometernos por los dem\u00e1s, si es necesario\u00a0 hasta\u00a0 la muerte (\u00a1qu\u00e9 dif\u00edcil es ser cristiano as\u00ed!). Conforme van pasando\u00a0 los a\u00f1os, observo que\u00a0 nuestro\u00a0 mundo est\u00e1 hambriento de Cristo, del Cristo verdadero, dulce y fuerte a la vez, Hombre-Dios y es \u2013 como ya he anotado \u2013 CAMINO, VERDAD\u00a0 y VIDA.<\/p>\n<p>Leed, ben\u00e9volos lectores, los evangelios y observar\u00e9is que Jesucristo no se\u00f1al\u00f3\u00a0 soluciones pol\u00edtico-econ\u00f3micas concretas; pero \u2013 no lo dud\u00e9is &#8211;\u00a0 trajo al mundo el amor necesario como para que los hombres podamos concretarlas en cada tiempo y lugar, seg\u00fan\u00a0 lo pidan\u00a0 las necesidades. El luch\u00f3 contra los poderosos y las estructuras de su tiempo, constituidas ante todo por la teocracia\u00a0 reinante; y min\u00f3\u00a0 los cimientos de toda opresi\u00f3n de todos los tiempos: el orgullo y el egoismo\u00a0 humano. Y fijaos bien: no us\u00f3 la violencia f\u00edsica, pero fue matado por las fuerzas de la opresi\u00f3n, porque lo\u00a0\u00a0 consideraban un serio peligro para sus privilegios. Y de las torturas y de la muerte naci\u00f3 la fuerza del Amor, Esperanza del mundo.<\/p>\n<p>No me callo: Conocer y Amar a Jesucristo es lo m\u00e1s humano \u2013 \u201cFilius Hominis\u201d fue llamado -, lo m\u00e1s grande, lo m\u00e1s liberador y \u201crevolucionario\u201d que se\u00a0 puede hacer en\u00a0 el mundo. Es el m\u00e1s grande ideal de una persona humana.En este mundo, a veces tan desesperanzado y con horizontes tan negros, necesitamos sentirnos\u00a0 llamados a la fe en Cristo, Se\u00f1or\u00a0 de la historia, y que pasa m\u00e1s alla de la historia. \u201cYo confieso que la fe en El ha dado sentido a mi vida\u201d. Es verdad\u00a0 que\u00a0 he estudiado\u00a0 muchos\u00a0 sistemas filos\u00f3ficos, que he tenido\u00a0 mis dudas, terribles crisis de fe, pero la Teodicea \/ Teolog\u00eda Natural abri\u00f3 mi camino para llegar a El, como le sucedi\u00f3 al \u201cMaestro de Filosof\u00eda\u201d don Manuel Garc\u00eda\u00a0 Morente (1888 \u2013 1942).<\/p>\n<p>El ap\u00f3stol Pablo es ejemplo vivo de lo que Cristo Jes\u00fas puede\u00a0 llegar a hacer en una persona que tiene fe\u00a0 en su Amor\u00a0 y se deja llevar por El. El ideal de Pablo\u00a0 debe ser el ideal de todo \u201cbuen\u201d cristiano: \u201c Todas las cosas estimo ser una p\u00e9rdida, comparadas con la eminencia del conocimiento de Cristo Jes\u00fas. Por su amor acept\u00e9 perderlo todo y lo considero basura con tal\u00a0 que pueda ganar a Cristo y encontrarme con El (Flp. 3,8-9). \u201cPORQUE DIOS ES MI DESTINO \/ SON ESTRELLITAS DEL CIELO \/ LAS PIEDRAS DE MI CAMINO\u201d (A. Arrebola.\u201dMi cante es una oraci\u00f3n\u201d.<\/p>\n<p style=\"text-align: right;\"><strong><em>Alfredo Arrebola, Doctor en Filosof\u00eda y Letras<\/em><\/strong><\/p>\n","protected":false},"excerpt":{"rendered":"<p>El famoso escritor y orador Jos\u00e9 Mar\u00eda Pem\u00e1n (1897 -1981)\u00a0 dej\u00f3 escrita esta preciosa cuarteta: LA VIDA\u00a0 QUE NO FLORECE&hellip;<\/p>\n","protected":false},"author":2,"featured_media":2606,"comment_status":"open","ping_status":"open","sticky":false,"template":"","format":"standard","meta":{"om_disable_all_campaigns":false,"_mi_skip_tracking":false,"_monsterinsights_sitenote_active":false,"_monsterinsights_sitenote_note":"","_monsterinsights_sitenote_category":0,"footnotes":""},"categories":[21],"tags":[],"aioseo_notices":[],"_links":{"self":[{"href":"https:\/\/granadacostaglobal.es\/index.php?rest_route=\/wp\/v2\/posts\/9248"}],"collection":[{"href":"https:\/\/granadacostaglobal.es\/index.php?rest_route=\/wp\/v2\/posts"}],"about":[{"href":"https:\/\/granadacostaglobal.es\/index.php?rest_route=\/wp\/v2\/types\/post"}],"author":[{"embeddable":true,"href":"https:\/\/granadacostaglobal.es\/index.php?rest_route=\/wp\/v2\/users\/2"}],"replies":[{"embeddable":true,"href":"https:\/\/granadacostaglobal.es\/index.php?rest_route=%2Fwp%2Fv2%2Fcomments&post=9248"}],"version-history":[{"count":0,"href":"https:\/\/granadacostaglobal.es\/index.php?rest_route=\/wp\/v2\/posts\/9248\/revisions"}],"wp:featuredmedia":[{"embeddable":true,"href":"https:\/\/granadacostaglobal.es\/index.php?rest_route=\/"}],"wp:attachment":[{"href":"https:\/\/granadacostaglobal.es\/index.php?rest_route=%2Fwp%2Fv2%2Fmedia&parent=9248"}],"wp:term":[{"taxonomy":"category","embeddable":true,"href":"https:\/\/granadacostaglobal.es\/index.php?rest_route=%2Fwp%2Fv2%2Fcategories&post=9248"},{"taxonomy":"post_tag","embeddable":true,"href":"https:\/\/granadacostaglobal.es\/index.php?rest_route=%2Fwp%2Fv2%2Ftags&post=9248"}],"curies":[{"name":"wp","href":"https:\/\/api.w.org\/{rel}","templated":true}]}}