{"id":9189,"date":"2016-11-14T08:13:14","date_gmt":"2016-11-14T08:13:14","guid":{"rendered":"http:\/\/granadacostanacional.es\/?p=9189"},"modified":"2016-11-14T08:13:14","modified_gmt":"2016-11-14T08:13:14","slug":"el-campeonato-de-baile-marina-dor-se-ha-celebrado-con-gran-exito-de-participacion-y-publico","status":"publish","type":"post","link":"https:\/\/granadacostaglobal.es\/?p=9189","title":{"rendered":"El Campeonato de Baile \u201cMarina d\u2019Or\u201d se ha celebrado con gran \u00e9xito de participaci\u00f3n y p\u00fablico."},"content":{"rendered":"<h3>El evento tuvo lugar el Viernes, 11 y S\u00e1bado, 12 de noviembre de 2016, a las 18\u201930 h, en el Palacio d\u2019Or<\/h3>\n<p>Marina d\u2019Or, la Ciudad de Vacaciones, sita en Oropesa del Mar (Castell\u00f3n) hizo gala de la hospitalidad que le caracteriza en la celebraci\u00f3n de las <em>Finales Auton\u00f3micas de Baile Combinado de la Comunidad Valenciana y de Catalu\u00f1a, celebradas conjuntamente con el Trofeo Internacional de Baile Combinado de Vals, Tango y Pasodoble \u201cMarina d\u2019Or\u201d, acompa\u00f1adas del Trofeo Internacional de Chachach\u00e1 Marina d\u2019Or y del Trofeo Internacional de Salsa Ciudad \u201cMarina d\u2019Or\u201d <\/em>que han tenido lugar el pasado<em> <strong>Viernes, 11 y S\u00e1bado, 12 de noviembre de 2016.<\/strong> <\/em><\/p>\n<p>El Palacio d\u2019Or, centro neur\u00e1lgico de la Ciudad de vacaciones, desde las 18,30 horas, vestido para la ocasi\u00f3n estuvo marcado por el buen ambiente reinante gracias a los asistentes a ambas veladas, que disfrutaron y aplaudieron a los participantes en esta gran cita con el baile organizada por el <strong><em>Ayuntamiento de Torremolinos<\/em><\/strong><em> y <strong>Hoteles Marina d\u2019Or<\/strong>, con la colaboraci\u00f3n del Excmo. Ayuntamiento de Oropesa del Mar.<\/em><\/p>\n<p><strong>Mar\u00eda Seco Sanz, <\/strong>Directora de eventos de Hoteles Marina d\u2019Or, fue la encargada de inaugurar el viernes, agradeciendo la asistencia del p\u00fablico y la participaci\u00f3n, deseando que todos disfrutar\u00e1n de la estancia en el complejo vacacional y convoc\u00f3 a todo el mundo para la pr\u00f3xima edici\u00f3n en 2017 y, en la noche del s\u00e1bado hizo la entrega de los premios junto a los miembros del jurado.<strong><em>\u00a0<\/em><\/strong><\/p>\n<p>Estos Campeonatos contaron con la participaci\u00f3n de 90 parejas durante el fin de semana, procedentes de Catalu\u00f1a, Extremadura, Madrid, Andaluc\u00eda, Cantabria, Canarias y de toda la Comunidad Valenciana, que interpretaron <strong>Vals, Tango, Pasodoble, Salsa y Chachach\u00e1<\/strong>, en las categor\u00edas de <strong>Mayores de 60 a\u00f1os, De 50 a 60 a\u00f1os, De 30 a 50 a\u00f1os, De 18 a 30 a\u00f1os, De 12 a 18 a\u00f1os y Menores de 12 a\u00f1os.<\/strong><\/p>\n<p>Adem\u00e1s, los asistentes disfrutaron tambi\u00e9n con las exhibiciones protagonizadas por los actuales Campeones del Mundo de Baile Combinado en <strong>MueBT 2016<\/strong> de Torremolinos, de la Categor\u00eda de 50 a 60 a\u00f1os, <strong>Rafael Rodr\u00edguez Campos y Marina Rodr\u00edguez Arredondo,<\/strong> de Sabadell y de 40 a 50 a\u00f1os, <strong>Rafael Ropero Cobos y Antonia Nieto Rodr\u00edguez<\/strong>, de Terrassa.<\/p>\n<p><a href=\"http:\/\/granadacostanacional.es\/wp-content\/uploads\/2016\/11\/2016-Cto-Marina-dOr-MIN.jpg\"><img decoding=\"async\" loading=\"lazy\" class=\"alignnone  wp-image-9191\" src=\"http:\/\/granadacostanacional.es\/wp-content\/uploads\/2016\/11\/2016-Cto-Marina-dOr-MIN-300x169.jpg\" alt=\"2016 Cto Marina dOr MIN\" width=\"533\" height=\"300\" \/><\/a><\/p>\n<p><a href=\"http:\/\/granadacostanacional.es\/wp-content\/uploads\/2016\/11\/2016-Cto-Marina-dOr-Jurados-MIN.jpg\"><img decoding=\"async\" loading=\"lazy\" class=\"alignnone  wp-image-9192\" src=\"http:\/\/granadacostanacional.es\/wp-content\/uploads\/2016\/11\/2016-Cto-Marina-dOr-Jurados-MIN-300x169.jpg\" alt=\"2016 Cto Marina dOr Jurados MIN\" width=\"534\" height=\"301\" \/><\/a><\/p>\n","protected":false},"excerpt":{"rendered":"<p>El evento tuvo lugar el Viernes, 11 y S\u00e1bado, 12 de noviembre de 2016, a las 18\u201930 h, en el&hellip;<\/p>\n","protected":false},"author":2,"featured_media":9190,"comment_status":"open","ping_status":"open","sticky":false,"template":"","format":"standard","meta":{"om_disable_all_campaigns":false,"_mi_skip_tracking":false,"_monsterinsights_sitenote_active":false,"_monsterinsights_sitenote_note":"","_monsterinsights_sitenote_category":0,"footnotes":""},"categories":[22],"tags":[],"aioseo_notices":[],"_links":{"self":[{"href":"https:\/\/granadacostaglobal.es\/index.php?rest_route=\/wp\/v2\/posts\/9189"}],"collection":[{"href":"https:\/\/granadacostaglobal.es\/index.php?rest_route=\/wp\/v2\/posts"}],"about":[{"href":"https:\/\/granadacostaglobal.es\/index.php?rest_route=\/wp\/v2\/types\/post"}],"author":[{"embeddable":true,"href":"https:\/\/granadacostaglobal.es\/index.php?rest_route=\/wp\/v2\/users\/2"}],"replies":[{"embeddable":true,"href":"https:\/\/granadacostaglobal.es\/index.php?rest_route=%2Fwp%2Fv2%2Fcomments&post=9189"}],"version-history":[{"count":0,"href":"https:\/\/granadacostaglobal.es\/index.php?rest_route=\/wp\/v2\/posts\/9189\/revisions"}],"wp:featuredmedia":[{"embeddable":true,"href":"https:\/\/granadacostaglobal.es\/index.php?rest_route=\/"}],"wp:attachment":[{"href":"https:\/\/granadacostaglobal.es\/index.php?rest_route=%2Fwp%2Fv2%2Fmedia&parent=9189"}],"wp:term":[{"taxonomy":"category","embeddable":true,"href":"https:\/\/granadacostaglobal.es\/index.php?rest_route=%2Fwp%2Fv2%2Fcategories&post=9189"},{"taxonomy":"post_tag","embeddable":true,"href":"https:\/\/granadacostaglobal.es\/index.php?rest_route=%2Fwp%2Fv2%2Ftags&post=9189"}],"curies":[{"name":"wp","href":"https:\/\/api.w.org\/{rel}","templated":true}]}}