{"id":9180,"date":"2016-11-10T10:49:01","date_gmt":"2016-11-10T10:49:01","guid":{"rendered":"http:\/\/granadacostanacional.es\/?p=9180"},"modified":"2016-11-10T10:49:01","modified_gmt":"2016-11-10T10:49:01","slug":"se-ha-presentado-el-cuento-la-meta-es-el-camino-a-seguir-de-tony-castillo","status":"publish","type":"post","link":"https:\/\/granadacostaglobal.es\/?p=9180","title":{"rendered":"Se ha presentado el cuento: LA META ES EL CAMINO A SEGUIR de To\u00f1y Castillo"},"content":{"rendered":"<p style=\"text-align: justify;\">Se ha presentado por segunda vez \u00a0el cuento: La Meta es el camino a seguir&#8230; de la autora To\u00f1y Castillo. Pero en esta ocasi\u00f3n la voz de la amistad y el respeto ha viajado a ni\u00f1os y ni\u00f1as en su mayor\u00eda llegados de\u00a0pa\u00eds\u00a0lejanos a Lleida y que\u00a0reciben clases y repaso escolar por personas voluntarias de Asvolcall. En un ambiente donde la primera consigna era la generosidad, ayer se realiz\u00f3 una clase especial<\/p>\n<p class=\"separator\"><span style=\"font-family: 'Helvetica Neue', Arial, Helvetica, sans-serif; font-size: x-large;\"><a href=\"https:\/\/4.bp.blogspot.com\/-NVemBxg-ge8\/WCRBfNdaWpI\/AAAAAAAALkM\/u3z4dLTreUc94Y5M7j4q7Ro6iNuxxVd7QCLcB\/s1600\/15027615_10211008128068660_7881465645760464556_n.jpg\"><img decoding=\"async\" loading=\"lazy\" src=\"https:\/\/4.bp.blogspot.com\/-NVemBxg-ge8\/WCRBfNdaWpI\/AAAAAAAALkM\/u3z4dLTreUc94Y5M7j4q7Ro6iNuxxVd7QCLcB\/s640\/15027615_10211008128068660_7881465645760464556_n.jpg\" width=\"640\" height=\"360\" border=\"0\" \/><\/a><\/span><\/p>\n<p><span style=\"font-family: 'Helvetica Neue', Arial, Helvetica, sans-serif; font-size: x-large;\">La meta es un libro sobre los valores universales y ha sido un regalo al Papa francisco\u00a0<\/span><\/p>\n<p class=\"separator\"><a href=\"https:\/\/4.bp.blogspot.com\/-pWSmNEpsG2A\/WBx-ih0aUEI\/AAAAAAAALhg\/YqV4CbORiHQNSxME8HcOGqhCKubkmQ9TQCPcB\/s1600\/Saludo%2BPapa%2B%25286%2529.JPG\"><img decoding=\"async\" loading=\"lazy\" src=\"https:\/\/4.bp.blogspot.com\/-pWSmNEpsG2A\/WBx-ih0aUEI\/AAAAAAAALhg\/YqV4CbORiHQNSxME8HcOGqhCKubkmQ9TQCPcB\/s640\/Saludo%2BPapa%2B%25286%2529.JPG\" width=\"640\" height=\"458\" border=\"0\" \/><\/a><\/p>\n<div>Cr\u00f3nica<\/div>\n<div><a href=\"https:\/\/2.bp.blogspot.com\/-25HeMrL609c\/WCRCYbsy5lI\/AAAAAAAALk0\/UiSGUCH9-9sxCGv-RUPt3iQSn4v2lJiBwCLcB\/s1600\/15027925_10211008115628349_2011550453652129721_n.jpg\"><img decoding=\"async\" loading=\"lazy\" src=\"https:\/\/2.bp.blogspot.com\/-25HeMrL609c\/WCRCYbsy5lI\/AAAAAAAALk0\/UiSGUCH9-9sxCGv-RUPt3iQSn4v2lJiBwCLcB\/s640\/15027925_10211008115628349_2011550453652129721_n.jpg\" width=\"640\" height=\"360\" border=\"0\" \/><\/a><\/div>\n<div style=\"text-align: justify;\">El d\u00eda 9 de Noviembre a las 19 horas al sal\u00f3n de actos bajos de la Parroquia de Carmen y dentro de los actos de las bodas de Oro de Padre Joan Mora titular de la Parroquia, con asistencia del tambi\u00e9n Padre \u00c1ngel Escales del Hospital Arnau de Vilanova, a quien se dedic\u00f3 el Cuento \u201cLA META ES EL CAMINO A SEGUIR\u201d, como homenaje en el 50 aniversario de su vocaci\u00f3n sacerdotal.<\/div>\n<p class=\"separator\"><a href=\"https:\/\/3.bp.blogspot.com\/-WQnGdj7Olp4\/WCRCYO_xGLI\/AAAAAAAALkk\/kJ8-V4i54N0WKGritlZHJ31KlUQXsdgXgCLcB\/s1600\/14938352_10211008119668450_8002608864613455105_n.jpg\"><img decoding=\"async\" loading=\"lazy\" src=\"https:\/\/3.bp.blogspot.com\/-WQnGdj7Olp4\/WCRCYO_xGLI\/AAAAAAAALkk\/kJ8-V4i54N0WKGritlZHJ31KlUQXsdgXgCLcB\/s640\/14938352_10211008119668450_8002608864613455105_n.jpg\" width=\"640\" height=\"360\" border=\"0\" \/><\/a><\/p>\n<p style=\"text-align: justify;\">La secci\u00f3n de Refuerzo Escolar de la Parroquia de Carmen, formada por ni\u00f1os y familias en riesgo de exclusi\u00f3n social, Voluntarios de \u201cla Caixa\u201d en Lleida, la Doctora To\u00f1y Castillo Directora del Aula Hospitalaria Dr Antoni Cambrod\u00ed es la autora de esta nueva obra que se incluye en la colecci\u00f3n \u201c CUENTOS de LA LUNA\u201d, en el acto realizar\u00e1 la lectura y presentaci\u00f3n del cuento que esta ilustrado con la ayuda de los ni\u00f1os ingresados, familias, y el pintor Toni Uceda habiendo sido editado por La Diputaci\u00f3n de Lleida, ASVOLCALL, y La Obra Social de &#8220;la Caixa&#8221;.<\/p>\n<div style=\"text-align: justify;\"><\/div>\n<div style=\"text-align: justify;\">La meta es un lugar donde la amistad y el respeto es el eje conductor, poniendo como ejemplo la vida del Santo Padre Francisco, al que el Padre Escales Mosen del Hospital Universitario Arnau de Vilanova de Lleida entreg\u00f3 el original en el acto de la audiencia privada mantenida el pasado 5 de diciembre al Vaticano.<\/div>\n<p>&nbsp;<\/p>\n","protected":false},"excerpt":{"rendered":"<p>Se ha presentado por segunda vez \u00a0el cuento: La Meta es el camino a seguir&#8230; de la autora To\u00f1y Castillo.&hellip;<\/p>\n","protected":false},"author":4,"featured_media":9181,"comment_status":"open","ping_status":"open","sticky":false,"template":"","format":"standard","meta":{"om_disable_all_campaigns":false,"_mi_skip_tracking":false,"_monsterinsights_sitenote_active":false,"_monsterinsights_sitenote_note":"","_monsterinsights_sitenote_category":0,"footnotes":""},"categories":[25,21,22,19,30],"tags":[],"aioseo_notices":[],"_links":{"self":[{"href":"https:\/\/granadacostaglobal.es\/index.php?rest_route=\/wp\/v2\/posts\/9180"}],"collection":[{"href":"https:\/\/granadacostaglobal.es\/index.php?rest_route=\/wp\/v2\/posts"}],"about":[{"href":"https:\/\/granadacostaglobal.es\/index.php?rest_route=\/wp\/v2\/types\/post"}],"author":[{"embeddable":true,"href":"https:\/\/granadacostaglobal.es\/index.php?rest_route=\/wp\/v2\/users\/4"}],"replies":[{"embeddable":true,"href":"https:\/\/granadacostaglobal.es\/index.php?rest_route=%2Fwp%2Fv2%2Fcomments&post=9180"}],"version-history":[{"count":0,"href":"https:\/\/granadacostaglobal.es\/index.php?rest_route=\/wp\/v2\/posts\/9180\/revisions"}],"wp:featuredmedia":[{"embeddable":true,"href":"https:\/\/granadacostaglobal.es\/index.php?rest_route=\/"}],"wp:attachment":[{"href":"https:\/\/granadacostaglobal.es\/index.php?rest_route=%2Fwp%2Fv2%2Fmedia&parent=9180"}],"wp:term":[{"taxonomy":"category","embeddable":true,"href":"https:\/\/granadacostaglobal.es\/index.php?rest_route=%2Fwp%2Fv2%2Fcategories&post=9180"},{"taxonomy":"post_tag","embeddable":true,"href":"https:\/\/granadacostaglobal.es\/index.php?rest_route=%2Fwp%2Fv2%2Ftags&post=9180"}],"curies":[{"name":"wp","href":"https:\/\/api.w.org\/{rel}","templated":true}]}}