{"id":8928,"date":"2016-10-18T07:21:51","date_gmt":"2016-10-18T07:21:51","guid":{"rendered":"http:\/\/granadacostanacional.es\/?p=8928"},"modified":"2016-10-18T07:21:51","modified_gmt":"2016-10-18T07:21:51","slug":"galardon-internacional-obtenido-por-amparo-bonet-alcon-en-buenos-aires-argentina-por-un-poema-relacionado-con-la-paz-en-el-mundo","status":"publish","type":"post","link":"https:\/\/granadacostaglobal.es\/?p=8928","title":{"rendered":"GALARD\u00d3N INTERNACIONAL OBTENIDO POR AMPARO BONET ALC\u00d3N"},"content":{"rendered":"<h3>GALARD\u00d3N INTERNACIONAL OBTENIDO POR AMPARO BONET ALC\u00d3N, EN BUENOS AIRES (ARGENTINA), POR UN POEMA RELACIONADO CON LA PAZ EN EL MUNDO<\/h3>\n<p>La Federaci\u00f3n Internacional para la Paz universal, Instituci\u00f3n cuya sede radica en la ciudad de <strong>Buenos Aires (Argentina)<\/strong> y est\u00e1 relacionada, reconocida y apoyada por la <strong>O.N.U.<\/strong> y otras muy importantes Instituciones a nivel mundial, ha otorgado en el a\u00f1o 2016, a <strong>Amparo Bonet Alc\u00f3n<\/strong> el sexto premio de los treinta galardones que se adjudicaron a poemas sobre <strong>la<\/strong> <strong>paz en el mundo<\/strong>, habiendo logrado una alicantina el s\u00e9ptimo y un catal\u00e1n el decimocuarto.<\/p>\n<p>En dicho certamen participaron 31 pa\u00edses y se recibieron 310 trabajos procedentes de las diferentes provincias argentinas y de treinta pa\u00edses m\u00e1s del mundo. La naci\u00f3n con mayor cantidad de participantes fue Argentina. Despu\u00e9s le sigui\u00f3 Espa\u00f1a con 31 participantes.<\/p>\n<p>La entrega de premios se efectu\u00f3 el 21 de septiembre, d\u00eda mundial por la paz, en la Biblioteca Nacional \u201cJorge Luis Borges\u201d de Buenos Aires (Argentina), acto revestido de gran solemnidad, con la intervenci\u00f3n de personalidades representativas de Instituciones relevantes a nivel mundial.<\/p>\n<p>Es muy importante que las sociedades se conciencien de la necesidad de trabajar por <strong>la paz<\/strong> en todos los pa\u00edses del mundo y en todos los \u00f3rdenes de la vida, \u00a0comenzando por la paz en los corazones,\u00a0 en\u00a0 las familias, entre los pueblos, para que el ser humano pueda recuperar su dignidad all\u00e1 donde se la hayan arrebatado y le sean respetados sus derechos y libertades, planteando como meta a conseguir la convivencia pac\u00edfica, que es primordial para que todas las naciones sigan adelante y construyan sociedades en las que los ciudadanos vivan en plenitud su realidad humana, y se desarrollen desde sus perspectivas personales y espirituales.<\/p>\n<p>&nbsp;<\/p>\n<p><strong>\u00a0<\/strong><a href=\"http:\/\/granadacostanacional.es\/wp-content\/uploads\/2016\/10\/Amparo-B.A-039.jpg\"><img decoding=\"async\" loading=\"lazy\" class=\"alignnone wp-image-8929\" src=\"http:\/\/granadacostanacional.es\/wp-content\/uploads\/2016\/10\/Amparo-B.A-039-300x222.jpg\" alt=\"Amparo B.A 039\" width=\"449\" height=\"332\" \/><\/a><\/p>\n<p>&nbsp;<\/p>\n<p style=\"text-align: right;\"><strong><em>Amparo Bonet Alc\u00f3n<\/em><\/strong><\/p>\n","protected":false},"excerpt":{"rendered":"<p>GALARD\u00d3N INTERNACIONAL OBTENIDO POR AMPARO BONET ALC\u00d3N, EN BUENOS AIRES (ARGENTINA), POR UN POEMA RELACIONADO CON LA PAZ EN EL&hellip;<\/p>\n","protected":false},"author":2,"featured_media":8940,"comment_status":"open","ping_status":"open","sticky":false,"template":"","format":"standard","meta":{"om_disable_all_campaigns":false,"_mi_skip_tracking":false,"_monsterinsights_sitenote_active":false,"_monsterinsights_sitenote_note":"","_monsterinsights_sitenote_category":0,"footnotes":""},"categories":[21],"tags":[],"aioseo_notices":[],"_links":{"self":[{"href":"https:\/\/granadacostaglobal.es\/index.php?rest_route=\/wp\/v2\/posts\/8928"}],"collection":[{"href":"https:\/\/granadacostaglobal.es\/index.php?rest_route=\/wp\/v2\/posts"}],"about":[{"href":"https:\/\/granadacostaglobal.es\/index.php?rest_route=\/wp\/v2\/types\/post"}],"author":[{"embeddable":true,"href":"https:\/\/granadacostaglobal.es\/index.php?rest_route=\/wp\/v2\/users\/2"}],"replies":[{"embeddable":true,"href":"https:\/\/granadacostaglobal.es\/index.php?rest_route=%2Fwp%2Fv2%2Fcomments&post=8928"}],"version-history":[{"count":0,"href":"https:\/\/granadacostaglobal.es\/index.php?rest_route=\/wp\/v2\/posts\/8928\/revisions"}],"wp:featuredmedia":[{"embeddable":true,"href":"https:\/\/granadacostaglobal.es\/index.php?rest_route=\/"}],"wp:attachment":[{"href":"https:\/\/granadacostaglobal.es\/index.php?rest_route=%2Fwp%2Fv2%2Fmedia&parent=8928"}],"wp:term":[{"taxonomy":"category","embeddable":true,"href":"https:\/\/granadacostaglobal.es\/index.php?rest_route=%2Fwp%2Fv2%2Fcategories&post=8928"},{"taxonomy":"post_tag","embeddable":true,"href":"https:\/\/granadacostaglobal.es\/index.php?rest_route=%2Fwp%2Fv2%2Ftags&post=8928"}],"curies":[{"name":"wp","href":"https:\/\/api.w.org\/{rel}","templated":true}]}}