{"id":8817,"date":"2016-09-26T08:42:27","date_gmt":"2016-09-26T08:42:27","guid":{"rendered":"http:\/\/granadacostanacional.es\/?p=8817"},"modified":"2016-09-26T08:42:27","modified_gmt":"2016-09-26T08:42:27","slug":"politicos-ineptos","status":"publish","type":"post","link":"https:\/\/granadacostaglobal.es\/?p=8817","title":{"rendered":"POL\u00cdTICOS INEPTOS"},"content":{"rendered":"<h4>LA PACIENCIA DE LOS ESPA\u00d1OLES EST\u00c1 LLEGANDO A SU FIN. SI SE PRODUCE UNAS NUEVAS ELECCIONES, QUE COSTAR\u00cdA A LAS ARCAS P\u00daBLICAS 250 MILLONES DE EUROS, MIENTRAS CIENTOS DE NI\u00d1OS SE ACUESTAN SIN CENAR Y SE HAN SUPRIMIDOS SERVICIOS SOCIALES DE PRIMERA NECESIDAD POR FALTA DE DINERO. TENDR\u00cdAMOS QUE VOTAR TODOS EN BLANCOS Y QUE EL COSTE DE LAS ELECCIONES QUE LO SUFRAGUIEN LOS PARTIDOS POL\u00cdTICOS..<\/h4>\n<p><strong>N<\/strong>o hay gentes mas pacientes que los espa\u00f1oles, que sabemos aguantar carros y carretas, vengan de donde vengan. Pero precisamente por eso, por la forma de ser\u00a0 de los espa\u00f1oles, que saltamos como energ\u00famenos por la cosa m\u00e1s balad\u00ed, tambi\u00e9n somos autocomplacientes, sufridos e ingenuos.<\/p>\n<p>Algunos de los pol\u00edticos actuales deben pensar que la sociedad espa\u00f1ola, puede aguantar indefinidamente, lo que su narcisismo e intransigencia est\u00e1 produciendo. En ninguna naci\u00f3n Europea ni del resto del mundo, ha sucedido, que haya habido dos votaciones fallidas y en camino de convocar unas tercera elecciones, que ser\u00eda el hazmerre\u00edr del mundo, la poca credibilidad de los pol\u00edticos que en buena o mala suerte nos ha tocado tener y, lo peor, la poca confianza de las dem\u00e1s naciones hacia Espa\u00f1a.<\/p>\n<p>Cuando se dar\u00e1n cuenta algunos de los pol\u00edticos salidos de las \u00faltimas elecciones de junio pasado, que unos de los partidos que se present\u00f3 gan\u00f3 las elecciones, sacando 137 esca\u00f1os, aunque sin mayor\u00eda absoluta, estando el segundo partido a bastante distancia del ganador 85 esca\u00f1os. Si tenemos en cuentas que los partidos constitucionalistas son: Partido Popular, PSOE y Ciudadano 32 esca\u00f1os y apoyando ciudadano al PP, y en la esperanza que el partido Socialista se hubiera obtenido y as\u00ed, hacer posible la investidura del Sr. Rajoy, ello no ha sido posible gracias a la obstinaci\u00f3n obtusa del guaperas del Sr. S\u00e1nchez, de un gobierno de centro derecha y,\u00a0 que se pusiera en marcha la maquinaria del Estado. Son ya diez meses con un gobierno en funciones, que no hace nada, no puede promulgar nuevas leyes, ni aprobar los presupuestos de la Naci\u00f3n para el a\u00f1o 2017. Con lo que se est\u00e1 paralizando los presupuestos para las autonom\u00edas, la ayudas a las capas m\u00e1s necesitadas y a todo lo que tiene que ver con asuntos de m\u00e1xima importancia. Llevamos diez meses paralizados. Mientras tanto: Diputados, Senadores, Gobierno interino y dem\u00e1s chup\u00f3pteros est\u00e1n cobrando sus voluminosos sueldos solamente por acudir de mala gana al Congreso a faldar, leer la prensa y echar una cabezadita.<\/p>\n<p><strong>Son ya muchas las personas dentro del partido Socialista<\/strong>, que discrepan contra el se\u00f1or S\u00e1nchez, en su cansino \u00a1NO!, a que el partido m\u00e1s votado por los espa\u00f1oles, pueda gobernar y sacar a Espa\u00f1a de este laberinto degradante en que se encuentra. Aqu\u00ed lo m\u00e1s legitimo ser\u00eda que el Partido Socialista pasase a la oposici\u00f3n y vigilara con lupa todos los pasos que fuese dando el gobierno del Partido Popular. El partido Socialista, tampoco sali\u00f3 bien parado en las \u00faltimas elecciones, perdiendo una suma sustancial de diputados. \u00bfQu\u00e9 alternativa le queda al se\u00f1or S\u00e1nchez?, si no es dejar gobernar al Sr. Rajoy y hacer ellos una oposici\u00f3n firme y severa y obligar al gobierno del Partido Popular, que toda esa marea de corruptos sean expulsados del partido y obligarles a renunciar a cualquier cargo que tenga. Qu\u00e9 se juzguen y los jueces dictaminen el alcance de su delito, sean condenados y, sobre todo, que devuelvan el dinero robado, mientras as\u00ed no se haga, no habr\u00e1 credibilidad en este partido. La renovaci\u00f3n democr\u00e1tica, no puede esperar ni un minuto m\u00e1s, los espa\u00f1oles estamos ya hasta los cataplines de tantos ladrones que han proliferado \u00faltimamente como hongos. Y si para alcanzar un nuevo mandato del Partido Popular, el Sr. Rajoy, tiene que dar un paso a un lado, que lo d\u00e9, que por encima de la persona est\u00e1 el partido y sobre este, est\u00e1 el bien y la gobernabilidad de Espa\u00f1a.<\/p>\n<p><strong>Un partido constitucionalista como lo es el PSOE<\/strong>, con m\u00e1s de 150 a\u00f1os de antig\u00fcedad, ser\u00eda contra natura una coalici\u00f3n con un partido como lo es, Podemos, en donde existen familias pol\u00edticas, que ya no saben a qu\u00e9 padre pertenece. Un partido que primeramente se denominaron: Comunistas Leninista, despu\u00e9s Populistas Chavistas y ahora tras perder en la \u00faltimas elecciones 1.300.000 votos y obtener solamente 71 diputados, con lo que del cacareado \u201csorpasso\u201d se lo llevaron ellos, se hacen llamar Progresistas, \u00bfProgresistas de qu\u00e9? \u00bfQui\u00e9nes son estas gentes? \u00bfDe d\u00f3nde vienen? Bueno, el embri\u00f3n madre surgi\u00f3 del 15 de mayo en la Puerta del Sol, sin ninguna experiencia pol\u00edtica, salvo sus asambleas dentro de la Universidad Complutense, sus protestas callejeras con mochila a las espaldas y no llenas de libros, enfrent\u00e1ndose a las fuerzas del orden p\u00fablico, protestando por cualquier cosa. Muchos de ellos universitarios, que por el hecho de serlo y estar mejor preparados que otros a nivel cultural, han sido precisamente, los m\u00e1s alborotadores, con asambleas dentro de la Complutense, ensalzando el comunismo y el populismo desfasado y rancio, profanando la capilla de la Universidad, centro de culto y otros desmanes indignos de ser realizados en un entorno que fue creado para aprender y formar hombres y mujeres para enfrentarse a la vida, con profesionalidad y libres. Pero lo que menos me gusta de muchos de los integrantes de esa amalgama de partidos, es su comportamiento chulesco, prepotente y engolado que muchos de ellos demuestran en todas sus intervenciones medi\u00e1ticas \u2013por cierto- ese chollo que ten\u00edan de ocupar gran parte de la parrilla televisiva en algunas televisiones han deca\u00eddo bastante, tanto ha sido as\u00ed, que hasta el Sr. Pablo Iglesias, se ha quejado.<\/p>\n<p><a href=\"http:\/\/granadacostanacional.es\/wp-content\/uploads\/2016\/09\/besp.gif\"><img decoding=\"async\" loading=\"lazy\" class=\"wp-image-8819 aligncenter\" src=\"http:\/\/granadacostanacional.es\/wp-content\/uploads\/2016\/09\/besp-300x200.gif\" alt=\"besp\" width=\"146\" height=\"97\" \/><\/a><\/p>\n<p>Cada uno es libre \u2013faltar\u00eda m\u00e1s- de pertenecer o votar al partido que uno desee. Pero yo jam\u00e1s dar\u00eda mi voto a un partido, que por la ma\u00f1ana, tiene unas ideas, a mediod\u00eda otras y por la noche otra. Sigla que cobija, a nacionalistas, independentistas y otras hierbas amargas, que pide el que se pueda celebrar refer\u00e9ndum en Catalu\u00f1a, en el Pa\u00eds Vasco y Galicia, da por pensar, que este partido o m\u00e1s bien el se\u00f1or Pablo Iglesias, lo que realmente quiere es que Espa\u00f1a, se convierta en una naci\u00f3n desmembrada, en un \u201creino de Taifas\u201d y, entonces, su vanidad y deseo de ser un d\u00eda presidente de Espa\u00f1a, \u00bfd\u00f3nde gobernar\u00eda? \u00bfEn la isla de Albor\u00e1n? Verdaderamente da pena, su concepto de Naci\u00f3n. Dentro de su bipolar partido, las cosas no van nada bien, mil problemas le surgen por todas partes, y ya son muchas las voces cr\u00edticas en este partido de partidos, que hasta ahora lo \u00fanico que ha hecho bien, ha sido levantar el pucho en las Cortes, darse besitos y pedir ministerios. \u00a1Mon di\u00e9u! Y dar la imagen que en vez de asistir a la c\u00e1mara de representantes, parec\u00edan que iban de excursi\u00f3n, mochila a las espaldas, algunos diputados mal vestidos y poco presentables. Que con\u00a0 tal de tener alg\u00fan poder en algunas autonom\u00edas y ayuntamientos no ha dudado en\u00a0 apoyar a separatistas y defender al despreciable Arnaldo Otegi, apoyando su deseo de que se presentase a las elecciones vascas, para Lehendakari, sabiendo que est\u00e1 inhabilitado por la justicia hasta el a\u00f1o 2021. \u00bfQu\u00e9 respeto tiene este partido por la justicia?<\/p>\n<p><strong>La diada de Catalonia<\/strong>, el pasado d\u00eda 11 de septiembre, como estaba anunciado, se celebr\u00f3 la Diada de Catalu\u00f1a, con muchos menos participantes que los a\u00f1os anteriores, seg\u00fan los Mossos d\u00b4Esquadra unos 400.000 mil menos que en el a\u00f1o anterior. Pero en este caso si ha sido diferente, ya que el Sr. Puigdemont, presidente de la Generalitat por el dedo del sr. Mas, ha asistido a esa manifestaci\u00f3n junto al Vici-presidente y algunos miembros de ese gobierno. Lo que es lo mismo han rebuznado y han logrado con ese gesto, cosa que seguramente van a pagar, m\u00e1s pronto que tarde, el que ya no representa a todos los catalanes, sino exclusivamente, a la parte independentista. Si tenemos en cuenta que un 48 por ciento de los catalanes se consideran independentistas, se entiende que ese se\u00f1or, no representaba al otro 52% que es la poblaci\u00f3n mayoritaria que no es independentista y que quieren seguir siendo parte de Espa\u00f1a.<\/p>\n<p>El se\u00f1or Puigdemont, la presidenta del Parlamento de Catalu\u00f1a y sabe tambi\u00e9n el bocaza del Sr. Joan Tard\u00e1, portavoz de ERC en las Cortes y su acolito un tal Sr. Rufi\u00e1n, que ni ahora, ni ma\u00f1ana y pasado tampoco, van a conseguir ser independientes, pues al fin y al cabo, lo \u00fanico que quieren es que con una hipot\u00e9tica independencia, ocultar sus verg\u00fcenzas, el\u00a0 famoso 3% y otras veleidades. Est\u00e1n enga\u00f1ando a los ciudadanos de Catalu\u00f1a, pues mientras dicen que el Gobierno de Madrid les roba, ellos se gastan el dinero en abrir embajadas por distintos pa\u00edses de Europa, que no les sirven de nada a la poblaci\u00f3n y s\u00ed gastarse el dinero de todos los espa\u00f1oles, en fiestas independentistas, salt\u00e1ndose las leyes y ri\u00e9ndose del Gobierno interino que tenemos, blando y poco decidido a que las leyes se cumplan a rajatabla, y\u00a0 el que as\u00ed no lo haga, que valla a la c\u00e1rcel, que all\u00ed, a diferencia de los hospitales, la televisi\u00f3n es gratis.<\/p>\n<p><strong>Sr. S\u00e1nchez, sea usted realista <\/strong>y deje gobernar al Sr. Rajoy, que quiz\u00e1s no sea el mejor presidente que necesita esta sufrida Espa\u00f1a, pero s\u00ed es el que m\u00e1s voto ha sacado, d\u00e9jele usted gobernar, haga usted y su partido una oposici\u00f3n firme y leal. Vigile cada paso que da el gobierno del Sr. Rajoy, luche para que todos los corruptos del PP, paguen y vigile usted, tambi\u00e9n que los corruptos que ha habido en su partido devuelvan los cientos de millones que robaron destinados a los trabajadores de Andaluc\u00eda\u2026 y, \u00bfCiudadano? les prometo que yo no soy adivino, el futuro no los dir\u00e1.<\/p>\n<p>&nbsp;<\/p>\n<p style=\"text-align: right;\"><em><strong>Marcelino Arellano Alabarces<\/strong><\/em><\/p>\n<p style=\"text-align: right;\"><em><strong>Palma de Mallorca \u00a0\u00a0\u00a0\u00a0<\/strong><\/em><\/p>\n","protected":false},"excerpt":{"rendered":"<p>LA PACIENCIA DE LOS ESPA\u00d1OLES EST\u00c1 LLEGANDO A SU FIN. SI SE PRODUCE UNAS NUEVAS ELECCIONES, QUE COSTAR\u00cdA A LAS&hellip;<\/p>\n","protected":false},"author":2,"featured_media":8818,"comment_status":"open","ping_status":"open","sticky":false,"template":"","format":"standard","meta":{"om_disable_all_campaigns":false,"_mi_skip_tracking":false,"_monsterinsights_sitenote_active":false,"_monsterinsights_sitenote_note":"","_monsterinsights_sitenote_category":0,"footnotes":""},"categories":[21],"tags":[],"aioseo_notices":[],"_links":{"self":[{"href":"https:\/\/granadacostaglobal.es\/index.php?rest_route=\/wp\/v2\/posts\/8817"}],"collection":[{"href":"https:\/\/granadacostaglobal.es\/index.php?rest_route=\/wp\/v2\/posts"}],"about":[{"href":"https:\/\/granadacostaglobal.es\/index.php?rest_route=\/wp\/v2\/types\/post"}],"author":[{"embeddable":true,"href":"https:\/\/granadacostaglobal.es\/index.php?rest_route=\/wp\/v2\/users\/2"}],"replies":[{"embeddable":true,"href":"https:\/\/granadacostaglobal.es\/index.php?rest_route=%2Fwp%2Fv2%2Fcomments&post=8817"}],"version-history":[{"count":0,"href":"https:\/\/granadacostaglobal.es\/index.php?rest_route=\/wp\/v2\/posts\/8817\/revisions"}],"wp:featuredmedia":[{"embeddable":true,"href":"https:\/\/granadacostaglobal.es\/index.php?rest_route=\/"}],"wp:attachment":[{"href":"https:\/\/granadacostaglobal.es\/index.php?rest_route=%2Fwp%2Fv2%2Fmedia&parent=8817"}],"wp:term":[{"taxonomy":"category","embeddable":true,"href":"https:\/\/granadacostaglobal.es\/index.php?rest_route=%2Fwp%2Fv2%2Fcategories&post=8817"},{"taxonomy":"post_tag","embeddable":true,"href":"https:\/\/granadacostaglobal.es\/index.php?rest_route=%2Fwp%2Fv2%2Ftags&post=8817"}],"curies":[{"name":"wp","href":"https:\/\/api.w.org\/{rel}","templated":true}]}}