{"id":8782,"date":"2016-09-20T16:46:12","date_gmt":"2016-09-20T16:46:12","guid":{"rendered":"http:\/\/granadacostanacional.es\/?p=8782"},"modified":"2016-09-20T16:46:12","modified_gmt":"2016-09-20T16:46:12","slug":"fallo-del-jurado-del-iv-certamen-internacional-de-poesia-granada-costa-dedicado-al-soneto-poeta-carlos-benitez-villodres-2","status":"publish","type":"post","link":"https:\/\/granadacostaglobal.es\/?p=8782","title":{"rendered":"Fallo del jurado del IV Certamen Internacional de Poes\u00eda Granada Costa dedicado al Soneto \u201cPoeta Carlos Ben\u00edtez Villodres\u201d"},"content":{"rendered":"<p><strong><u>PROYECTO NACIONAL DE CULTURA GRANADA COSTA<\/u><\/strong><\/p>\n<p style=\"text-align: center;\"><strong>Certificado del Acuerdo<\/strong><\/p>\n<p style=\"text-align: center;\">\n<p><strong>IV Certamen Internacional de Poes\u00eda Granada Costa dedicado al Soneto \u201cPoeta Carlos Ben\u00edtez Villodres\u201d<\/strong><\/p>\n<p>Reunido el jurado del IV Certamen Internacional de Poes\u00eda Granada Costa dedicado al Soneto \u201cPoeta Carlos Ben\u00edtez Villodres\u201d en sesi\u00f3n extraordinaria el 20 de septiembre 2016 a las 10:30 horas en M\u00e1laga Capital, acuerdan por unanimidad, conceder los siguientes premios de dicho certamen:<\/p>\n<p>Primer Premio: Do\u00f1a Amparo Bonet Alc\u00f3n, t\u00edtulo del poema: \u201cLuces de poes\u00eda\u201d<\/p>\n<p>Y los siguientes 2 finalistas:<\/p>\n<ul>\n<li>Finalista: Don Manuel Gim\u00e9nez Gonz\u00e1lez, t\u00edtulo del poema: \u201cEl \u00c1rbol de la Vida\u201d<\/li>\n<li>Finalista: Don Jos\u00e9 Luis Ruiz Vidal, t\u00edtulo del poema: \u201cDec\u00eda Garcilaso\u201d<\/li>\n<\/ul>\n<p>Y para que conste y se cumpla lo aqu\u00ed acordado se firma este documento en M\u00e1laga capital a veinte de septiembre de dos mil diecis\u00e9is.<\/p>\n<p>&nbsp;<\/p>\n<p style=\"text-align: center;\"><strong>Carlos Ben\u00edtez Villodres<\/strong><\/p>\n<p style=\"text-align: center;\"><em>Presidente del Jurado del<\/em><\/p>\n<p style=\"text-align: center;\">\u00a0IV Certamen Internacional de Poes\u00eda Dedicado al Soneto \u201cPoeta Carlos Ben\u00edtez Villodres\u201d<\/p>\n<p>&nbsp;<\/p>\n","protected":false},"excerpt":{"rendered":"<p>PROYECTO NACIONAL DE CULTURA GRANADA COSTA Certificado del Acuerdo IV Certamen Internacional de Poes\u00eda Granada Costa dedicado al Soneto \u201cPoeta&hellip;<\/p>\n","protected":false},"author":2,"featured_media":3699,"comment_status":"open","ping_status":"open","sticky":false,"template":"","format":"standard","meta":{"om_disable_all_campaigns":false,"_mi_skip_tracking":false,"_monsterinsights_sitenote_active":false,"_monsterinsights_sitenote_note":"","_monsterinsights_sitenote_category":0,"footnotes":""},"categories":[26],"tags":[],"aioseo_notices":[],"_links":{"self":[{"href":"https:\/\/granadacostaglobal.es\/index.php?rest_route=\/wp\/v2\/posts\/8782"}],"collection":[{"href":"https:\/\/granadacostaglobal.es\/index.php?rest_route=\/wp\/v2\/posts"}],"about":[{"href":"https:\/\/granadacostaglobal.es\/index.php?rest_route=\/wp\/v2\/types\/post"}],"author":[{"embeddable":true,"href":"https:\/\/granadacostaglobal.es\/index.php?rest_route=\/wp\/v2\/users\/2"}],"replies":[{"embeddable":true,"href":"https:\/\/granadacostaglobal.es\/index.php?rest_route=%2Fwp%2Fv2%2Fcomments&post=8782"}],"version-history":[{"count":0,"href":"https:\/\/granadacostaglobal.es\/index.php?rest_route=\/wp\/v2\/posts\/8782\/revisions"}],"wp:featuredmedia":[{"embeddable":true,"href":"https:\/\/granadacostaglobal.es\/index.php?rest_route=\/"}],"wp:attachment":[{"href":"https:\/\/granadacostaglobal.es\/index.php?rest_route=%2Fwp%2Fv2%2Fmedia&parent=8782"}],"wp:term":[{"taxonomy":"category","embeddable":true,"href":"https:\/\/granadacostaglobal.es\/index.php?rest_route=%2Fwp%2Fv2%2Fcategories&post=8782"},{"taxonomy":"post_tag","embeddable":true,"href":"https:\/\/granadacostaglobal.es\/index.php?rest_route=%2Fwp%2Fv2%2Ftags&post=8782"}],"curies":[{"name":"wp","href":"https:\/\/api.w.org\/{rel}","templated":true}]}}