{"id":875,"date":"2015-04-17T11:38:36","date_gmt":"2015-04-17T11:38:36","guid":{"rendered":"http:\/\/granadacosta.es\/?p=875"},"modified":"2015-04-17T11:38:36","modified_gmt":"2015-04-17T11:38:36","slug":"mayores-y-adultos-motrilenos-muestran-los-trabajos-que-realizan-en-los-talleres-sociales-municipales","status":"publish","type":"post","link":"https:\/\/granadacostaglobal.es\/?p=875","title":{"rendered":"Mayores y adultos motrile\u00f1os muestran los trabajos que realizan en los talleres sociales municipales"},"content":{"rendered":"<p>La alcaldesa de Motril, Luisa Garc\u00eda Chamorro ha visitado la muestra de talleres de mayores y adultos celebrada en el nave de los Arcos de nuestra ciudad con motivo de las jornadas de puertas abiertas organizadas por la concejal\u00eda de Servicios Sociales.<\/p>\n<p>&nbsp;<\/p>\n<p>Garc\u00eda Chamorro ha resaltado que esta exposici\u00f3n \u201csirve para dar a conocer parte del trabajo realizado por los usuarios de la red municipal de centros de participaci\u00f3n activa de personas mayores y de los talleres para adultos que se desarrollan durante todo el curso en los barrios y anejos que componen nuestro municipio\u201d.<\/p>\n<p>&nbsp;<\/p>\n<p>La red de centros municipales de participaci\u00f3n activa para personas mayores est\u00e1 formada por 6 centros en Motril y anejos: Andaluc\u00eda, La Zafra, Las Angustias, Puntal\u00f3n, Altamar y Rompeolas.<\/p>\n<p>&nbsp;<\/p>\n<p>Garc\u00eda Chamorro ha afirmado que \u201cen estos centros se realizan una serie de talleres de forma habitual y semanal y un conjunto de actividades socio comunitarias de ocio y tiempo libre, culturales y de convivencia porque sabemos de la importancia de estos centros para las personas mayores en tanto en cuanto ayudan a romper el aislamiento, previenen la dependencia y fomentan la participaci\u00f3n y las relaciones, cumpliendo con los objetivos de envejecimiento activo\u201d.<\/p>\n<p>&nbsp;<\/p>\n<p>En cuanto a los talleres sociales de adultos, la alcaldesa ha declarado que est\u00e1n distribuidos entre Motril y los anejos que conforman el municipio \u201ccon\u00a0 el\u00a0 objetivo b\u00e1sico de promover el desarrollo comunitario de los barrios\u00a0 y zonas m\u00e1s deprimidas, en donde se detectan m\u00e1s dificultades y m\u00e1s desigualdades\u00a0 que sit\u00faan a sus habitantes en situaci\u00f3n de exclusi\u00f3n social o en riesgo de estarlo, y para ello realizamos una intervenci\u00f3n socioeducativa con las personas adultas desde el tiempo libre con el objeto\u00a0 de compensar dichas desigualdades y equipararlos al resto de la poblaci\u00f3n m\u00e1s normalizada\u201d.<\/p>\n<p>&nbsp;<\/p>\n<p>En concreto el trabajo se realiza en los barrios de San Antonio, Huerta Carrasco, Las Angustias, Cuartel de Simancas, Salvador Huertas\/Los \u00c1lamos, Cerrillo Jaime, y en los Anejos de Varadero, Santa Adela, La Garnatilla, Tablones y Puntal\u00f3n.<\/p>\n<p>&nbsp;<\/p>\n<p>Adem\u00e1s, el encuentro cont\u00f3 con la actuaci\u00f3n del taller de Flamenco de Carlos Z\u00e1rate que se desarrolla en San Antonio con la participaci\u00f3n de j\u00f3venes del mismo barrio y de Huerta Carrasco. Asimismo, se premi\u00f3 a representantes de todas los talleres.<\/p>\n<p>&nbsp;<\/p>\n<p>Finalmente, Garc\u00eda Chamorro ha subrayado que con estas iniciativa \u201cdotamos de contenido el tiempo libre que a veces se convierte en lapso desocupado e improductivo, y sirve para romper sus rutinas\u00a0 fomentando el desarrollo integral de la persona\u201d.<\/p>\n","protected":false},"excerpt":{"rendered":"<p>La alcaldesa de Motril, Luisa Garc\u00eda Chamorro ha visitado la muestra de talleres de mayores y adultos celebrada en el&hellip;<\/p>\n","protected":false},"author":2,"featured_media":876,"comment_status":"open","ping_status":"open","sticky":false,"template":"","format":"standard","meta":{"om_disable_all_campaigns":false,"_mi_skip_tracking":false,"_monsterinsights_sitenote_active":false,"_monsterinsights_sitenote_note":"","_monsterinsights_sitenote_category":0,"footnotes":""},"categories":[21,22],"tags":[],"aioseo_notices":[],"_links":{"self":[{"href":"https:\/\/granadacostaglobal.es\/index.php?rest_route=\/wp\/v2\/posts\/875"}],"collection":[{"href":"https:\/\/granadacostaglobal.es\/index.php?rest_route=\/wp\/v2\/posts"}],"about":[{"href":"https:\/\/granadacostaglobal.es\/index.php?rest_route=\/wp\/v2\/types\/post"}],"author":[{"embeddable":true,"href":"https:\/\/granadacostaglobal.es\/index.php?rest_route=\/wp\/v2\/users\/2"}],"replies":[{"embeddable":true,"href":"https:\/\/granadacostaglobal.es\/index.php?rest_route=%2Fwp%2Fv2%2Fcomments&post=875"}],"version-history":[{"count":0,"href":"https:\/\/granadacostaglobal.es\/index.php?rest_route=\/wp\/v2\/posts\/875\/revisions"}],"wp:featuredmedia":[{"embeddable":true,"href":"https:\/\/granadacostaglobal.es\/index.php?rest_route=\/"}],"wp:attachment":[{"href":"https:\/\/granadacostaglobal.es\/index.php?rest_route=%2Fwp%2Fv2%2Fmedia&parent=875"}],"wp:term":[{"taxonomy":"category","embeddable":true,"href":"https:\/\/granadacostaglobal.es\/index.php?rest_route=%2Fwp%2Fv2%2Fcategories&post=875"},{"taxonomy":"post_tag","embeddable":true,"href":"https:\/\/granadacostaglobal.es\/index.php?rest_route=%2Fwp%2Fv2%2Ftags&post=875"}],"curies":[{"name":"wp","href":"https:\/\/api.w.org\/{rel}","templated":true}]}}