{"id":8502,"date":"2016-08-24T12:15:59","date_gmt":"2016-08-24T12:15:59","guid":{"rendered":"http:\/\/granadacostanacional.es\/?p=8502"},"modified":"2016-08-24T12:15:59","modified_gmt":"2016-08-24T12:15:59","slug":"ii-encuentro-internacional-de-poetas-ciudad-de-valencia","status":"publish","type":"post","link":"https:\/\/granadacostaglobal.es\/?p=8502","title":{"rendered":"II ENCUENTRO INTERNACIONAL DE POETAS CIUDAD DE VALENCIA"},"content":{"rendered":"<p>La Asociaci\u00f3n Cultural la Platea\u00a0 con sede en Quart de Poblet , los d\u00edas 7,8,9 de Octubre\u00a0 va a celebrar el <strong>II\u00a0 Encuentro Internacional de Poetas Ciudad de Valencia.<\/strong><\/p>\n<p>El encuentro ser\u00e1 coordinado por <strong>Jos\u00e9 Romero<\/strong>.<\/p>\n<p><strong>\u00a0Jos\u00e9 Carlos <\/strong>Llorens como relaciones p\u00fablicas y responsable de Carteles credenciales y portada de la Antolog\u00eda.<\/p>\n<p><strong>Mar\u00eda Jos\u00e9 G\u00f3mez <\/strong>como responsable de\u00a0 entrega de credenciales diplomas etc.<\/p>\n<p>Se espera unos 40 poetas de 10 pa\u00edses que participaran con\u00a0 sus trabajos\u00a0 po\u00e9ticos y las \u00a0inquietudes literarias, presentaran sus nuevos libros publicados.<\/p>\n<p>El\u00a0 Hotel SH ABASHIRI ser\u00e1 el lugar donde se desarrollar\u00e1 todo el encuentro.<\/p>\n<p>En los tres d\u00edas participaran diferentes cantautores que van a poner la nota musical.<\/p>\n<p>Este a\u00f1o nuestro poeta homenajeado ser\u00e1 JUAN RAM\u00d3N JIM\u00c9NEZ y contaremos con la Fundaci\u00f3n del Poeta en una conferencia que ser\u00e1 dada por <strong>Don Antonio Almanza director de la Casa Museo de Moguer ( Huelva)<\/strong><\/p>\n<p>El a\u00f1o pasado una treintena de poetas de ocho pa\u00edses \u00a0compartieron en esos tres d\u00edas su poes\u00eda. Cinco representaciones de Am\u00e9rica latina y tres de Europa, estuvieron unidos por la palabra formando poes\u00eda, que se fundieron con la m\u00fasica y la voz.<\/p>\n<p>Cantautores de \u00dabeda y Baeza, poetas y cantautores de\u00a0 M\u00e9xico y Madrid, llenaron estos d\u00edas\u00a0 con una melod\u00eda envuelta con las palabras que nos uni\u00f3 en el tiempo.<\/p>\n<p>En todo ese encuentro se le rindi\u00f3 \u00a0un homenaje a MIGUEL HERN\u00c1NDEZ\u00a0 con el apoyo de la Fundaci\u00f3n del poeta.<\/p>\n<p>Este a\u00f1o vamos a tener la colaboraci\u00f3n de la concejal\u00eda de Cultura del Ayuntamiento de Valencia y de algunas empresas<\/p>\n<p><a href=\"http:\/\/granadacostanacional.es\/wp-content\/uploads\/2016\/08\/IMG_20151010_200810-1.jpg\"><img decoding=\"async\" loading=\"lazy\" class=\"alignnone wp-image-8504 \" src=\"http:\/\/granadacostanacional.es\/wp-content\/uploads\/2016\/08\/IMG_20151010_200810-1.jpg\" alt=\"IMG_20151010_200810\" width=\"620\" height=\"359\" \/><\/a><\/p>\n<p style=\"text-align: right;\">\u00a0\u00a0\u00a0\u00a0\u00a0\u00a0\u00a0\u00a0\u00a0\u00a0\u00a0\u00a0\u00a0\u00a0\u00a0\u00a0\u00a0\u00a0\u00a0\u00a0\u00a0\u00a0\u00a0\u00a0\u00a0\u00a0\u00a0\u00a0\u00a0\u00a0\u00a0\u00a0\u00a0\u00a0\u00a0\u00a0\u00a0\u00a0\u00a0\u00a0\u00a0\u00a0\u00a0\u00a0\u00a0\u00a0\u00a0\u00a0\u00a0\u00a0\u00a0\u00a0\u00a0\u00a0\u00a0\u00a0\u00a0\u00a0\u00a0\u00a0\u00a0\u00a0\u00a0\u00a0\u00a0\u00a0\u00a0\u00a0\u00a0\u00a0\u00a0\u00a0\u00a0\u00a0\u00a0\u00a0<em><strong>\u00a0 Jos\u00e9 Romero<\/strong><\/em><\/p>\n","protected":false},"excerpt":{"rendered":"<p>La Asociaci\u00f3n Cultural la Platea\u00a0 con sede en Quart de Poblet , los d\u00edas 7,8,9 de Octubre\u00a0 va a celebrar&hellip;<\/p>\n","protected":false},"author":2,"featured_media":8503,"comment_status":"open","ping_status":"open","sticky":false,"template":"","format":"standard","meta":{"om_disable_all_campaigns":false,"_mi_skip_tracking":false,"_monsterinsights_sitenote_active":false,"_monsterinsights_sitenote_note":"","_monsterinsights_sitenote_category":0,"footnotes":""},"categories":[21],"tags":[],"aioseo_notices":[],"_links":{"self":[{"href":"https:\/\/granadacostaglobal.es\/index.php?rest_route=\/wp\/v2\/posts\/8502"}],"collection":[{"href":"https:\/\/granadacostaglobal.es\/index.php?rest_route=\/wp\/v2\/posts"}],"about":[{"href":"https:\/\/granadacostaglobal.es\/index.php?rest_route=\/wp\/v2\/types\/post"}],"author":[{"embeddable":true,"href":"https:\/\/granadacostaglobal.es\/index.php?rest_route=\/wp\/v2\/users\/2"}],"replies":[{"embeddable":true,"href":"https:\/\/granadacostaglobal.es\/index.php?rest_route=%2Fwp%2Fv2%2Fcomments&post=8502"}],"version-history":[{"count":0,"href":"https:\/\/granadacostaglobal.es\/index.php?rest_route=\/wp\/v2\/posts\/8502\/revisions"}],"wp:featuredmedia":[{"embeddable":true,"href":"https:\/\/granadacostaglobal.es\/index.php?rest_route=\/"}],"wp:attachment":[{"href":"https:\/\/granadacostaglobal.es\/index.php?rest_route=%2Fwp%2Fv2%2Fmedia&parent=8502"}],"wp:term":[{"taxonomy":"category","embeddable":true,"href":"https:\/\/granadacostaglobal.es\/index.php?rest_route=%2Fwp%2Fv2%2Fcategories&post=8502"},{"taxonomy":"post_tag","embeddable":true,"href":"https:\/\/granadacostaglobal.es\/index.php?rest_route=%2Fwp%2Fv2%2Ftags&post=8502"}],"curies":[{"name":"wp","href":"https:\/\/api.w.org\/{rel}","templated":true}]}}