{"id":819,"date":"2015-04-12T14:40:31","date_gmt":"2015-04-12T14:40:31","guid":{"rendered":"http:\/\/granadacosta.es\/?p=819"},"modified":"2015-04-12T14:40:31","modified_gmt":"2015-04-12T14:40:31","slug":"proteger-a-las-abejas","status":"publish","type":"post","link":"https:\/\/granadacostaglobal.es\/?p=819","title":{"rendered":"PROTEGER A LAS ABEJAS"},"content":{"rendered":"<p>He le\u00eddo con mucho inter\u00e9s una serie de \u00a0art\u00edculos relacionados con la influencia de las abejas en la polinizaci\u00f3n de nuestras especies arb\u00f3reas andaluzas y las muertes que en los \u00faltimos a\u00f1os vienen padeciendo los que se ocupan de tan delicada profesi\u00f3n, llevando y recogiendo panales e insectos por las carreteras espa\u00f1olas a la \u00a0llegada de \u00a0la primavera. Sabido es, que las abejas juegan un papel esencial en los ecosistemas, porque el 90% de las plantas\u00a0 dependen de la polinizaci\u00f3n.<\/p>\n<p>He querido informarme en directo, preguntando\u00a0 al proveedor que \u00a0desde hace \u00a0muchos \u00a0a\u00f1os\u00a0 \u00a0se viene \u00a0ocupando\u00a0 de poner junto a\u00a0 mis \u00e1rboles sus colmenas, \u00a0para que ambos\u00a0 nos\u00a0 beneficiemos \u00a0del interesante trabajo de\u00a0 estos peligrosos \u00a0animalitos que trabajan en comunidad, \u00a0\u00a0y a las \u00f3rdenes de la reina madre que con tanto celo \u00a0las organiza. Y \u00a0me dec\u00eda\u00a0 que evitaba llevar sus abejas \u00a0a ciertas zonas\u00a0 de M\u00e1laga \u00a0a cultivos convencionales, porque el pasado a\u00f1o se le murieron\u00a0 300 panales envenenados por algunos productos t\u00f3xicos para los insectos y cuyos tratamientos para las plantas estaban prohibidos; y que por ello, hab\u00eda decidido dejar sus colmenas exclusivamente en fincas dedicadas a la agricultura ecol\u00f3gica donde los riesgos eran mucho menores. Aprovech\u00f3 para anunciarme el env\u00edo de sus enjambres, y recordarme que \u00a0sus abejas estaban encantadas de libar las flores de mis\u00a0 litchis porque \u00a0produc\u00edan una miel especialmente deliciosa\u2026<\/p>\n<p>Los que nos dedicamos al cultivo de tropicales,\u00a0 sabemos\u00a0 que la polinizaci\u00f3n de las flores\u00a0 es vital para nuestras futuras producciones\u00a0 y por ello debemos tratar por todos los medios de evitar aquellos productos que\u00a0 puedan causar la muerte de las abejas que\u00a0 se encargan de tan generosa misi\u00f3n y pudieran\u00a0 llegar a desaparecer. Junto a las abejas, otros insectos como abejorros y mariposas son los responsables del proceso y seg\u00fan los informes que se vienen publicando, \u00a0las poblaciones vienen\u00a0 disminuyendo de manera alarmante, \u00a0y ha llegado el momento de que el agricultor colabore en la medida de sus posibilidades, dejando de emplear\u00a0 aquellos\u00a0 plaguicidas t\u00f3xicos\u00a0 para la salud de\u00a0 estas obreras,\u00a0 sustituy\u00e9ndolos\u00a0 por otros especiales \u00a0que los t\u00e9cnicos aconsejen para\u00a0 cada especie. Porque no ser\u00eda posible, y tal vez \u00a0ni aconsejable,\u00a0 cambiar\u00a0 el sistema de agricultura convencional\u00a0 por una agricultura ecol\u00f3gica total, como viene aconsejando al parecer\u00a0 la\u00a0 UE. Las estad\u00edsticas dicen,\u00a0 que un tercio de las plantas \u00a0silvestres dependen de la polinizaci\u00f3n, y la FAO viene advirtiendo, que el problema\u00a0 de la disminuci\u00f3n de abejas est\u00e1 ocurriendo en todo el mundo,\u00a0 y que\u00a0 otros insectos tambi\u00e9n polinizadores est\u00e1n en la misma situaci\u00f3n.<\/p>\n<p>Diferentes informes se\u00f1alan como los plaguicidas m\u00e1s da\u00f1inos los siguientes:\u00a0 imidacloprid, \u00a0clotianidina, tiametoxam, \u00a0fipronil, \u00a0clorpirifos, \u00a0deltametrin \u00a0y \u00a0cipermetrin entre otros).<\/p>\n<p>Por todo ello, el agricultor deber\u00eda cambiar sus pr\u00e1cticas de cultivo si fuera necesario \u00a0de una parte, y por otra, los laboratorios procurando investigar y \u00a0desarrollar \u00a0l\u00edneas\u00a0 de productos y t\u00e9cnicas ecol\u00f3gicas capaces de evitar el grav\u00edsimo problema que nos ocupa;\u00a0 porque de persistir\u00a0 el declive,\u00a0 implicar\u00eda la p\u00e9rdida de productividad \u00a0de\u00a0 la mayor\u00eda de los cultivos que dependen de la polinizaci\u00f3n\u00a0 y que en Europa representan un 84% de los alimentos\u00a0 que consumimos y el noventa por ciento de\u00a0 las plantas silvestres y cultivadas.<\/p>\n<p>Un recordatorio puntual cada a\u00f1o a principios de marzo, \u00a0ayudar\u00eda \u00a0al agricultor a preocuparse y colaborar en el empe\u00f1o y sus cuidados proteger\u00edan a \u00a0las abejas, mientras ellos beneficiar\u00edan tambi\u00e9n \u00a0con \u00a0una mayor producci\u00f3n \u00a0en sus cosechas.<\/p>\n<p>Juli\u00e1n D\u00edaz Robledo.<\/p>\n","protected":false},"excerpt":{"rendered":"<p>He le\u00eddo con mucho inter\u00e9s una serie de \u00a0art\u00edculos relacionados con la influencia de las abejas en la polinizaci\u00f3n de&hellip;<\/p>\n","protected":false},"author":2,"featured_media":820,"comment_status":"open","ping_status":"open","sticky":false,"template":"","format":"standard","meta":{"om_disable_all_campaigns":false,"_mi_skip_tracking":false,"_monsterinsights_sitenote_active":false,"_monsterinsights_sitenote_note":"","_monsterinsights_sitenote_category":0,"footnotes":""},"categories":[21],"tags":[],"aioseo_notices":[],"_links":{"self":[{"href":"https:\/\/granadacostaglobal.es\/index.php?rest_route=\/wp\/v2\/posts\/819"}],"collection":[{"href":"https:\/\/granadacostaglobal.es\/index.php?rest_route=\/wp\/v2\/posts"}],"about":[{"href":"https:\/\/granadacostaglobal.es\/index.php?rest_route=\/wp\/v2\/types\/post"}],"author":[{"embeddable":true,"href":"https:\/\/granadacostaglobal.es\/index.php?rest_route=\/wp\/v2\/users\/2"}],"replies":[{"embeddable":true,"href":"https:\/\/granadacostaglobal.es\/index.php?rest_route=%2Fwp%2Fv2%2Fcomments&post=819"}],"version-history":[{"count":0,"href":"https:\/\/granadacostaglobal.es\/index.php?rest_route=\/wp\/v2\/posts\/819\/revisions"}],"wp:featuredmedia":[{"embeddable":true,"href":"https:\/\/granadacostaglobal.es\/index.php?rest_route=\/"}],"wp:attachment":[{"href":"https:\/\/granadacostaglobal.es\/index.php?rest_route=%2Fwp%2Fv2%2Fmedia&parent=819"}],"wp:term":[{"taxonomy":"category","embeddable":true,"href":"https:\/\/granadacostaglobal.es\/index.php?rest_route=%2Fwp%2Fv2%2Fcategories&post=819"},{"taxonomy":"post_tag","embeddable":true,"href":"https:\/\/granadacostaglobal.es\/index.php?rest_route=%2Fwp%2Fv2%2Ftags&post=819"}],"curies":[{"name":"wp","href":"https:\/\/api.w.org\/{rel}","templated":true}]}}