{"id":8144,"date":"2016-07-21T16:02:12","date_gmt":"2016-07-21T16:02:12","guid":{"rendered":"http:\/\/granadacostanacional.es\/?p=8144"},"modified":"2016-07-21T16:02:12","modified_gmt":"2016-07-21T16:02:12","slug":"circuito-cultural-diciembre-2016","status":"publish","type":"post","link":"https:\/\/granadacostaglobal.es\/?p=8144","title":{"rendered":"CIRCUITO CULTURAL DICIEMBRE 2016"},"content":{"rendered":"<h4 style=\"text-align: center;\">Entrega de premios y distinciones<\/h4>\n<p>Jornadas Culturales despedida 2016, en la Costa Tropical los d\u00edas 15, 16, 17, 18 de diciembre 2016 en el &#8220;Hotel Helios&#8221;<\/p>\n<p>Actividades a realizar:<\/p>\n<p style=\"text-align: center;\"><strong>Jueves d\u00eda 15:<\/strong><\/p>\n<p>Entrada al Hotel a partir de las 12:00 horas. De 13:00 a 15:00 horas, se tomar\u00e1 el almuerzo. 18:00 horas, copa de bienvenida con todos los asistentes m\u00e1s entrega de credenciales y programa de actividades. De 19:00 a 21:00 horas se cenar\u00e1. 21:30 horas, festival <strong>\u201cNOCHES DE ESPA\u00d1A\u201d<\/strong>, Coordinados el cante por Inmaculada Rej\u00f3n y el baile por Soledad Durnes; durante el trascurso de la noche est\u00e1n invitados a participar todos los asistentes.<\/p>\n<p style=\"text-align: center;\"><strong>Viernes d\u00eda 16:<\/strong><\/p>\n<p>Desayuno de 08:00 a 09:30. 10:30 horas: informe del Presidente sobre las actuaciones culturales que ha tenido Granada Costa durante el a\u00f1o 2016. 11:30, conferencia: enmarcada dentro de Aula de Pensamiento, que presentar\u00e1 su Director Alfonso Monteagudo y que en pr\u00f3ximas ediciones se dar\u00e1 a conocer el conferenciante y t\u00edtulo de la conferencia. De 13:00 a 15:00, almuerzo. 18:00 horas, recital po\u00e9tico dirigido por Rogelio Bustos Almendros y Aurora Fern\u00e1ndez (las personas que quieran participar en este recital, tendr\u00e1n que aportar a los organizadores su poema y el nombre con el que participan). De 19:00 a 21:00, la cena. 21:30 horas, velada de flamenco y copla (podr\u00e1n participar todos los asistentes al acto que as\u00ed lo deseen, habi\u00e9ndolo solicitado previamente), en la que pondremos a disposici\u00f3n de los participantes un guitarrista, un piano electr\u00f3nico, un equipo de megafon\u00eda y lector de m\u00fasica.<\/p>\n<p style=\"text-align: center;\"><strong>S\u00e1bado d\u00eda 17:<\/strong><\/p>\n<p>Desayuno de 08:00 a 09:30. A 10:00 de la ma\u00f1ana se har\u00e1 foto de familia para la portada del peri\u00f3dico. 10:30, presentaci\u00f3n en bloque y por v\u00eddeo de diferentes obras de socios de nuestro proyecto cultural Granada Costa. Al terminar el acto se le har\u00e1 entrega a todos los asistentes al circuito de 10 libros de regalo, calendario de 2017, con fotos de ilustraci\u00f3n del circuito 2015, m\u00e1s un estuche de vino de 3 botellas. Almuerzo de 13:00 a 15:00 horas y el resto de la tarde queda libre. A las 21:00 se har\u00e1 entrega de premios y distinciones y todos los asistentes al Circuito recibir\u00e1n el escudo de Granada Costa.<\/p>\n<p style=\"text-align: center;\"><strong>Domingo d\u00eda 18:<\/strong><\/p>\n<p>Desayuno de 08:00 a 09:30. A partir de las 11:00 habr\u00e1 una conferencia sobre vinos de La Rioja y degustaci\u00f3n de los vinos Conde de Hubrite, junto una tapa de queso y jam\u00f3n. Almuerzo de 13:00 a 15:00 horas. Por la tarde habr\u00e1 una escenificaci\u00f3n del Portal de Bel\u00e9n en la que participar\u00e1n los socios que asistan al Circuito. Cena de 19:00 a 21:00 horas.<\/p>\n<p style=\"text-align: center;\"><strong>Lunes D\u00eda 19:<\/strong><\/p>\n<p>Desayuno de 08:00 a 09:30 y despedida.<\/p>\n<p>Para participar en Circuito Cultural y sus actividades deber\u00e1n ponerse en contacto a trav\u00e9s del tel\u00e9fono 958 62 64 73 o el correo <a href=\"mailto:fundacion@granadacosta.es\"><em>fundacion@granadacosta.es<\/em><\/a><\/p>\n<p><strong>Oferta especial para socios y acompa\u00f1ante de los cuatro d\u00edas de Circuito: 192 \u20ac (m\u00e1s IVA), precio por persona y habitaci\u00f3n doble compartida y pensi\u00f3n completa, m\u00e1s todos los aperitivos que en cada recepci\u00f3n ofrezca la organizaci\u00f3n. Las reservas en habitaci\u00f3n individual ser\u00e1n de 252 \u20ac (m\u00e1s IVA). Los horarios de desayuno y comida ser\u00e1n los marcados por el Hotel y los de los diferentes actos que tengamos la organizaci\u00f3n Granada Costa. Todos los asistentes recibir\u00e1n 10 libros, un estuche de tres botellas de vino, escudo de la Fundaci\u00f3n y un calendario de 2017. La organizaci\u00f3n se compromete a grabar todos los actos en v\u00eddeo, poner un guitarrista, un piano electr\u00f3nico, un equipo de megafon\u00eda y un lector de m\u00fasica, as\u00ed como diferentes aperitivos en los diferentes actos (queso, jam\u00f3n, diferentes vinos, licores, surtido de polvorones\u2026) Para reservas en la participaci\u00f3n en el Circuito Cultural y en sus actividades deber\u00e1n ponerse en contacto con Granada Costa a trav\u00e9s del tel\u00e9fono 958 62 64 73 o el correo <a href=\"mailto:fundacion@granadacosta.es\"><em>fundacion@granadacosta.es<\/em><\/a><\/strong><\/p>\n<p><strong>P.D: Se ruega que aquellas personas que quieran aportar ideas para este Circuito se dirijan a la organizaci\u00f3n Granada Costa y ellos decidir\u00e1n si es viable o no.<\/strong><\/p>\n<p><a href=\"http:\/\/granadacostanacional.es\/wp-content\/uploads\/2016\/07\/Helios-hotel-almunecar-2.jpg\"><img decoding=\"async\" loading=\"lazy\" class=\"alignnone wp-image-8146 size-full\" src=\"http:\/\/granadacostanacional.es\/wp-content\/uploads\/2016\/07\/Helios-hotel-almunecar-2.jpg\" alt=\"Helios-hotel-almunecar-2\" width=\"500\" height=\"375\" \/><\/a><\/p>\n<p><a href=\"http:\/\/granadacostanacional.es\/wp-content\/uploads\/2016\/07\/IMG_5719.jpg\"><img decoding=\"async\" loading=\"lazy\" class=\"alignnone wp-image-8148 size-full\" src=\"http:\/\/granadacostanacional.es\/wp-content\/uploads\/2016\/07\/IMG_5719.jpg\" alt=\"IMG_5719\" width=\"425\" height=\"283\" \/><\/a><\/p>\n<p><a href=\"http:\/\/granadacostanacional.es\/wp-content\/uploads\/2016\/07\/IMG_5747.jpg\"><img decoding=\"async\" loading=\"lazy\" class=\"alignnone wp-image-8149 size-full\" src=\"http:\/\/granadacostanacional.es\/wp-content\/uploads\/2016\/07\/IMG_5747.jpg\" alt=\"IMG_5747\" width=\"567\" height=\"378\" \/><\/a><\/p>\n<p><a href=\"http:\/\/granadacostanacional.es\/wp-content\/uploads\/2016\/07\/IMG-20151214-WA0043.jpg\"><img decoding=\"async\" loading=\"lazy\" class=\"alignnone wp-image-8147 \" src=\"http:\/\/granadacostanacional.es\/wp-content\/uploads\/2016\/07\/IMG-20151214-WA0043-1024x576.jpg\" alt=\"IMG-20151214-WA0043\" width=\"835\" height=\"470\" \/><\/a><\/p>\n","protected":false},"excerpt":{"rendered":"<p>Entrega de premios y distinciones Jornadas Culturales despedida 2016, en la Costa Tropical los d\u00edas 15, 16, 17, 18 de&hellip;<\/p>\n","protected":false},"author":2,"featured_media":8151,"comment_status":"open","ping_status":"open","sticky":false,"template":"","format":"standard","meta":{"om_disable_all_campaigns":false,"_mi_skip_tracking":false,"_monsterinsights_sitenote_active":false,"_monsterinsights_sitenote_note":"","_monsterinsights_sitenote_category":0,"footnotes":""},"categories":[31],"tags":[],"aioseo_notices":[],"_links":{"self":[{"href":"https:\/\/granadacostaglobal.es\/index.php?rest_route=\/wp\/v2\/posts\/8144"}],"collection":[{"href":"https:\/\/granadacostaglobal.es\/index.php?rest_route=\/wp\/v2\/posts"}],"about":[{"href":"https:\/\/granadacostaglobal.es\/index.php?rest_route=\/wp\/v2\/types\/post"}],"author":[{"embeddable":true,"href":"https:\/\/granadacostaglobal.es\/index.php?rest_route=\/wp\/v2\/users\/2"}],"replies":[{"embeddable":true,"href":"https:\/\/granadacostaglobal.es\/index.php?rest_route=%2Fwp%2Fv2%2Fcomments&post=8144"}],"version-history":[{"count":0,"href":"https:\/\/granadacostaglobal.es\/index.php?rest_route=\/wp\/v2\/posts\/8144\/revisions"}],"wp:featuredmedia":[{"embeddable":true,"href":"https:\/\/granadacostaglobal.es\/index.php?rest_route=\/"}],"wp:attachment":[{"href":"https:\/\/granadacostaglobal.es\/index.php?rest_route=%2Fwp%2Fv2%2Fmedia&parent=8144"}],"wp:term":[{"taxonomy":"category","embeddable":true,"href":"https:\/\/granadacostaglobal.es\/index.php?rest_route=%2Fwp%2Fv2%2Fcategories&post=8144"},{"taxonomy":"post_tag","embeddable":true,"href":"https:\/\/granadacostaglobal.es\/index.php?rest_route=%2Fwp%2Fv2%2Ftags&post=8144"}],"curies":[{"name":"wp","href":"https:\/\/api.w.org\/{rel}","templated":true}]}}