{"id":7887,"date":"2016-06-27T16:38:30","date_gmt":"2016-06-27T16:38:30","guid":{"rendered":"http:\/\/granadacostanacional.es\/?p=7887"},"modified":"2016-06-27T16:38:30","modified_gmt":"2016-06-27T16:38:30","slug":"y-ahora-que-dirigentes-ahora-hay-que-ser-sinceros-y-tomar-acuerdos-no-autoritarios-ante-la-triste-realidad-que-se-nos-avecina-si-no-se-es-responsable-para-gobernar-nuestro-pais","status":"publish","type":"post","link":"https:\/\/granadacostaglobal.es\/?p=7887","title":{"rendered":"Y ahora qu\u00e9, dirigentes, ahora hay que ser sinceros y tomar acuerdos no autoritarios ante la triste realidad que se nos avecina si no se es responsable para gobernar nuestro pa\u00eds"},"content":{"rendered":"<p>El \u201cBrexit\u201d ya ha ocurrido, el nuevo y dudoso escenario ante la Uni\u00f3n Europea va a ser evidente. Traducido en una quiebra de la seguridad pol\u00edtica y socioecon\u00f3mica en Inglaterra y los imprevisibles efectos de contagio, que puede derivar la influencia en el resto de pa\u00edses europeos. La nueva situaci\u00f3n pol\u00edtica espa\u00f1ola despu\u00e9s de las elecciones de ayer, 26 de junio ya ha sucedido, ahora cabe esperar para ver si se ha generado de verdad nuevos horizontes, que hayan puesto las pilas a los dirigentes pol\u00edticos.<\/p>\n<p>Cabe se\u00f1alar si la crisis pol\u00edtica, que nos ha envuelto en el desapego y en el descr\u00e9dito del gobierno puede erradicar la incertidumbre instalada en gran parte de la sociedad. Los efectos son imprevisibles e inciertos en nuestra socialdemocracia aunque haya un ganador.\u00a0 Esperemos que verdaderamente haya intenci\u00f3n de gobernar mejor, pues la sociedad est\u00e1 m\u00e1s fragmentada y desunida que nunca o tanto como en \u00e9pocas convulsas, y eso s\u00ed lo han conseguido. No deber\u00eda haber juego de tronos, se deber\u00eda dialogar seg\u00fan los resultados. Se ha frenado y se ha alejado \u201cel sorpasso\u201d.<\/p>\n<p>En este mismo sentido se deber\u00eda hacer una lectura reflexiva y cr\u00edtica, y an\u00e1lisis riguroso de si deben renovarse ciertos partidos si miran por la dignidad de su ideolog\u00eda \u00e9tica. Ser\u00eda razonable plantearse el abandono y asumir la responsabilidad que les corresponde a ciertos dirigentes, que por mantenerse en el poder, consideran los resultados electorales, razonablemente satisfechos aun habiendo perdido credibilidad. Por tanto, ser\u00eda necesario replantearse y ser responsables ante las expectativas o fracasos electorales. Es incompatible e incoherente que se traten de justificar las fuerzas pol\u00edticas, aparentando que no han salido mal y no reconocer a quien verdaderamente ha ganado.<\/p>\n<p>Se trata de un nuevo ciclo que deber\u00eda de revitalizar la \u00e9tica y prop\u00f3sitos de nuestros dirigentes si quieren recuperar el \u00e1nimo y la esperanza de la sociedad m\u00e1s desfavorecida. Si quieren solucionar los problemas y preocupaciones de este pa\u00eds que ha ido a menos, tienen que demostrar de una vez por todas, sus verdaderas intenciones y no quedarse en escaparate y mojigata esperp\u00e9ntica de un mundo teatralizado, para compa\u00f1\u00edas que s\u00f3lo est\u00e1n dispuestas a representar\u00a0 s\u00f3lo si el gusto de su direcci\u00f3n se lo permite, sin tener en cuenta los intereses u otros gustos del p\u00fablico.<\/p>\n<p>El caso es que estamos asistiendo a un desmoronamiento humano, que puede ser peligroso por no empatizar \u00a0de ning\u00fan modo con el asentamiento del poder. Por eso, debemos apostar y partir de unos principios b\u00e1sicos, que opten por el respeto de las diferencias y por los menos retrocesos en cuanto a derechos sociales b\u00e1sicos y libertades se refiere. Tanto es as\u00ed que el paro, acabar con la desigualdad y el empobrecimiento de la clase media trabajadora deben ser los objetivos a erradicar\u00a0 en primera instancia, para alcanzar las bases del tan minusvalorado\u00a0 bienestar popular.<\/p>\n<p>Concluyendo, si no queremos una vuelta al pasado m\u00e1s negro de nuestra historia, debemos haber superado \u201cy ahora qu\u00e9\u201d o estar concienciados de que es necesario otra forma de gobernar. Escuchando y vi\u00e9ndose implicados con los problemas y necesidades del pueblo, \u00a0no vaya a ser que se convierta a medio plazo en generaci\u00f3n de odio y violencia. De modo que son tiempos para empatizar, aceptar el perspectivismo orteguiano en la reforma y aprobaci\u00f3n de legislaciones, que se adec\u00faen al m\u00e1ximo consenso y a pactos b\u00e1sicos y urgentes de estado, de verdad, por encima de autoritarismo y ceguera, para cambiar el estado an\u00edmico e insatisfactorio de los m\u00e1s necesitados de la poblaci\u00f3n. Aunque todav\u00eda queda persuadirnos de verdad y no s\u00f3lo en las urnas, que es un\u00a0 primer paso pero respetando los derechos de los dem\u00e1s, se\u00f1ores hay mucho qu\u00e9 hacer y qu\u00e9 decir, que a\u00fan no ha llegado el carnaval. Mu\u00e9strense generosos, agradecidos y adopten por favor la gratitud que todos nos merecemos.<\/p>\n<p>&nbsp;<\/p>\n<p style=\"text-align: right;\"><em><strong>Francisco Velasco Rey<\/strong><\/em><\/p>\n<p style=\"text-align: right;\"><a href=\"http:\/\/lariberena.es\/\"><img decoding=\"async\" loading=\"lazy\" class=\"aligncenter wp-image-7889 size-large\" src=\"http:\/\/granadacostanacional.es\/wp-content\/uploads\/2016\/06\/ribere\u00f1a-762x1024.jpg\" alt=\"GC 449.indd\" width=\"762\" height=\"1024\" \/><\/a><\/p>\n","protected":false},"excerpt":{"rendered":"<p>El \u201cBrexit\u201d ya ha ocurrido, el nuevo y dudoso escenario ante la Uni\u00f3n Europea va a ser evidente. Traducido en&hellip;<\/p>\n","protected":false},"author":2,"featured_media":7888,"comment_status":"open","ping_status":"open","sticky":false,"template":"","format":"standard","meta":{"om_disable_all_campaigns":false,"_mi_skip_tracking":false,"_monsterinsights_sitenote_active":false,"_monsterinsights_sitenote_note":"","_monsterinsights_sitenote_category":0,"footnotes":""},"categories":[21],"tags":[],"aioseo_notices":[],"_links":{"self":[{"href":"https:\/\/granadacostaglobal.es\/index.php?rest_route=\/wp\/v2\/posts\/7887"}],"collection":[{"href":"https:\/\/granadacostaglobal.es\/index.php?rest_route=\/wp\/v2\/posts"}],"about":[{"href":"https:\/\/granadacostaglobal.es\/index.php?rest_route=\/wp\/v2\/types\/post"}],"author":[{"embeddable":true,"href":"https:\/\/granadacostaglobal.es\/index.php?rest_route=\/wp\/v2\/users\/2"}],"replies":[{"embeddable":true,"href":"https:\/\/granadacostaglobal.es\/index.php?rest_route=%2Fwp%2Fv2%2Fcomments&post=7887"}],"version-history":[{"count":0,"href":"https:\/\/granadacostaglobal.es\/index.php?rest_route=\/wp\/v2\/posts\/7887\/revisions"}],"wp:featuredmedia":[{"embeddable":true,"href":"https:\/\/granadacostaglobal.es\/index.php?rest_route=\/"}],"wp:attachment":[{"href":"https:\/\/granadacostaglobal.es\/index.php?rest_route=%2Fwp%2Fv2%2Fmedia&parent=7887"}],"wp:term":[{"taxonomy":"category","embeddable":true,"href":"https:\/\/granadacostaglobal.es\/index.php?rest_route=%2Fwp%2Fv2%2Fcategories&post=7887"},{"taxonomy":"post_tag","embeddable":true,"href":"https:\/\/granadacostaglobal.es\/index.php?rest_route=%2Fwp%2Fv2%2Ftags&post=7887"}],"curies":[{"name":"wp","href":"https:\/\/api.w.org\/{rel}","templated":true}]}}