{"id":7613,"date":"2016-06-16T09:39:57","date_gmt":"2016-06-16T09:39:57","guid":{"rendered":"http:\/\/granadacosta.net\/?p=7613"},"modified":"2016-06-16T09:39:57","modified_gmt":"2016-06-16T09:39:57","slug":"antonio-gutierrez-pregono-las-fiestas-de-velez-de-benaudalla","status":"publish","type":"post","link":"https:\/\/granadacostaglobal.es\/?p=7613","title":{"rendered":"ANTONIO GUTI\u00c9RREZ PREGON\u00d3 LAS FIESTAS DE V\u00c9LEZ DE BENAUDALLA"},"content":{"rendered":"<h2>El pasado d\u00eda 11 de Junio 2016, D. Antonio Guti\u00e9rrez Moreno tuvo la oportunidad de ver un sue\u00f1o hecho realidad, pregonar las fiestas de su pueblo natal, <strong>V\u00e9lez de Benaudalla, Granada, <\/strong>60 a\u00f1os despu\u00e9s de marcharse a L\u00e9rida, Catalu\u00f1a.<\/h2>\n<p><a href=\"http:\/\/granadacosta.net\/wp-content\/uploads\/2016\/06\/P1080189.jpg\"><img decoding=\"async\" loading=\"lazy\" class=\"alignnone  wp-image-7614\" src=\"http:\/\/granadacosta.net\/wp-content\/uploads\/2016\/06\/P1080189-300x160.jpg\" alt=\"P1080189\" width=\"486\" height=\"259\" \/><\/a><\/p>\n<p>&nbsp;<\/p>\n<p><a href=\"http:\/\/granadacosta.net\/wp-content\/uploads\/2016\/06\/P1080179.jpg\"><img decoding=\"async\" loading=\"lazy\" class=\"  wp-image-7615 alignnone\" src=\"http:\/\/granadacosta.net\/wp-content\/uploads\/2016\/06\/P1080179-300x225.jpg\" alt=\"P1080179\" width=\"272\" height=\"205\" \/><\/a> <a href=\"http:\/\/granadacosta.net\/wp-content\/uploads\/2016\/06\/P1080180.jpg\"><img decoding=\"async\" loading=\"lazy\" class=\"  wp-image-7616 alignright\" src=\"http:\/\/granadacosta.net\/wp-content\/uploads\/2016\/06\/P1080180-300x225.jpg\" alt=\"P1080180\" width=\"278\" height=\"210\" \/><\/a><\/p>\n<p>Antonio Guti\u00e9rrez Moreno vive en L\u00e9rida desde hace 60 a\u00f1os, est\u00e1 casado, tiene 4 hijos y 4 nietos, es amante de la poes\u00eda y admira a todo el que la vive. Su amigo, poeta y escritor, Don Carlos Benitez Villodres dijo esto sobre \u00e9l: <em>Ciertamente, uno no elige su vida, sino que es la vida la que lo elige a uno. Antonio Guti\u00e9rrez Moreno es un hombre de bien que fue elegido por la vida y, seg\u00fan su idiosincrasia, la vive guiado por la voz de su inmaculada conciencia.\u00a0 Antonio no eligi\u00f3 las circunstancias con las que se encontr\u00f3 a lo largo y ancho de su vida, pero supo, con rigor, destreza y valent\u00eda, aprovechar las positivas o productivas, y vencer, tras arduos combates \u00edntimos, a las negativas o perniciosas para su propia vida o\/y para la vida de sus seres queridos o dem\u00e1s personas de su entorno m\u00e1s y menos pr\u00f3ximo.<\/em><\/p>\n<p>El escritor Don Marcelino Arellano, en un escrito publicado en Granada Costa habl\u00f3 de V\u00e9lez de Benaudalla y de Antonio Guti\u00e9rrez lo siguiente: <em>V\u00e9lez de Benaudalla es un jard\u00edn de flores todo el a\u00f1o, antesala del para\u00edso de los sue\u00f1os; jardines amados de los nazar\u00edes, por donde el agua corre en un ir sin acabar nunca, precipit\u00e1ndose por cascadas, buscando el r\u00edo que siempre dio vida y prosperidad a todos los vele\u00f1os. Aire puro lleno de fragancia de sus muchos jardines y alegr\u00eda que envuelve como un manto de estrellas. Ah\u00ed, precisamente ah\u00ed, bajo ese manto de estrellas brillantes, emocional y, por qu\u00e9 no, tel\u00farico, naci\u00f3 ANTONIO GUTI\u00c9RREZ MORENO. Antonio bebi\u00f3 de esa agua pura, manantial de frescor, que le acompa\u00f1\u00f3 toda la vida.<\/em><\/p>\n<p>El coordinador Nacional de Cultura del Proyecto Nacional Granada Costa, Don Rogelio Bustos almendros, en otro escrito de Granda Costa , destac\u00f3 las cualidades de Antonio: <em>La cualidad m\u00e1s sobresaliente de ANTONIO GUTI\u00c9RREZ\u00a0 es precisamente su conducta, sus buenos modales que practica en toda ocasi\u00f3n, y eso salta a la vista y llama la atenci\u00f3n en este mundo donde los buenos comportamientos son bienes escasos en una sociedad donde predominan los intereses materiales (y los medios para conseguirlos) sobre los morales, a pesar de que los hombres lleven en s\u00ed el germen del amor, la verdad y la justicia.<\/em><\/p>\n<p>Y los periodistas de COPE de L\u00e9rida, Do\u00f1a Ver\u00f3nica Finestres Esteve y Don Antonio Garc\u00eda Barranco destacaron en otro escrito lo siguiente: <em>Antonio Guti\u00e9rrez Moreno es de esas personas a las que nadie deja indiferente. Desde el\u00a0 mismo instante en que lo conocimos, quedamos atrapados por su personalidad, su carisma, su dulzura, su bondad\u2026 pero, sobre todo, por su inmensa humanidad<\/em><em>.<\/em><\/p>\n<p>La directora adjunto de Granada Costa en Catalu\u00f1a, Do\u00f1a To\u00f1y Castillo Mel\u00e9ndez, le dedic\u00f3 este poema a Antonio Guti\u00e9rrez:<\/p>\n<p><strong>JARDINES DE VIDA. <\/strong><\/p>\n<p><strong>Entre\u00a0 Jardines Nazar\u00edes<\/strong><\/p>\n<p><strong>Naci\u00f3 la voz de\u00a0 un poeta.<\/strong><\/p>\n<p>De \u00e9l cuentan los sabios de Granada<\/p>\n<p>que parti\u00f3 para conquistar tierras.<\/p>\n<p>Pero en la inmensidad de sus mares<\/p>\n<p>siempre naveg\u00f3 con su pueblo entre sus velas.<\/p>\n<p>Cuentan los sabios de Granada<\/p>\n<p>que corr\u00eda entre patios y callejas.<\/p>\n<p>Pero en el atardecer de sus d\u00edas<\/p>\n<p>siempre so\u00f1\u00f3\u00a0 con los \u00e1rboles de estas veredas.<\/p>\n<p><strong>Entre\u00a0 Jardines Nazar\u00edes<\/strong><\/p>\n<p><strong>Naci\u00f3 la voz de\u00a0 un poeta.<\/strong><\/p>\n<p>De \u00e9l se cuentan historias\u2026<\/p>\n<p>Dicen que\u00a0 cas\u00f3 con la joven de las Trenzas.<\/p>\n<p>Dicen que vivi\u00f3 lejos entre caminos y aceras.<\/p>\n<p>Pero que en\u00a0 sus sue\u00f1os de enamorado<\/p>\n<p>viajaba al lugar donde se forjaron sus esencias.<\/p>\n<p>Cuentan los sabios nazar\u00edes de estas y\u00a0 otras \u00e9pocas<\/p>\n<p>Que saben de un hombre con alma de poeta,<\/p>\n<p>Que cuando escribe a\u00f1ora estas tierras<\/p>\n<p>Y cuando vive\u2026<\/p>\n<p>Entre estos Jardines Nazar\u00edes<\/p>\n<p>Crea su leyenda.<\/p>\n<p>A\u00a0 ti, mi muy querido y admirado Antonio Guti\u00e9rrez.<\/p>\n<p>Y yo, el que escribe esta cr\u00f3nica, residente en salobre\u00f1a, nacido en C\u00f3rdoba, pero que tambi\u00e9n he sido emigrante en Catalu\u00f1a, amigo de Antonio, desde hace much\u00edsimos a\u00f1os, quiero destacar de \u00e9l lo siguiente: En todos los actos y puedo decir que han sido m\u00e1s de cien, que he tenido la oportunidad de escuchar a mi amigo Antonio, siempre ha hablado con orgullo y patriotismo de su pueblo natal V\u00e9lez de Benaudalla y por supuesto de su ciudad de acogida L\u00e9rida. Tambi\u00e9n siempre se ha repetido una imagen fija que es el amor de su vida como \u00e9l la describe, la ni\u00f1a de las trenzas largas y\u00a0 negras, que un d\u00eda cogidos de la mano se marcharon a vivir a tierras catalanas, esa imagen siempre se ha repetido unidos y como no pod\u00eda ser de otra manera el 11 de Junio en el balc\u00f3n del ayuntamiento de su pueblo V\u00e9lez de Benaudalla, junto con el alcalde estaba su esposa Carmen arropando a su marido.<\/p>\n<p><a href=\"http:\/\/granadacosta.net\/wp-content\/uploads\/2016\/06\/P1080150.jpg\"><img decoding=\"async\" loading=\"lazy\" class=\"alignnone size-medium wp-image-7621\" src=\"http:\/\/granadacosta.net\/wp-content\/uploads\/2016\/06\/P1080150-300x220.jpg\" alt=\"P1080150\" width=\"300\" height=\"220\" \/><\/a><\/p>\n<p>Antonio Guti\u00e9rrez y su mujer Carmen<\/p>\n<p>El preg\u00f3n que empez\u00f3 con toda puntualidad a las 10 de la noche y con una plaza abarrotada de gente esperando escuchar unas palabras sencillas, pero al mismo tiempo de calor de un paisano, Antonio se creci\u00f3 poco a poco mandando mensajes sobre todo a la juventud, diciendo lo duro que es marcharse de su tierra y les anim\u00f3 a trabajar en un futuro pr\u00f3spero para el pueblo de V\u00e9lez. Tambi\u00e9n hizo un peque\u00f1o recorrido de su vida, desde la Guerra Civil, hasta los d\u00edas de hoy, terminando su intervenci\u00f3n dese\u00e1ndoles a todos sus paisanos y las personas de otros lugares que se encontraban para disfrutar de estas fiestas en honor a de San Antonio unas feliz estancia y Fiestas.<\/p>\n<p><a href=\"http:\/\/granadacosta.net\/wp-content\/uploads\/2016\/06\/P1080208.jpg\"><img decoding=\"async\" loading=\"lazy\" class=\"  wp-image-7617 alignnone\" src=\"http:\/\/granadacosta.net\/wp-content\/uploads\/2016\/06\/P1080208-300x225.jpg\" alt=\"P1080208\" width=\"286\" height=\"215\" \/><\/a> <a href=\"http:\/\/granadacosta.net\/wp-content\/uploads\/2016\/06\/P1080207.jpg\"><img decoding=\"async\" loading=\"lazy\" class=\"  wp-image-7618 alignright\" src=\"http:\/\/granadacosta.net\/wp-content\/uploads\/2016\/06\/P1080207-300x225.jpg\" alt=\"P1080207\" width=\"290\" height=\"218\" \/><\/a><\/p>\n<p>P\u00fablico asistente al preg\u00f3n<\/p>\n<p>Nada m\u00e1s terminar el preg\u00f3n hubo unos fuegos artificiales que tanto pregonero como asistentes contemplaron en dicha plaza.<\/p>\n<p><a href=\"http:\/\/granadacosta.net\/wp-content\/uploads\/2016\/06\/P1080214.jpg\"><img decoding=\"async\" loading=\"lazy\" class=\"  wp-image-7619 alignnone\" src=\"http:\/\/granadacosta.net\/wp-content\/uploads\/2016\/06\/P1080214-300x225.jpg\" alt=\"P1080214\" width=\"278\" height=\"210\" \/><\/a> <a href=\"http:\/\/granadacosta.net\/wp-content\/uploads\/2016\/06\/P1080210.jpg\"><img decoding=\"async\" loading=\"lazy\" class=\"  wp-image-7620 alignright\" src=\"http:\/\/granadacosta.net\/wp-content\/uploads\/2016\/06\/P1080210-300x225.jpg\" alt=\"P1080210\" width=\"291\" height=\"220\" \/><\/a><\/p>\n<p>PD.: Antonio Guti\u00e9rrez tuvo el respaldo de sus amigos de Granada Costa; Rogelio Bustos, Aurora Fern\u00e1ndez, Pepa cortes, Jos\u00e9 Heredia y el que firma esta cr\u00f3nica.<\/p>\n<p style=\"text-align: right;\"><em><strong>Fotos y texto<\/strong><\/em><\/p>\n<p style=\"text-align: right;\"><em><strong>Juan Fern\u00e1ndez Ben\u00edtez<\/strong><\/em><\/p>\n<p style=\"text-align: left;\"><a href=\"http:\/\/granadacosta.net\/wp-content\/uploads\/2016\/06\/P1080144.jpg\"><img decoding=\"async\" loading=\"lazy\" class=\" size-medium wp-image-7622 alignnone\" src=\"http:\/\/granadacosta.net\/wp-content\/uploads\/2016\/06\/P1080144-300x222.jpg\" alt=\"P1080144\" width=\"300\" height=\"222\" \/><\/a><a href=\"http:\/\/granadacosta.net\/wp-content\/uploads\/2016\/06\/P1080168.jpg\"><img decoding=\"async\" loading=\"lazy\" class=\"  wp-image-7623 alignright\" src=\"http:\/\/granadacosta.net\/wp-content\/uploads\/2016\/06\/P1080168-300x163.jpg\" alt=\"P1080168\" width=\"342\" height=\"186\" \/><\/a><\/p>\n<p style=\"text-align: left;\"><a href=\"http:\/\/granadacosta.net\/wp-content\/uploads\/2016\/06\/P10801891.jpg\"><img decoding=\"async\" loading=\"lazy\" class=\"  wp-image-7624 alignnone\" src=\"http:\/\/granadacosta.net\/wp-content\/uploads\/2016\/06\/P10801891-300x160.jpg\" alt=\"P1080189\" width=\"489\" height=\"261\" \/><\/a><\/p>\n<p style=\"text-align: left;\">Antonio Guti\u00e9rrez y su mujer Carmen junto al Alcalde de V\u00e9lez de Benaudalla en el balc\u00f3n del Ayuntamiento.<\/p>\n<p style=\"text-align: left;\"><a href=\"http:\/\/granadacosta.net\/wp-content\/uploads\/2016\/06\/P1080142.jpg\"><img decoding=\"async\" loading=\"lazy\" class=\"  wp-image-7625 alignnone\" src=\"http:\/\/granadacosta.net\/wp-content\/uploads\/2016\/06\/P1080142-300x225.jpg\" alt=\"P1080142\" width=\"340\" height=\"256\" \/><\/a> <a href=\"http:\/\/granadacosta.net\/wp-content\/uploads\/2016\/06\/P1080140.jpg\"><img decoding=\"async\" loading=\"lazy\" class=\"  wp-image-7626 alignright\" src=\"http:\/\/granadacosta.net\/wp-content\/uploads\/2016\/06\/P1080140-300x222.jpg\" alt=\"P1080140\" width=\"328\" height=\"243\" \/><\/a><\/p>\n","protected":false},"excerpt":{"rendered":"<p>El pasado d\u00eda 11 de Junio 2016, D. Antonio Guti\u00e9rrez Moreno tuvo la oportunidad de ver un sue\u00f1o hecho realidad,&hellip;<\/p>\n","protected":false},"author":2,"featured_media":7627,"comment_status":"open","ping_status":"open","sticky":false,"template":"","format":"standard","meta":{"om_disable_all_campaigns":false,"_mi_skip_tracking":false,"_monsterinsights_sitenote_active":false,"_monsterinsights_sitenote_note":"","_monsterinsights_sitenote_category":0,"footnotes":""},"categories":[21],"tags":[],"aioseo_notices":[],"_links":{"self":[{"href":"https:\/\/granadacostaglobal.es\/index.php?rest_route=\/wp\/v2\/posts\/7613"}],"collection":[{"href":"https:\/\/granadacostaglobal.es\/index.php?rest_route=\/wp\/v2\/posts"}],"about":[{"href":"https:\/\/granadacostaglobal.es\/index.php?rest_route=\/wp\/v2\/types\/post"}],"author":[{"embeddable":true,"href":"https:\/\/granadacostaglobal.es\/index.php?rest_route=\/wp\/v2\/users\/2"}],"replies":[{"embeddable":true,"href":"https:\/\/granadacostaglobal.es\/index.php?rest_route=%2Fwp%2Fv2%2Fcomments&post=7613"}],"version-history":[{"count":0,"href":"https:\/\/granadacostaglobal.es\/index.php?rest_route=\/wp\/v2\/posts\/7613\/revisions"}],"wp:featuredmedia":[{"embeddable":true,"href":"https:\/\/granadacostaglobal.es\/index.php?rest_route=\/"}],"wp:attachment":[{"href":"https:\/\/granadacostaglobal.es\/index.php?rest_route=%2Fwp%2Fv2%2Fmedia&parent=7613"}],"wp:term":[{"taxonomy":"category","embeddable":true,"href":"https:\/\/granadacostaglobal.es\/index.php?rest_route=%2Fwp%2Fv2%2Fcategories&post=7613"},{"taxonomy":"post_tag","embeddable":true,"href":"https:\/\/granadacostaglobal.es\/index.php?rest_route=%2Fwp%2Fv2%2Ftags&post=7613"}],"curies":[{"name":"wp","href":"https:\/\/api.w.org\/{rel}","templated":true}]}}