{"id":7495,"date":"2016-06-07T11:07:18","date_gmt":"2016-06-07T11:07:18","guid":{"rendered":"http:\/\/granadacosta.net\/?p=7495"},"modified":"2016-06-07T11:07:18","modified_gmt":"2016-06-07T11:07:18","slug":"corazon-que-escucha-xii","status":"publish","type":"post","link":"https:\/\/granadacostaglobal.es\/?p=7495","title":{"rendered":"Coraz\u00f3n que escucha XII"},"content":{"rendered":"<p>En el decurso de la historia, pocas veces la humanidad se ha favorecido de un tiempo tan repleto de opciones a la diversidad y, al mismo tiempo, con tantas carencias sociales como el que se est\u00e1 viviendo. Tal vez este fen\u00f3meno invite a replantearse que, lejos de sucumbir a la opini\u00f3n p\u00fablica sobre el hecho de que no se dispone de tiempo; se trata de todo lo contrario, <strong>lo importante es darse cuenta de que estamos hechos de tiempo<\/strong> y es de esa magnitud -que llamamos tiempo- de lo \u00fanico que disponemos. En efecto, afortunadamente, en esta vida no todo es producci\u00f3n.<\/p>\n<p>La cuesti\u00f3n es \u00bfc\u00f3mo empleamos el tiempo?, \u00bfy en qu\u00e9?,\u00a0 o incluso cabe la posibilidad de preguntarnos, si realizamos una gesti\u00f3n del tiempo adecuada y coherente con nuestro sentir interno. Algunos, por ejemplo, han optado por llevar una vida sencilla&#8230; y ser\u00eda muy bello rescatar: <strong>\u00bfqu\u00e9 ser\u00eda para usted el retorno a una vida sencilla? <\/strong>Y les insto a que escriban a: <a href=\"mailto:yugmarisa@gmail.com\">yugmarisa@gmail.com<\/a> &#8211; dirigi\u00e9ndose a esta secci\u00f3n: \u201cCoraz\u00f3n que escucha\u201d del\u00a0 Diario Granada Costa &#8211; respondiendo a esta cuesti\u00f3n, sobre la que me gustar\u00eda tratar en el pr\u00f3ximo art\u00edculo.<\/p>\n<p>Con estas palabras lo dej\u00f3 escrito Anthony de Mello: <strong><em>\u201c\u00bfQu\u00e9 se necesita para comprender la f\u00f3rmula de la felicidad? Una sola cosa: la capacidad de escuchar\u201d<\/em>, Anthony de Mello <a href=\"#_ftn1\" name=\"_ftnref1\"><strong>[1]<\/strong><\/a> <\/strong><\/p>\n<p><a href=\"http:\/\/granadacosta.net\/wp-content\/uploads\/2016\/06\/marisa-1.jpg\"><img decoding=\"async\" loading=\"lazy\" class=\"  wp-image-7496 alignnone\" src=\"http:\/\/granadacosta.net\/wp-content\/uploads\/2016\/06\/marisa-1-184x300.jpg\" alt=\"marisa 1\" width=\"267\" height=\"435\" \/><\/a><\/p>\n<p><strong>\u00a0<\/strong>Retomando algunos apuntes biogr\u00e1ficos, cabe destacar que el sacerdote Anthony de Mello, naci\u00f3 el 4 de septiembre de 1931 en Santa Cruz, localidad ubicada en las afueras de Bombay, en la India. Ingres\u00f3 como novicio en la Compa\u00f1\u00eda de Jes\u00fas en 1947. A\u00f1os m\u00e1s tarde\u00a0 en 1952, fue enviado a Espa\u00f1a para estudiar Filosof\u00eda y posteriormente a Am\u00e9rica para estudiar Psicolog\u00eda. Su adhesi\u00f3n a la Psicolog\u00eda Transpersonal, lo llev\u00f3 a utilizar posteriormente en los retiros espirituales que dirig\u00eda, los m\u00e9todos de Carl Rogers basados en el \u201cdirigir sin dirigir\u201d. Es f\u00e1cil recordar, a modo de ejemplo, algunas de sus bell\u00edsimas obras: \u201cEl canto del p\u00e1jaro\u201d, \u201cLa oraci\u00f3n de la rana\u201d, \u201cSadhana. Un camino de oraci\u00f3n\u201d, y tantas otras preciosas huellas que dej\u00f3 como legado sobre los caminos de sabidur\u00eda y conocimiento de la tradici\u00f3n cristiana e hind\u00fa.<\/p>\n<p>Este verano, sin ir m\u00e1s lejos, a algunos de nosotros, en especial a los amantes de la historia y sus or\u00edgenes, nos alegra y nos sorprende descubrir que el Arte de la Caligraf\u00eda Medieval ha retornado. Un ejemplo de vida sencilla. S\u00ed, me refiero al bello arte de escribir a mano, y a\u00fan con plumilla y tinta, como se hac\u00eda anta\u00f1o. Y es que esta bell\u00edsima actividad se est\u00e1 recuperando e implantando, para el disfrute de todas las edades y p\u00fablicos, desde los Monasterios hasta en algunas aulas escolares. A la vista est\u00e1, que este tiempo del que estamos hechos no deja indiferente a nadie. \u00a1Son tiempos de cambio! En los que incluso el retorno a lo cl\u00e1sico ayuda para avanzar. Tal vez ser\u00e1 preciso, de nuevo, tomar el impulso al pulso de la historia.<\/p>\n<p><a href=\"#_ftnref1\" name=\"_ftn1\">[1]<\/a> Conferencia dictada por el padre Anthony de Mello, el 15 de Noviembre de 1986 en la universidad de Fordham, en Nueva York. Redescubrir la vida, Anthony de Mello.<\/p>\n<p><a href=\"http:\/\/granadacosta.net\/wp-content\/uploads\/2016\/06\/marisa-2.jpg\"><img decoding=\"async\" loading=\"lazy\" class=\"  wp-image-7497 alignnone\" src=\"http:\/\/granadacosta.net\/wp-content\/uploads\/2016\/06\/marisa-2-300x227.jpg\" alt=\"marisa 2\" width=\"443\" height=\"335\" \/><\/a><\/p>\n<p>&nbsp;<\/p>\n<p style=\"text-align: right;\"><em><strong>\u00a0Marisa Barros<\/strong><\/em><\/p>\n","protected":false},"excerpt":{"rendered":"<p>En el decurso de la historia, pocas veces la humanidad se ha favorecido de un tiempo tan repleto de opciones&hellip;<\/p>\n","protected":false},"author":2,"featured_media":2578,"comment_status":"open","ping_status":"open","sticky":false,"template":"","format":"standard","meta":{"om_disable_all_campaigns":false,"_mi_skip_tracking":false,"_monsterinsights_sitenote_active":false,"_monsterinsights_sitenote_note":"","_monsterinsights_sitenote_category":0,"footnotes":""},"categories":[21],"tags":[],"aioseo_notices":[],"_links":{"self":[{"href":"https:\/\/granadacostaglobal.es\/index.php?rest_route=\/wp\/v2\/posts\/7495"}],"collection":[{"href":"https:\/\/granadacostaglobal.es\/index.php?rest_route=\/wp\/v2\/posts"}],"about":[{"href":"https:\/\/granadacostaglobal.es\/index.php?rest_route=\/wp\/v2\/types\/post"}],"author":[{"embeddable":true,"href":"https:\/\/granadacostaglobal.es\/index.php?rest_route=\/wp\/v2\/users\/2"}],"replies":[{"embeddable":true,"href":"https:\/\/granadacostaglobal.es\/index.php?rest_route=%2Fwp%2Fv2%2Fcomments&post=7495"}],"version-history":[{"count":0,"href":"https:\/\/granadacostaglobal.es\/index.php?rest_route=\/wp\/v2\/posts\/7495\/revisions"}],"wp:featuredmedia":[{"embeddable":true,"href":"https:\/\/granadacostaglobal.es\/index.php?rest_route=\/"}],"wp:attachment":[{"href":"https:\/\/granadacostaglobal.es\/index.php?rest_route=%2Fwp%2Fv2%2Fmedia&parent=7495"}],"wp:term":[{"taxonomy":"category","embeddable":true,"href":"https:\/\/granadacostaglobal.es\/index.php?rest_route=%2Fwp%2Fv2%2Fcategories&post=7495"},{"taxonomy":"post_tag","embeddable":true,"href":"https:\/\/granadacostaglobal.es\/index.php?rest_route=%2Fwp%2Fv2%2Ftags&post=7495"}],"curies":[{"name":"wp","href":"https:\/\/api.w.org\/{rel}","templated":true}]}}