{"id":7371,"date":"2016-05-30T09:24:42","date_gmt":"2016-05-30T09:24:42","guid":{"rendered":"http:\/\/granadacosta.net\/?p=7371"},"modified":"2016-05-30T09:24:42","modified_gmt":"2016-05-30T09:24:42","slug":"presentacion-del-libro-cuentos-poemas-y-pensamientos-de-jose-maria-gutierrez","status":"publish","type":"post","link":"https:\/\/granadacostaglobal.es\/?p=7371","title":{"rendered":"PRESENTACI\u00d3N DEL LIBRO: CUENTOS, POEMAS Y PENSAMIENTOS DE JOS\u00c9 MAR\u00cdA GUTI\u00c9RREZ"},"content":{"rendered":"<p>D\u00eda 18 de Mayo a las 6 de la tarde tuvo lugar la presentaci\u00f3n del libro en Palma de Mallorca.<\/p>\n<p>El acto estuvo amenizado mientras iba entrando el numeros\u00edsimo p\u00fablico que quiso arropar a <strong>Jos\u00e9 M\u00aa Guti\u00e9rrez,\u00a0 <\/strong>con m\u00fasica y poemas cantados por <strong>Juan Manuel Serrat <\/strong>entre otros<strong>, <\/strong>vamos, todo un lujo que le debemos al saber hacer de <strong>Pedro Calvi\u00f1o.<\/strong><\/p>\n<p>La mesa estaba constituida por el propio <strong>Jos\u00e9 M\u00aa Guti\u00e9rrez y Diego Sabiote<\/strong> que se encargaba de la presentaci\u00f3n del mismo.<\/p>\n<p>Jos\u00e9 M\u00aa, quiso lo primero agradecer el apoyo a su familia y a tantos amigos que hab\u00edan asistido al acto de la presentaci\u00f3n del humilde libro que hab\u00eda escrito, para pasar a continuaci\u00f3n a presentar a Diego Sabiote, un hombre por si alguien no lo conoc\u00eda, que para \u00e9l constitu\u00eda un verdadero honor, que agradec\u00eda enormemente que leyera su libro para hacer la presentaci\u00f3n, enemigo de halagos, almeriense, licenciado en filosof\u00eda y letras, te\u00f3logo, que ha escrito m\u00e1s de 20 libros, cada uno de los cuales constituye una verdadera gozada leer, del libro: \u201cLa escala de Jacob\u201d ha extra\u00eddo unos versos para leerlos y deleitar a los presentes.<\/p>\n<p>Continu\u00f3 Jos\u00e9 M\u00aa diciendo que sab\u00eda que iba a hacer un juicio justo de su humilde libro, d\u00e1ndole las gracias se encomend\u00f3 en sus manos.<\/p>\n<p>A continuaci\u00f3n Diego tomo la palabra diciendo, que el verdadero protagonista del evento era Jos\u00e9 M\u00aa y su libro, que se hab\u00eda sentido muy a gusto leyendo la obra.<\/p>\n<p>No quer\u00eda hacer reminiscencias porque es \u00e9l y sus circunstancias que le han llevado a escribir este libro.<\/p>\n<p>A continuaci\u00f3n nos present\u00f3 al autor de la obra, gallego, que se establece en Mallorca y se casa, teniendo 3 hijos y 5 nietos, asiste a la Universidad para mayores, en donde cursa humanidades, a cursos\u00a0 de Historia y Patrimonio de la Humanidad de la Fundaci\u00f3n cultural\u00a0 de la Caja de Ahorros, escribe poes\u00eda y prosa. Es el coordinador del Taller de poes\u00eda: \u201cAndr\u00e9s Jofre\u201d de la Banca March, siendo un ejemplo de autodidacta.<\/p>\n<p>Le agradecemos que tomara la determinaci\u00f3n de venir a Mallorca.<\/p>\n<p>Qu\u00e9 nos encontramos al leer el libro, pues tres formas de expresi\u00f3n, con una sensibilidad rica y profunda, quedando enganchado a la obra desde el principio.<\/p>\n<p>Est\u00e1 compuesta de tres formas de escritura: Por un lado la narrativa, por otro la po\u00e9tica, para terminar con pensamientos o aforismos.<\/p>\n<p>Continu\u00f3 Diego Sabiote haciendo alusi\u00f3n a cada uno de las narraciones del libro para hacernos una reflexi\u00f3n relativa al mismo, \u201cconviene hacer memoria, buscar los grandes logros que ha conseguido la humanidad, hay que mirar al pasado, a las grandes voces humanistas que ha dado la humanidad\u201d.<\/p>\n<p>Jos\u00e9 M\u00aa es un hombre autodidacta y modestamente en este libro ha tocado los grandes problemas de la humanidad, dando un paso adelante, le da sinceramente su enhorabuena.<\/p>\n<p>Fue un placer escucharle, como si asisti\u00e9ramos a una clase magistral, me encant\u00f3.<\/p>\n<p>Jos\u00e9 M\u00aa agradeci\u00f3 todo lo que dijo y s\u00f3lo ten\u00eda unas palabras que a\u00f1adir y era dar las gracias, porque con su an\u00e1lisis le hab\u00eda superado.<\/p>\n<p>A continuaci\u00f3n la hija de Jos\u00e9 M\u00aa nos present\u00f3 a <strong>Antonio Bonet Sancler<\/strong>, indicando que le vio actuar en Granada por primera vez y les transmiti\u00f3 mucho, quedando asombrados por los grandes textos que recitaba y por esa cuantiosa memoria que pose\u00eda.<\/p>\n<p>Por su parte Antonio Bonet recit\u00f3 dos poemas antiguos, de m\u00e1s de 60 a\u00f1os y fueron: Mi compa\u00f1ero y El feo, ambos de Rafael de Le\u00f3n.<\/p>\n<p>Arranc\u00f3 un multitudinario y largo aplauso de gente enfervorizada, entregada y satisfecha.<\/p>\n<p>Jos\u00e9 M\u00aa agradeci\u00f3 muy sinceramente que Antonio Bonet hubiera podido asistir, a pesar de estar tan ocupado.<\/p>\n<p>Gracias Antonio por deleitarnos siempre generosamente con tan buenos momentos.<\/p>\n<p>El numeroso p\u00fablico que no quiso perderse la presentaci\u00f3n \u00a0\u00a0abarrot\u00f3 la sala, de manera que hubo much\u00edsima gente de pie porque ya no cab\u00edamos, entre otras personas estuvieron: <strong>Juana Jordi, Bernardo Moy\u00e1, Pepa Cort\u00e9s, Jos\u00e9 Heredia, Fernanda Llabr\u00e9s, Marcelino Arellano, Anny Sastre, Inocencia Frisuelo, Pedro Calvi\u00f1o, Juana M\u00aa Sal\u00f3m, Carmen Roca, Margarita Rebassa, M\u00aa Carmen Sastre, Diego Sabiote, Antonio Bonet Sancler, Fco. Balaguer, Concha Coll, Enrique Mart\u00ednez, Gabriel Mateu, Jes\u00fas Guil, Herminia Delgado, Hortensia Rioja, los amigos \u201ccanallas\u201d de senderismo de la Banca March, y as\u00ed un largo etc\u00e9tera.<\/strong><\/p>\n<p>&nbsp;<\/p>\n<p style=\"text-align: right;\"><em><strong>Fernanda Llabr\u00e9s<\/strong><\/em><\/p>\n<p style=\"text-align: left;\"><a href=\"http:\/\/granadacosta.net\/wp-content\/uploads\/2016\/05\/753.jpg\"><img decoding=\"async\" loading=\"lazy\" class=\"  wp-image-7372 alignnone\" src=\"http:\/\/granadacosta.net\/wp-content\/uploads\/2016\/05\/753-300x201.jpg\" alt=\"753\" width=\"400\" height=\"268\" \/><\/a><\/p>\n<p style=\"text-align: left;\">Jos\u00e9 Mar\u00eda Guti\u00e9rrez junto a Diego Sabiote<\/p>\n<p style=\"text-align: left;\"><a href=\"http:\/\/granadacosta.net\/wp-content\/uploads\/2016\/05\/754.jpg\"><img decoding=\"async\" loading=\"lazy\" class=\"  wp-image-7374 alignnone\" src=\"http:\/\/granadacosta.net\/wp-content\/uploads\/2016\/05\/754-300x201.jpg\" alt=\"754\" width=\"401\" height=\"268\" \/><\/a><\/p>\n<p style=\"text-align: left;\">Isabel Guti\u00e9rrez presentando a Antonio Bonet San-Cler<\/p>\n<p style=\"text-align: left;\"><a href=\"http:\/\/granadacosta.net\/wp-content\/uploads\/2016\/05\/762.jpg\"><img decoding=\"async\" loading=\"lazy\" class=\"  wp-image-7376 alignnone\" src=\"http:\/\/granadacosta.net\/wp-content\/uploads\/2016\/05\/762-300x292.jpg\" alt=\"762\" width=\"338\" height=\"329\" \/><\/a><\/p>\n<p style=\"text-align: left;\">Antonio Bonet San-Cler durante su recital<\/p>\n<p style=\"text-align: left;\"><a href=\"http:\/\/granadacosta.net\/wp-content\/uploads\/2016\/05\/755.jpg\"><img decoding=\"async\" loading=\"lazy\" class=\"  wp-image-7377 alignnone\" src=\"http:\/\/granadacosta.net\/wp-content\/uploads\/2016\/05\/755-300x199.jpg\" alt=\"755\" width=\"415\" height=\"275\" \/><\/a><\/p>\n<p style=\"text-align: left;\">Antonio Bonet San-Cler durante su recital<\/p>\n<p style=\"text-align: left;\">\n<p style=\"text-align: left;\"><a href=\"http:\/\/granadacosta.net\/wp-content\/uploads\/2016\/05\/766.jpg\"><img decoding=\"async\" loading=\"lazy\" class=\"  wp-image-7378 alignnone\" src=\"http:\/\/granadacosta.net\/wp-content\/uploads\/2016\/05\/766-300x202.jpg\" alt=\"766\" width=\"407\" height=\"274\" \/><\/a><\/p>\n<p style=\"text-align: left;\">Jos\u00e9 Mar\u00eda Guti\u00e9rrez junto a Diego Sabiote<\/p>\n<p style=\"text-align: left;\"><a href=\"http:\/\/granadacosta.net\/wp-content\/uploads\/2016\/05\/765.jpg\"><img decoding=\"async\" loading=\"lazy\" class=\"  wp-image-7379 alignnone\" src=\"http:\/\/granadacosta.net\/wp-content\/uploads\/2016\/05\/765-300x202.jpg\" alt=\"765\" width=\"400\" height=\"269\" \/><\/a><\/p>\n<p>Jos\u00e9 Mar\u00eda Guti\u00e9rrez junto a Antonio Bonet San-Cler<a href=\"http:\/\/granadacosta.net\/wp-content\/uploads\/2016\/05\/762.jpg\"><\/p>\n<p><\/a><\/p>\n<p><a href=\"http:\/\/granadacosta.net\/wp-content\/uploads\/2016\/05\/767.jpg\"><img decoding=\"async\" loading=\"lazy\" class=\"  wp-image-7380 alignnone\" src=\"http:\/\/granadacosta.net\/wp-content\/uploads\/2016\/05\/767-300x199.jpg\" alt=\"767\" width=\"439\" height=\"291\" \/><\/a><\/p>\n<p style=\"text-align: left;\">Jos\u00e9 Mar\u00eda Guti\u00e9rrez firmando libros ante la presencia de D. Eugenio de la cruz y Ana mar\u00eda de la revista tardo.<\/p>\n<p style=\"text-align: left;\"><a href=\"http:\/\/granadacosta.net\/wp-content\/uploads\/2016\/05\/741.jpg\"><img decoding=\"async\" loading=\"lazy\" class=\"  wp-image-7375 alignnone\" src=\"http:\/\/granadacosta.net\/wp-content\/uploads\/2016\/05\/741-300x200.jpg\" alt=\"741\" width=\"443\" height=\"295\" \/><\/a><\/p>\n<p style=\"text-align: left;\">\n<p style=\"text-align: left;\">Parte del p\u00fablico asistente al acto de presentaci\u00f3n.<\/p>\n<p style=\"text-align: right;\">\n","protected":false},"excerpt":{"rendered":"<p>D\u00eda 18 de Mayo a las 6 de la tarde tuvo lugar la presentaci\u00f3n del libro en Palma de Mallorca.&hellip;<\/p>\n","protected":false},"author":2,"featured_media":7381,"comment_status":"open","ping_status":"open","sticky":false,"template":"","format":"standard","meta":{"om_disable_all_campaigns":false,"_mi_skip_tracking":false,"_monsterinsights_sitenote_active":false,"_monsterinsights_sitenote_note":"","_monsterinsights_sitenote_category":0,"footnotes":""},"categories":[21],"tags":[],"aioseo_notices":[],"_links":{"self":[{"href":"https:\/\/granadacostaglobal.es\/index.php?rest_route=\/wp\/v2\/posts\/7371"}],"collection":[{"href":"https:\/\/granadacostaglobal.es\/index.php?rest_route=\/wp\/v2\/posts"}],"about":[{"href":"https:\/\/granadacostaglobal.es\/index.php?rest_route=\/wp\/v2\/types\/post"}],"author":[{"embeddable":true,"href":"https:\/\/granadacostaglobal.es\/index.php?rest_route=\/wp\/v2\/users\/2"}],"replies":[{"embeddable":true,"href":"https:\/\/granadacostaglobal.es\/index.php?rest_route=%2Fwp%2Fv2%2Fcomments&post=7371"}],"version-history":[{"count":0,"href":"https:\/\/granadacostaglobal.es\/index.php?rest_route=\/wp\/v2\/posts\/7371\/revisions"}],"wp:featuredmedia":[{"embeddable":true,"href":"https:\/\/granadacostaglobal.es\/index.php?rest_route=\/"}],"wp:attachment":[{"href":"https:\/\/granadacostaglobal.es\/index.php?rest_route=%2Fwp%2Fv2%2Fmedia&parent=7371"}],"wp:term":[{"taxonomy":"category","embeddable":true,"href":"https:\/\/granadacostaglobal.es\/index.php?rest_route=%2Fwp%2Fv2%2Fcategories&post=7371"},{"taxonomy":"post_tag","embeddable":true,"href":"https:\/\/granadacostaglobal.es\/index.php?rest_route=%2Fwp%2Fv2%2Ftags&post=7371"}],"curies":[{"name":"wp","href":"https:\/\/api.w.org\/{rel}","templated":true}]}}