{"id":7147,"date":"2016-05-14T08:51:52","date_gmt":"2016-05-14T08:51:52","guid":{"rendered":"http:\/\/granadacosta.net\/?p=7147"},"modified":"2016-05-14T08:51:52","modified_gmt":"2016-05-14T08:51:52","slug":"me-honra-presentar-a-un-gran-amigo-amante-de-la-cultura-d-jose-ramon-barajas-presidente-fundador-de-la-casa-de-andalucia-en-lleida-hoy-socio-del-periodico-cultural-granada-costa","status":"publish","type":"post","link":"https:\/\/granadacostaglobal.es\/?p=7147","title":{"rendered":"Me honra presentar a un gran amigo amante de la Cultura D. Jos\u00e9 Ram\u00f3n Barajas Presidente fundador de la Casa de Andaluc\u00eda en Lleida Hoy socio del Peri\u00f3dico Cultural Granada Costa"},"content":{"rendered":"<p>La Casa de Andaluc\u00eda en Lleida se fund\u00f3 en el a\u00f1o 1981. Los primeros socios de aquella \u00e9poca consideraron que debido al gran n\u00famero de andaluces residentes en la ciudad, Andaluc\u00eda deb\u00eda estar representada en Lleida, siendo su impulsor D. Jos\u00e9 Ram\u00f3n Barajas el Presidente fundador, de esta forma consiguieron que la cultura andaluza no se difuminase en el olvido, mostrando a la ciudad, autoridades, entidades p\u00fablicas y en definitiva, a todos los ciudadanos, su agradecimiento por las relaciones afectivas que siempre han existido.<\/p>\n<p><a href=\"http:\/\/granadacosta.net\/wp-content\/uploads\/2016\/05\/Hca1.jpg\"><img decoding=\"async\" loading=\"lazy\" class=\"aligncenter size-full wp-image-7148\" src=\"http:\/\/granadacosta.net\/wp-content\/uploads\/2016\/05\/Hca1.jpg\" alt=\"Hca1\" width=\"547\" height=\"783\" \/><\/a><\/p>\n<p>El primer local social donde se ubic\u00f3 la casa, fue en la calle Panera, n\u00famero 11. Posteriormente ocup\u00f3 un local de la calle Comtes d\u2019Urgell, junto a los bloques Catalunya, pasando por un local cedido, en la barriada de Cappont, por el Ayuntamiento de la Paeria. Seguidamente pas\u00f3 a la calle General Britos, n\u00famero 27, donde permaneci\u00f3 hasta el a\u00f1o 2000, y en la actualidad se encuentra en la Avenida Madrid, n\u00famero 15 bajos y calle Bisbe Messeguer n\u00famero 1 de Lleida..Fueron muchas las personas que, de una forma an\u00f3nima y altruista, colaboraron antes, durante y en la actualidad, para conseguir \u00a0y mantener el centro cultural y social que es la Casa de Andaluc\u00eda en estos momentos, destacando a los Presidentes que estuvieron al frente representando \u00a0a La Casa dentro y fuera de ella, por orden cronol\u00f3gico fueron:<\/p>\n<ol>\n<li>JOS\u00c9 RAM\u00d3N BARAJAS. D. ANTONIO ESPINOSA ORTEGA<\/li>\n<\/ol>\n<p>D\u00aa MARIBEL PARDO RODR\u00cdGUEZ.\u00a0 D. ANTONIO EST\u00c9VEZ EST\u00c9VEZ.D.<\/p>\n<p>LU\u00cdS SERRANO RUIZ. D. JORDI SOLANA AGUILERA (<em>Actual Presiente<\/em>)<\/p>\n<p>Durante la Presidencia de D. Lu\u00eds Serrano Ruiz le fue concedido a La Casa de Andaluc\u00eda de Lleida el Premio Comunidades Andaluzas en el Exterior 2005, siendo un honor para esta Casa el haber recibido tan importante distinci\u00f3n. Tambi\u00e9n cabe destacar el trabajo un\u00e1nime de todos los andaluces y Autoridades de Lleida para conseguir que asociaciones culturales, religiosas y otras organizaciones andaluzas que se encontraban diseminadas por Lleida quedaran unidas para siempre en La Casa de todos los andaluces, <strong>La Casa de Andaluc\u00eda de Lleida<\/strong>.<\/p>\n<p>El actual Presidente y representante de la Casa de Andaluc\u00eda D. Jordi Solana Aguilera, la Junta de Gobierno, los Grupos de Teatro, el Balc\u00f3n Po\u00e9tico Andaluz, los Coros Rocieros, la Escuela de Baile, la Hermandad de Nuestra Se\u00f1ora del Roc\u00edo, la Pe\u00f1a Taurina, el \u00c1rea de la Mujer, el \u00c1rea de la Juventud, el Rinc\u00f3n Flamenco y todas las Asociaciones Culturales, Religiosas y todas las Organizaciones Andaluzas, recientemente unidas a La Casa, junto con la uni\u00f3n de todos los socios, trabajan con la inestimable colaboraci\u00f3n de las Autoridades, Casas y Centros Regionales y asociaciones culturales de Lleida, para seguir divulgando nuestra cultura con muchas actividades internas y otras de \u00e1mbito popular como la Feria de Abril, el Roc\u00edo, la Procesi\u00f3n del Silencio en Semana Santa y la Semana Cultural dedicada cada a\u00f1o a una de nuestra Provincias y Ciudades Andaluzas, disfrutando y participando en estas actividades todos los ciudadanos de Lleida y Provincias lim\u00edtrofes, siendo el \u00fanico prop\u00f3sito de esta Casa compartir y divulgar nuestra cultura con todas y cada una de las diferentes culturas existentes en Lleida.<\/p>\n<p>&nbsp;<\/p>\n<p style=\"text-align: right;\"><em><strong>Antonio Gutierrez Moreno<\/strong><\/em><\/p>\n","protected":false},"excerpt":{"rendered":"<p>La Casa de Andaluc\u00eda en Lleida se fund\u00f3 en el a\u00f1o 1981. Los primeros socios de aquella \u00e9poca consideraron que&hellip;<\/p>\n","protected":false},"author":2,"featured_media":7149,"comment_status":"open","ping_status":"open","sticky":false,"template":"","format":"standard","meta":{"om_disable_all_campaigns":false,"_mi_skip_tracking":false,"_monsterinsights_sitenote_active":false,"_monsterinsights_sitenote_note":"","_monsterinsights_sitenote_category":0,"footnotes":""},"categories":[21],"tags":[],"aioseo_notices":[],"_links":{"self":[{"href":"https:\/\/granadacostaglobal.es\/index.php?rest_route=\/wp\/v2\/posts\/7147"}],"collection":[{"href":"https:\/\/granadacostaglobal.es\/index.php?rest_route=\/wp\/v2\/posts"}],"about":[{"href":"https:\/\/granadacostaglobal.es\/index.php?rest_route=\/wp\/v2\/types\/post"}],"author":[{"embeddable":true,"href":"https:\/\/granadacostaglobal.es\/index.php?rest_route=\/wp\/v2\/users\/2"}],"replies":[{"embeddable":true,"href":"https:\/\/granadacostaglobal.es\/index.php?rest_route=%2Fwp%2Fv2%2Fcomments&post=7147"}],"version-history":[{"count":0,"href":"https:\/\/granadacostaglobal.es\/index.php?rest_route=\/wp\/v2\/posts\/7147\/revisions"}],"wp:featuredmedia":[{"embeddable":true,"href":"https:\/\/granadacostaglobal.es\/index.php?rest_route=\/"}],"wp:attachment":[{"href":"https:\/\/granadacostaglobal.es\/index.php?rest_route=%2Fwp%2Fv2%2Fmedia&parent=7147"}],"wp:term":[{"taxonomy":"category","embeddable":true,"href":"https:\/\/granadacostaglobal.es\/index.php?rest_route=%2Fwp%2Fv2%2Fcategories&post=7147"},{"taxonomy":"post_tag","embeddable":true,"href":"https:\/\/granadacostaglobal.es\/index.php?rest_route=%2Fwp%2Fv2%2Ftags&post=7147"}],"curies":[{"name":"wp","href":"https:\/\/api.w.org\/{rel}","templated":true}]}}