{"id":708,"date":"2015-03-28T17:54:40","date_gmt":"2015-03-28T17:54:40","guid":{"rendered":"http:\/\/granadacosta.es\/?p=708"},"modified":"2015-03-28T17:54:40","modified_gmt":"2015-03-28T17:54:40","slug":"grupo-acentos","status":"publish","type":"post","link":"https:\/\/granadacostaglobal.es\/?p=708","title":{"rendered":"GRUPO ACENTOS"},"content":{"rendered":"<p style=\"text-align: center;\"><a href=\"http:\/\/granadacosta.es\/wp-content\/uploads\/2015\/03\/DSC_0540-e1427564210924.jpg\"><img decoding=\"async\" loading=\"lazy\" class=\"alignnone size-medium wp-image-709\" src=\"http:\/\/granadacosta.es\/wp-content\/uploads\/2015\/03\/DSC_0540-e1427564210924-300x169.jpg\" alt=\"DSC_0540\" width=\"300\" height=\"169\" \/><\/a><\/p>\n<p style=\"text-align: center;\">Elisabeth Mu\u00f1oz y Alfonso Monteagudo<\/p>\n<p style=\"text-align: left;\">El presidente del Grupo Art\u00edstico ACENTOS, Alfonso Monteagudo, nombra a Miss Eli, la psicopedagoga y escritora Elizabeth Mu\u00f1oz, directora del \u00c1rea de psicolog\u00eda evolutiva.<\/p>\n","protected":false},"excerpt":{"rendered":"<p>Elisabeth Mu\u00f1oz y Alfonso Monteagudo El presidente del Grupo Art\u00edstico ACENTOS, Alfonso Monteagudo, nombra a Miss Eli, la psicopedagoga y&hellip;<\/p>\n","protected":false},"author":5,"featured_media":0,"comment_status":"open","ping_status":"open","sticky":false,"template":"","format":"standard","meta":{"om_disable_all_campaigns":false,"_mi_skip_tracking":false,"_monsterinsights_sitenote_active":false,"_monsterinsights_sitenote_note":"","_monsterinsights_sitenote_category":0,"footnotes":""},"categories":[21],"tags":[],"aioseo_notices":[],"_links":{"self":[{"href":"https:\/\/granadacostaglobal.es\/index.php?rest_route=\/wp\/v2\/posts\/708"}],"collection":[{"href":"https:\/\/granadacostaglobal.es\/index.php?rest_route=\/wp\/v2\/posts"}],"about":[{"href":"https:\/\/granadacostaglobal.es\/index.php?rest_route=\/wp\/v2\/types\/post"}],"author":[{"embeddable":true,"href":"https:\/\/granadacostaglobal.es\/index.php?rest_route=\/wp\/v2\/users\/5"}],"replies":[{"embeddable":true,"href":"https:\/\/granadacostaglobal.es\/index.php?rest_route=%2Fwp%2Fv2%2Fcomments&post=708"}],"version-history":[{"count":0,"href":"https:\/\/granadacostaglobal.es\/index.php?rest_route=\/wp\/v2\/posts\/708\/revisions"}],"wp:attachment":[{"href":"https:\/\/granadacostaglobal.es\/index.php?rest_route=%2Fwp%2Fv2%2Fmedia&parent=708"}],"wp:term":[{"taxonomy":"category","embeddable":true,"href":"https:\/\/granadacostaglobal.es\/index.php?rest_route=%2Fwp%2Fv2%2Fcategories&post=708"},{"taxonomy":"post_tag","embeddable":true,"href":"https:\/\/granadacostaglobal.es\/index.php?rest_route=%2Fwp%2Fv2%2Ftags&post=708"}],"curies":[{"name":"wp","href":"https:\/\/api.w.org\/{rel}","templated":true}]}}