{"id":690,"date":"2015-03-28T11:42:41","date_gmt":"2015-03-28T11:42:41","guid":{"rendered":"http:\/\/granadacosta.es\/?p=690"},"modified":"2015-03-28T11:42:41","modified_gmt":"2015-03-28T11:42:41","slug":"grupo-de-teatro-inquietudes","status":"publish","type":"post","link":"https:\/\/granadacostaglobal.es\/?p=690","title":{"rendered":"GRUPO DE TEATRO INQUIETUDES"},"content":{"rendered":"<p style=\"text-align: justify;\">Para el Grupo de Teatro <em>Inquietudes <\/em>la ma\u00f1ana de los mi\u00e9rcoles est\u00e1 dedicada a su preparaci\u00f3n para el buen resultado de sus proyectos art\u00edsticos. Desde hace unos meses, se haya perfilando su reaparici\u00f3n en la Sala <em>Luz de Gas<\/em> de Barcelona el 18 del pr\u00f3ximo Mayo. Con el mismo entusiasmo de siempre, sus componentes nos entregamos a una gran actividad, puestos nuestros cinco sentidos en la inalterable tarea, promovida con id\u00e9nticos fines ben\u00e9ficos de todas sus actuaciones.<\/p>\n<p style=\"text-align: justify;\"><a href=\"http:\/\/granadacosta.es\/wp-content\/uploads\/2015\/03\/2.jpg\"><img decoding=\"async\" loading=\"lazy\" class=\" size-medium wp-image-692 aligncenter\" src=\"http:\/\/granadacosta.es\/wp-content\/uploads\/2015\/03\/2-300x201.jpg\" alt=\"2\" width=\"300\" height=\"201\" \/><\/a><\/p>\n<p style=\"text-align: justify;\">\u00a0\u00a0 La ilusi\u00f3n de llevar a feliz t\u00e9rmino nuestro cometido, es mayor si cabe ya que nos alienta sobremanera contar como invitada a Inmaculada Rej\u00f3n, excelente artista que tantas veces nos ha deleitado con sus canciones, especialmente interpretando la copla, que en su voz adquiere un elevado nivel. Unimos al deseo de darla a conocer en nuestro \u00e1mbito el de rendirle un particular homenaje de admiraci\u00f3n y cari\u00f1o.<\/p>\n<p style=\"text-align: justify;\"><a href=\"http:\/\/granadacosta.es\/wp-content\/uploads\/2015\/03\/1.jpg\"><img decoding=\"async\" loading=\"lazy\" class=\" size-medium wp-image-693 aligncenter\" src=\"http:\/\/granadacosta.es\/wp-content\/uploads\/2015\/03\/1-300x201.jpg\" alt=\"1\" width=\"300\" height=\"201\" \/><\/a><\/p>\n<p style=\"text-align: justify;\">\u00a0\u00a0\u00a0 Acrecienta el entusiasmo que anima a cuantos componemos el Grupo de Teatro <em>Inquietudes<\/em> saber que acompa\u00f1ar\u00e1 a Inmaculada en su viaje a Barcelona una nutrida representaci\u00f3n de nuestro Club Granada Costa conducida por su Presidente, nuestro dilecto amigo don Jos\u00e9 Segura.<\/p>\n<p style=\"text-align: justify;\"><img decoding=\"async\" loading=\"lazy\" class=\" size-medium wp-image-694 aligncenter\" src=\"http:\/\/granadacosta.es\/wp-content\/uploads\/2015\/03\/4-300x197.jpg\" alt=\"4\" width=\"300\" height=\"197\" \/><\/p>\n<p style=\"text-align: justify;\">\u00a0\u00a0 Como director del Grupo de Teatro<em> Inquietudes<\/em> debo resaltar aqu\u00ed, el esfuerzo de sus componentes, reiterando su af\u00e1n por superarse y ofrecer al p\u00fablico sus admirables dotes para el cultivo y difusi\u00f3n de la poes\u00eda. A la vez que cultivan otras artes, y buena prueba de ello tenemos en Rosa Jim\u00e9nez, virtuosa del piano, y en algunas otras fervientes amantes de la pintura, que practican con notable acierto. Mi gratitud a estas excepcionales mujeres, que me han concedido la satisfacci\u00f3n de tantos \u00e9xitos.<\/p>\n<p style=\"text-align: justify;\">\n<p>\u00a0\u00a0\u00a0\u00a0\u00a0\u00a0\u00a0\u00a0\u00a0\u00a0\u00a0\u00a0\u00a0\u00a0\u00a0\u00a0\u00a0\u00a0\u00a0\u00a0\u00a0\u00a0\u00a0\u00a0\u00a0\u00a0\u00a0\u00a0\u00a0\u00a0\u00a0\u00a0\u00a0\u00a0\u00a0\u00a0\u00a0\u00a0\u00a0\u00a0\u00a0\u00a0\u00a0\u00a0\u00a0\u00a0\u00a0\u00a0\u00a0\u00a0\u00a0\u00a0\u00a0\u00a0\u00a0\u00a0\u00a0\u00a0\u00a0\u00a0\u00a0\u00a0\u00a0\u00a0\u00a0\u00a0\u00a0\u00a0\u00a0\u00a0\u00a0\u00a0\u00a0\u00a0\u00a0\u00a0\u00a0\u00a0\u00a0\u00a0\u00a0\u00a0 Por el Grupo de Teatro <em>Inquietudes<\/em><\/p>\n<p>Su Director.<\/p>\n","protected":false},"excerpt":{"rendered":"<p>Para el Grupo de Teatro Inquietudes la ma\u00f1ana de los mi\u00e9rcoles est\u00e1 dedicada a su preparaci\u00f3n para el buen resultado&hellip;<\/p>\n","protected":false},"author":2,"featured_media":691,"comment_status":"open","ping_status":"open","sticky":false,"template":"","format":"standard","meta":{"om_disable_all_campaigns":false,"_mi_skip_tracking":false,"_monsterinsights_sitenote_active":false,"_monsterinsights_sitenote_note":"","_monsterinsights_sitenote_category":0,"footnotes":""},"categories":[21],"tags":[],"aioseo_notices":[],"_links":{"self":[{"href":"https:\/\/granadacostaglobal.es\/index.php?rest_route=\/wp\/v2\/posts\/690"}],"collection":[{"href":"https:\/\/granadacostaglobal.es\/index.php?rest_route=\/wp\/v2\/posts"}],"about":[{"href":"https:\/\/granadacostaglobal.es\/index.php?rest_route=\/wp\/v2\/types\/post"}],"author":[{"embeddable":true,"href":"https:\/\/granadacostaglobal.es\/index.php?rest_route=\/wp\/v2\/users\/2"}],"replies":[{"embeddable":true,"href":"https:\/\/granadacostaglobal.es\/index.php?rest_route=%2Fwp%2Fv2%2Fcomments&post=690"}],"version-history":[{"count":0,"href":"https:\/\/granadacostaglobal.es\/index.php?rest_route=\/wp\/v2\/posts\/690\/revisions"}],"wp:featuredmedia":[{"embeddable":true,"href":"https:\/\/granadacostaglobal.es\/index.php?rest_route=\/"}],"wp:attachment":[{"href":"https:\/\/granadacostaglobal.es\/index.php?rest_route=%2Fwp%2Fv2%2Fmedia&parent=690"}],"wp:term":[{"taxonomy":"category","embeddable":true,"href":"https:\/\/granadacostaglobal.es\/index.php?rest_route=%2Fwp%2Fv2%2Fcategories&post=690"},{"taxonomy":"post_tag","embeddable":true,"href":"https:\/\/granadacostaglobal.es\/index.php?rest_route=%2Fwp%2Fv2%2Ftags&post=690"}],"curies":[{"name":"wp","href":"https:\/\/api.w.org\/{rel}","templated":true}]}}