{"id":686,"date":"2015-03-27T20:37:54","date_gmt":"2015-03-27T20:37:54","guid":{"rendered":"http:\/\/granadacosta.es\/?p=686"},"modified":"2015-03-27T20:37:54","modified_gmt":"2015-03-27T20:37:54","slug":"maraton-24-horas-de-poesia","status":"publish","type":"post","link":"https:\/\/granadacostaglobal.es\/?p=686","title":{"rendered":"MARAT\u00d3N 24 HORAS DE POES\u00cdA"},"content":{"rendered":"<p style=\"text-align: center;\"><a href=\"http:\/\/granadacosta.es\/wp-content\/uploads\/2015\/03\/P_20150320_185928.jpg\"><img decoding=\"async\" loading=\"lazy\" class=\"alignnone size-medium wp-image-687\" src=\"http:\/\/granadacosta.es\/wp-content\/uploads\/2015\/03\/P_20150320_185928-300x169.jpg\" alt=\"Jpeg\" width=\"300\" height=\"169\" \/><\/a><\/p>\n<p style=\"text-align: left;\">Laura Z\u00e1rraga, Alfonso Monteagudo y Silvio Rivas durante su intervenci\u00f3n en el Marat\u00f3n ininterrumpido de 24 horas, organizado por el Club Granada Costa.<\/p>\n<p style=\"text-align: center;\">\n<p style=\"text-align: left;\">\n","protected":false},"excerpt":{"rendered":"<p>Laura Z\u00e1rraga, Alfonso Monteagudo y Silvio Rivas durante su intervenci\u00f3n en el Marat\u00f3n ininterrumpido de 24 horas, organizado por el&hellip;<\/p>\n","protected":false},"author":5,"featured_media":0,"comment_status":"open","ping_status":"open","sticky":false,"template":"","format":"standard","meta":{"om_disable_all_campaigns":false,"_mi_skip_tracking":false,"_monsterinsights_sitenote_active":false,"_monsterinsights_sitenote_note":"","_monsterinsights_sitenote_category":0,"footnotes":""},"categories":[19],"tags":[],"aioseo_notices":[],"_links":{"self":[{"href":"https:\/\/granadacostaglobal.es\/index.php?rest_route=\/wp\/v2\/posts\/686"}],"collection":[{"href":"https:\/\/granadacostaglobal.es\/index.php?rest_route=\/wp\/v2\/posts"}],"about":[{"href":"https:\/\/granadacostaglobal.es\/index.php?rest_route=\/wp\/v2\/types\/post"}],"author":[{"embeddable":true,"href":"https:\/\/granadacostaglobal.es\/index.php?rest_route=\/wp\/v2\/users\/5"}],"replies":[{"embeddable":true,"href":"https:\/\/granadacostaglobal.es\/index.php?rest_route=%2Fwp%2Fv2%2Fcomments&post=686"}],"version-history":[{"count":0,"href":"https:\/\/granadacostaglobal.es\/index.php?rest_route=\/wp\/v2\/posts\/686\/revisions"}],"wp:attachment":[{"href":"https:\/\/granadacostaglobal.es\/index.php?rest_route=%2Fwp%2Fv2%2Fmedia&parent=686"}],"wp:term":[{"taxonomy":"category","embeddable":true,"href":"https:\/\/granadacostaglobal.es\/index.php?rest_route=%2Fwp%2Fv2%2Fcategories&post=686"},{"taxonomy":"post_tag","embeddable":true,"href":"https:\/\/granadacostaglobal.es\/index.php?rest_route=%2Fwp%2Fv2%2Ftags&post=686"}],"curies":[{"name":"wp","href":"https:\/\/api.w.org\/{rel}","templated":true}]}}