{"id":683,"date":"2015-03-27T15:41:13","date_gmt":"2015-03-27T15:41:13","guid":{"rendered":"http:\/\/granadacosta.es\/?p=683"},"modified":"2015-03-27T15:41:13","modified_gmt":"2015-03-27T15:41:13","slug":"critica-por-jesus-solano","status":"publish","type":"post","link":"https:\/\/granadacostaglobal.es\/?p=683","title":{"rendered":"Cr\u00edtica por Jes\u00fas Solano"},"content":{"rendered":"<p>Quince a\u00f1os despu\u00e9s de que la UNESCO proclamase el\u00a0 21 de marzo como el D\u00eda Mundial de la Poes\u00eda. La Editorial Granada Costa convoc\u00f3 de forma voluntaria a cuantos socios forman parte del \u00a0grupo de escritores de dicha asociaci\u00f3n cultural -GRANADA CLUB SELECCI\u00d3N- y celebrar dicho acontecimiento. Para ello fui invitado a participar en un marat\u00f3n televisivo y radiof\u00f3nico desde los estudios de la editorial en la ciudad de Molvizar (Granada) 24 horas ininterrumpidas, habi\u00e9ndose informado con anterioridad a cada uno en qu\u00e9 consist\u00eda su participaci\u00f3n: Las intervenciones comenzaron el d\u00eda 20 de marzo 2015 a las cinco de la tarde con la \u00a0presencia de las autoridades municipales y miembros del consejos de redacci\u00f3n del peri\u00f3dico Granada Costa. As\u00ed arranc\u00f3 de una forma amena y distendida, con palabras de satisfacci\u00f3n y agradecimiento por parte del Se\u00f1or Alcalde la labor que este grupo de personas, encabezada por D. Jos\u00e9 Segura Haro, como Presidente del Consejo Editorial, la labor de difundir \u00a0\u00a0la cultura en todos sus \u00e1mbitos por toda la geograf\u00eda espa\u00f1ola y parte del extranjero. Con lo que respecta sobre mi opini\u00f3n ante tal acontecimiento, despu\u00e9s de mi participaci\u00f3n y de ver cu\u00e1ntas personas se sumaron para leer poes\u00eda o presentar sus obras de arte, qued\u00e9 sorprendido positivamente del poder de convocatoria que fue adquiriendo cada momento que pasaba. Manifiesto \u00a0p\u00fablicamente, que nunca he asistido a actos tan magn\u00edficamente planificados y con tanta delicadeza en su organizaci\u00f3n. No fue en ning\u00fan momento perezoso la participaci\u00f3n en las horas m\u00e1s penosas de la madrugada-noche, pues hubo que recortar tiempos por la masiva participaci\u00f3n. Tengo que decir que todo fue de forma desinteresada por parte de la organizaci\u00f3n en pro de la cultura y con un trato exquisito. Felicidades a cuantos estuvieron al frente durante estas 24 horas que pasar\u00e1n a la historia, como uno de los eventos m\u00e1s \u00a0importante que realiza esta editorial. Nadie fue seleccionado por su condici\u00f3n pol\u00edtica, religiosa o sexual y s\u00ed fue una aut\u00e9ntica democracia en los tiempos que vivimos de partidismos e interese lucrativos particulares. De nuevo felicito esta iniciativa que me llen\u00f3 y me aliment\u00f3 para seguir creyendo, que los pueblos, mientras m\u00e1s cultos son, m\u00e1s libres ser\u00e1n \u00a0en sus quehaceres diarios. Jes\u00fas Garc\u00eda Solano<\/p>\n","protected":false},"excerpt":{"rendered":"<p>Quince a\u00f1os despu\u00e9s de que la UNESCO proclamase el\u00a0 21 de marzo como el D\u00eda Mundial de la Poes\u00eda. La&hellip;<\/p>\n","protected":false},"author":2,"featured_media":684,"comment_status":"open","ping_status":"open","sticky":false,"template":"","format":"standard","meta":{"om_disable_all_campaigns":false,"_mi_skip_tracking":false,"_monsterinsights_sitenote_active":false,"_monsterinsights_sitenote_note":"","_monsterinsights_sitenote_category":0,"footnotes":""},"categories":[21,19],"tags":[],"aioseo_notices":[],"_links":{"self":[{"href":"https:\/\/granadacostaglobal.es\/index.php?rest_route=\/wp\/v2\/posts\/683"}],"collection":[{"href":"https:\/\/granadacostaglobal.es\/index.php?rest_route=\/wp\/v2\/posts"}],"about":[{"href":"https:\/\/granadacostaglobal.es\/index.php?rest_route=\/wp\/v2\/types\/post"}],"author":[{"embeddable":true,"href":"https:\/\/granadacostaglobal.es\/index.php?rest_route=\/wp\/v2\/users\/2"}],"replies":[{"embeddable":true,"href":"https:\/\/granadacostaglobal.es\/index.php?rest_route=%2Fwp%2Fv2%2Fcomments&post=683"}],"version-history":[{"count":0,"href":"https:\/\/granadacostaglobal.es\/index.php?rest_route=\/wp\/v2\/posts\/683\/revisions"}],"wp:featuredmedia":[{"embeddable":true,"href":"https:\/\/granadacostaglobal.es\/index.php?rest_route=\/"}],"wp:attachment":[{"href":"https:\/\/granadacostaglobal.es\/index.php?rest_route=%2Fwp%2Fv2%2Fmedia&parent=683"}],"wp:term":[{"taxonomy":"category","embeddable":true,"href":"https:\/\/granadacostaglobal.es\/index.php?rest_route=%2Fwp%2Fv2%2Fcategories&post=683"},{"taxonomy":"post_tag","embeddable":true,"href":"https:\/\/granadacostaglobal.es\/index.php?rest_route=%2Fwp%2Fv2%2Ftags&post=683"}],"curies":[{"name":"wp","href":"https:\/\/api.w.org\/{rel}","templated":true}]}}