{"id":680,"date":"2015-03-27T08:48:25","date_gmt":"2015-03-27T08:48:25","guid":{"rendered":"http:\/\/granadacosta.es\/?p=680"},"modified":"2015-03-27T08:48:25","modified_gmt":"2015-03-27T08:48:25","slug":"granada-molvizar-costa-tropical-en-andalucia","status":"publish","type":"post","link":"https:\/\/granadacostaglobal.es\/?p=680","title":{"rendered":"Granada \u2013 Molv\u00edzar.    Costa Tropical en Andaluc\u00eda"},"content":{"rendered":"<p><strong><em>Marat\u00f3n de poes\u00eda del 20 al 21 de marzo del 2015.<\/em><\/strong><\/p>\n<p><strong><em>\u00a0<\/em><\/strong><\/p>\n<p><strong><em>\u00a0<\/em><\/strong><\/p>\n<p><em>\u00a0\u00a0\u00a0\u00a0\u00a0\u00a0\u00a0\u00a0\u00a0 En el pueblo de Molv\u00edzar, provincia de Granada, el peri\u00f3dico <strong>\u201cGranada Costa<\/strong> <strong>Nacional\u201d, Peri\u00f3dico de Informaci\u00f3n Sociocultural<\/strong>, coincidiendo con la <strong>Organizaci\u00f3n de las Naciones Unidas para la Educaci\u00f3n, la Ciencia y la Cultura, <\/strong>que en el a\u00f1o 1999 instituy\u00f3 el d\u00eda 21 de marzo como D\u00eda Mundial de la Poes\u00eda y coincidiendo este a\u00f1o con dicha fecha, ha celebrado un marat\u00f3n de Poes\u00eda que dio comienzo el d\u00eda 20 de marzo a las 17 horas y termin\u00f3 el d\u00eda 21 a las 17 horas, cumpli\u00e9ndose as\u00ed las 24 horas seguidas de recitales y tertulias literarias y po\u00e9ticas.<\/em><\/p>\n<p><em>\u00a0<\/em><\/p>\n<p><em>\u00a0\u00a0\u00a0\u00a0\u00a0\u00a0\u00a0\u00a0\u00a0 El desarrollo de este marat\u00f3n en Molv\u00edzar ha sido excelente, con un proceso mucho mejor del que los organizadores se esperaban. Fuimos personas de varios lugares de Espa\u00f1a, dedicando todo nuestro saber y empe\u00f1o para que saliese bien, <\/em><\/p>\n<p><em>\u00a0<\/em><\/p>\n<p><em>\u00a0\u00a0\u00a0\u00a0\u00a0\u00a0\u00a0\u00a0\u00a0 Estuvo el canal 45 de televisi\u00f3n de And\u00fajar \u201cJa\u00e9n\u201d, que retransmiti\u00f3 por su canal de TV las 24 horas de poes\u00eda en directo para la provincia de Ja\u00e9n y C\u00f3rdoba y tambi\u00e9n se pudo ver por Internet a nivel nacional y mundial.<\/em><\/p>\n<p><em>\u00a0<\/em><\/p>\n<p><em>\u00a0\u00a0\u00a0\u00a0\u00a0\u00a0\u00a0\u00a0 Se realiz\u00f3 una representaci\u00f3n entre Gustavo Adolfo B\u00e9cquer y una dama enamorada de las poes\u00edas y rimas de este poeta, siendo interpretada la dama por Carmen Carrasco Ramos, autora de la letra de este di\u00e1logo entre B\u00e9cquer y ella, interpretando el papel de B\u00e9cquer, Jos\u00e9 Romero. La dama enamorada de la poes\u00eda y rimas de B\u00e9cquer estuvo maravillosa y la interpretaci\u00f3n del papel de B\u00e9cquer fue original porque se caracteriz\u00f3 como en la \u00e9poca del poeta. En su conjunto fue maravillosa. Esta representaci\u00f3n fue, en mi opini\u00f3n, la flor del marat\u00f3n del cual todos quedamos satisfechos.<\/em><\/p>\n<p><em>\u00a0<\/em><\/p>\n<p><em>\u00a0\u00a0\u00a0\u00a0\u00a0\u00a0\u00a0\u00a0\u00a0 Ha sido un desarrollo del marat\u00f3n largo pero con buena voluntad, agradable y feliz. Todos los participantes hemos disfrutada en su desarrollo, lo mismo los que intervinieron por tel\u00e9fono como los que estuvimos en Molv\u00edzar y, sobre todo, el organizador y presidente, D. Jos\u00e9 Segura Haro, que ha sido el alma y direcci\u00f3n de este marat\u00f3n. Gracias, D. Jos\u00e9, esperamos que para el a\u00f1o que viene organice otro marat\u00f3n para deleite de toda Espa\u00f1a.<\/em><\/p>\n<p><em>\u00a0<\/em><\/p>\n<p><em>\u00a0<\/em><\/p>\n<p><em>\u00a0\u00a0\u00a0\u00a0\u00a0\u00a0\u00a0\u00a0\u00a0\u00a0\u00a0\u00a0\u00a0\u00a0\u00a0\u00a0\u00a0\u00a0\u00a0\u00a0\u00a0\u00a0\u00a0\u00a0\u00a0\u00a0\u00a0\u00a0\u00a0\u00a0\u00a0\u00a0\u00a0\u00a0\u00a0\u00a0\u00a0\u00a0\u00a0\u00a0\u00a0\u00a0\u00a0\u00a0\u00a0\u00a0\u00a0\u00a0\u00a0\u00a0\u00a0\u00a0\u00a0\u00a0\u00a0\u00a0\u00a0\u00a0\u00a0\u00a0\u00a0\u00a0\u00a0\u00a0\u00a0\u00a0\u00a0\u00a0\u00a0\u00a0\u00a0\u00a0\u00a0\u00a0\u00a0\u00a0 Rossini \u00a0<\/em><\/p>\n","protected":false},"excerpt":{"rendered":"<p>Marat\u00f3n de poes\u00eda del 20 al 21 de marzo del 2015. \u00a0 \u00a0 \u00a0\u00a0\u00a0\u00a0\u00a0\u00a0\u00a0\u00a0\u00a0 En el pueblo de Molv\u00edzar, provincia&hellip;<\/p>\n","protected":false},"author":2,"featured_media":681,"comment_status":"open","ping_status":"open","sticky":false,"template":"","format":"standard","meta":{"om_disable_all_campaigns":false,"_mi_skip_tracking":false,"_monsterinsights_sitenote_active":false,"_monsterinsights_sitenote_note":"","_monsterinsights_sitenote_category":0,"footnotes":""},"categories":[21],"tags":[],"aioseo_notices":[],"_links":{"self":[{"href":"https:\/\/granadacostaglobal.es\/index.php?rest_route=\/wp\/v2\/posts\/680"}],"collection":[{"href":"https:\/\/granadacostaglobal.es\/index.php?rest_route=\/wp\/v2\/posts"}],"about":[{"href":"https:\/\/granadacostaglobal.es\/index.php?rest_route=\/wp\/v2\/types\/post"}],"author":[{"embeddable":true,"href":"https:\/\/granadacostaglobal.es\/index.php?rest_route=\/wp\/v2\/users\/2"}],"replies":[{"embeddable":true,"href":"https:\/\/granadacostaglobal.es\/index.php?rest_route=%2Fwp%2Fv2%2Fcomments&post=680"}],"version-history":[{"count":0,"href":"https:\/\/granadacostaglobal.es\/index.php?rest_route=\/wp\/v2\/posts\/680\/revisions"}],"wp:featuredmedia":[{"embeddable":true,"href":"https:\/\/granadacostaglobal.es\/index.php?rest_route=\/"}],"wp:attachment":[{"href":"https:\/\/granadacostaglobal.es\/index.php?rest_route=%2Fwp%2Fv2%2Fmedia&parent=680"}],"wp:term":[{"taxonomy":"category","embeddable":true,"href":"https:\/\/granadacostaglobal.es\/index.php?rest_route=%2Fwp%2Fv2%2Fcategories&post=680"},{"taxonomy":"post_tag","embeddable":true,"href":"https:\/\/granadacostaglobal.es\/index.php?rest_route=%2Fwp%2Fv2%2Ftags&post=680"}],"curies":[{"name":"wp","href":"https:\/\/api.w.org\/{rel}","templated":true}]}}