{"id":6615,"date":"2016-04-29T16:44:13","date_gmt":"2016-04-29T16:44:13","guid":{"rendered":"http:\/\/granadacosta.net\/?p=6615"},"modified":"2016-04-29T16:44:13","modified_gmt":"2016-04-29T16:44:13","slug":"hay-que-repetir-las-elecciones-con-mas-decoro-y-verguenza","status":"publish","type":"post","link":"https:\/\/granadacostaglobal.es\/?p=6615","title":{"rendered":"HAY QUE REPETIR LAS ELECCIONES  CON M\u00c1S DECORO Y VERG\u00dcENZA"},"content":{"rendered":"<p>He dudado escribir este comentario, dada la naturaleza cultural de nuestra Publicaci\u00f3n- GRANADA COSTA, pero el hombre es tambi\u00e9n pol\u00edtico por naturaleza\u00a0 cuando vive en una sociedad civilizada, ORGANIZADA y tradicional; est\u00e1 por obligaci\u00f3n, necesidad y curiosidad, pendiente de lo que ocurre dentro de este entorno.<\/p>\n<p>Querido lector: He sentido verg\u00fcenza al presenciar por la televisi\u00f3n y leer en todos lo Medios \u00a0el \u201ccierre\u201d de esta \u201dmicro legislatura\u201d; c\u00f3mo se peleaban algunos de nuestros pol\u00edticos contemplando aireadamente el \u201c y t\u00fa m\u00e1s\u2026.\u201d En consecuencia a la resoluci\u00f3n que hemos llegado de repetir las elecciones generales.<\/p>\n<p>Sin que se salve nadie de esta racha, debo destacar la conducta de un doctor en Pol\u00edticas como Pablo Iglesias con su coleta, que ha tratado al Jefe del Estado, al Rey, con la mayor falta de respeto, atrevi\u00e9ndose a tutearle \u2026. Y llegar tarde a su\u00a0 cita oficial.<\/p>\n<p>El otro protagonista de esta racha\u2026.. es el candidato a la presidencia del Gobierno por el PSOE, que no ha pactado con el diablo para ser presidente porque el mismo diablo dicen que ya no exite\u2026 y si existe, le ha visto\u00a0 sus intenciones y su comportamiento\u00a0 en insultos a los\u00a0 dem\u00e1s opositores al trono\u2026 espa\u00f1ol.<\/p>\n<p>Como\u00a0 a\u00f1oramos los periodistas viejos y los ciudadanos aquellos respetos\u00a0 entre los pol\u00edticos, en la oposici\u00f3n ,sin insultos personales, diciendo\u00a0 y exponiendo en el Congreso\u00a0 todas las verdades, propias de su condici\u00f3n de representantes de la ciudadan\u00eda bien como gobernantes\u00a0 o bien como oposici\u00f3n.<\/p>\n<p>Urge por decoro de nuestro Congreso de cara al mundo, donde se dicten normas y figure en el Reglamento de las Cortes \u00a0el comportamiento de los se\u00f1ores\u00a0 diputados\u00a0 al sentarse en su esca\u00f1o con el decoro en su vestimenta , nunca en CAMISA y las mamadas\u00a0 de las queridas se\u00f1oras diputadas de sus reto\u00f1os, se efect\u00faen en el lugar adecuado entre otros muchos detalles\u00a0 no adecuados al marco.<\/p>\n<p>Hay que considerar al Congreso como UN TEMPLO DE LA POL\u00cdTICA nunca un CIRCO .<\/p>\n<p>De los dem\u00e1s partidos,\u00a0\u00a0 de esa red de partiditos, mejor no hablar\u00a0 aunque mi respeto por sus ideas. Destacando\u00a0 a los de Ciudadanos por su poca experiencia, su deseo\u00a0 de pacto con el \u00faltimo que llegue\u00a0 y su af\u00e1n de mostrar a sus votantes que deja mucho que desear, lo que se dice\u00a0 con lo que se hace.<\/p>\n<p>\u00a1Me\u00a0 quedo con el ejemplo que ha dado\u00a0 el veterano gallego y diputado Sr. Rajoy.\u00a0 Ha estado en su lugar\u00a0 ha dado el gallego, aguantando hasta bofetadas\u00a0 f\u00edsicas y morales de sus adversarios pol\u00edticos, con el ejemplo de mostrar ante sus votantes y ante toda Espa\u00f1a una uni\u00f3n en su partido\u00a0 y una propuesta leal a sus futuros.<\/p>\n<p>Ya no me meto en la cacareada corrupci\u00f3n de la que NING\u00daN partido\u00a0 puede levantar la voz , no los viejos ni los que ahora llegan con voz de salvadores.\u00a0 El tema de la Corrupci\u00f3n en Espa\u00f1a, para los viejos periodistas como el que escribe esta croniquilla, es de tal envergadura, no s\u00f3lo en Espa\u00f1a, sino, como dice un amigo; donde hay dinero p\u00fablico se tiran hasta de los c\u2026..pelos\u2026 por participar.<\/p>\n<p>&nbsp;<\/p>\n<p style=\"text-align: right;\"><em><strong>Jos\u00e9 Luis Mart\u00edn Correa<\/strong><\/em><\/p>\n","protected":false},"excerpt":{"rendered":"<p>He dudado escribir este comentario, dada la naturaleza cultural de nuestra Publicaci\u00f3n- GRANADA COSTA, pero el hombre es tambi\u00e9n pol\u00edtico&hellip;<\/p>\n","protected":false},"author":2,"featured_media":6613,"comment_status":"open","ping_status":"open","sticky":false,"template":"","format":"standard","meta":{"om_disable_all_campaigns":false,"_mi_skip_tracking":false,"_monsterinsights_sitenote_active":false,"_monsterinsights_sitenote_note":"","_monsterinsights_sitenote_category":0,"footnotes":""},"categories":[22],"tags":[],"aioseo_notices":[],"_links":{"self":[{"href":"https:\/\/granadacostaglobal.es\/index.php?rest_route=\/wp\/v2\/posts\/6615"}],"collection":[{"href":"https:\/\/granadacostaglobal.es\/index.php?rest_route=\/wp\/v2\/posts"}],"about":[{"href":"https:\/\/granadacostaglobal.es\/index.php?rest_route=\/wp\/v2\/types\/post"}],"author":[{"embeddable":true,"href":"https:\/\/granadacostaglobal.es\/index.php?rest_route=\/wp\/v2\/users\/2"}],"replies":[{"embeddable":true,"href":"https:\/\/granadacostaglobal.es\/index.php?rest_route=%2Fwp%2Fv2%2Fcomments&post=6615"}],"version-history":[{"count":0,"href":"https:\/\/granadacostaglobal.es\/index.php?rest_route=\/wp\/v2\/posts\/6615\/revisions"}],"wp:featuredmedia":[{"embeddable":true,"href":"https:\/\/granadacostaglobal.es\/index.php?rest_route=\/"}],"wp:attachment":[{"href":"https:\/\/granadacostaglobal.es\/index.php?rest_route=%2Fwp%2Fv2%2Fmedia&parent=6615"}],"wp:term":[{"taxonomy":"category","embeddable":true,"href":"https:\/\/granadacostaglobal.es\/index.php?rest_route=%2Fwp%2Fv2%2Fcategories&post=6615"},{"taxonomy":"post_tag","embeddable":true,"href":"https:\/\/granadacostaglobal.es\/index.php?rest_route=%2Fwp%2Fv2%2Ftags&post=6615"}],"curies":[{"name":"wp","href":"https:\/\/api.w.org\/{rel}","templated":true}]}}