{"id":657,"date":"2015-03-26T17:08:16","date_gmt":"2015-03-26T17:08:16","guid":{"rendered":"http:\/\/granadacosta.es\/?p=657"},"modified":"2015-03-26T17:08:16","modified_gmt":"2015-03-26T17:08:16","slug":"dia-de-las-cruces-3-de-mayo","status":"publish","type":"post","link":"https:\/\/granadacostaglobal.es\/?p=657","title":{"rendered":"D\u00eda de las Cruces (3 de mayo)"},"content":{"rendered":"<p>El d\u00eda de la Cruz (3 de mayo) se celebra en Hispanoam\u00e9rica y, por supuesto, en numerosos municipios de Espa\u00f1a. De las naciones hispanohablantes, elijo El Salvador, y de las localidades espa\u00f1olas, Granada. Dichas designaciones se deben a la importancia mundial que tiene esta festividad en la inmensa mayor\u00eda de las poblaciones salvadore\u00f1as y en la ciudad de Granada (Espa\u00f1a).<\/p>\n<p>En El Salvador dicha fiesta es el resultado de un sincretismo religioso entre la celebraci\u00f3n de la fiesta cat\u00f3lica espa\u00f1ola de la santa Cruz, que tiene sus ra\u00edces en la conmemoraci\u00f3n del hallazgo por Santa Elena de la Cruz de Cristo, en \u00e9poca del Emperador Constantino, y el culto a la fertilidad y al dios Xipe Totec en El Salvador.<\/p>\n<p>Normalmente, este d\u00eda se pone en cada casa cat\u00f3lica de El Salvador, una Cruz (preferentemente de palo de jiote, cuyo nombre cient\u00edfico es \u201cbursera simaruba\u201d), y se decora con flores, adornos de papel y se llena de fruta a su alrededor.<\/p>\n<p>El ritual de adorar la Cruz se hace en la propia casa o en casa ajena. Si una persona visita la Cruz de otra casa: Se arrodilla y se persigna ante ella y toma un fruto y se lo come.<\/p>\n<p>Recordemos, pues, la similitud entre ambas historias: la salvadore\u00f1a y la cat\u00f3lica-espa\u00f1ola. En el sexto a\u00f1o de su reinado, el emperador Constantino se enfrenta contra los b\u00e1rbaros a orillas del Danubio. Se considera imposible la victoria a causa de la magnitud del ej\u00e9rcito enemigo. Una noche Constantino tiene una visi\u00f3n: en el cielo se apareci\u00f3 brillante la Cruz de Cristo y encima de ella unas palabras, \u201cIn hoc signo vincis\u201d (\u201cCon esta se\u00f1al vencer\u00e1s\u201d). Tras la visi\u00f3n, el emperador hizo construir una Cruz y la puso al frente de su ej\u00e9rcito, que entonces venci\u00f3 sin dificultad a la multitud enemiga. De vuelta a la ciudad, averigu\u00f3 el emperador el significado de la Cruz. Al conocer la historia, Constantino se hizo bautizar en la religi\u00f3n cristiana y mand\u00f3 edificar iglesias. En seguida envi\u00f3 a su madre, Santa Elena, a Jerusal\u00e9n en busca de la verdadera Cruz de Cristo.<\/p>\n<p style=\"text-align: center;\"><strong>\u201cSeg\u00fan los historiadores, las primeras <\/strong><\/p>\n<p style=\"text-align: center;\"><strong>celebraciones en Granada del D\u00eda de <\/strong><\/p>\n<p style=\"text-align: center;\"><strong>la Cruz datan del siglo XVII. En el <\/strong><\/p>\n<p style=\"text-align: center;\"><strong>a\u00f1o 1625 se hizo una cruz de alabastro <\/strong><\/p>\n<p style=\"text-align: center;\"><strong>en al barrio de San L\u00e1zaro, y todos <\/strong><\/p>\n<p style=\"text-align: center;\"><strong>los vecinos de la zona lo celebraron <\/strong><\/p>\n<p style=\"text-align: center;\"><strong>cantando y bailando junto a ella\u201d<\/strong><\/p>\n<p>En el monte, donde la tradici\u00f3n situaba la muerte de Cristo, encontraron tres cruces ocultas. Para descubrir cu\u00e1l de ellas era la verdadera las colocaron una a una bajo un joven muerto, el cual resucit\u00f3 al ser colocado sobre la tercera, la de Cristo. Santa Elena muri\u00f3 rogando a todos los que creen en Cristo que celebraran la conmemoraci\u00f3n del d\u00eda en que fue encontrada la Cruz, el 3 de mayo. Sin embargo, pasaron bastantes siglos hasta la instauraci\u00f3n de esta festividad.<\/p>\n<p>En El Salvador, con la aparici\u00f3n de las primeras lluvias, se rend\u00eda culto a la fertilidad, a la madre tierra y a la deidad de Xipe Totec. Este dios fue muy importante en la \u00e9poca precolombina y es considerado como uno de los principales dentro del pante\u00f3n mesoamericano.<\/p>\n<p>El culto a Xipe Totec se origin\u00f3, pues, en la costa pac\u00edfica y de all\u00ed se propag\u00f3 a otros pa\u00edses hispanoparlantes de Am\u00e9rica. Tal como lo menciona el Padre Fray Bernardino de Sahag\u00fan, en su libro \u201cHistoria General de las Cosas de Nueva Espa\u00f1a\u201d, (Editorial Nueva Espa\u00f1a, M\u00e9xico, 1946). De hecho, en el Salvador se han encontrado varias efigies de Xipe Totec en tama\u00f1o natural, elaboradas de cer\u00e1mica. Dos de ellas fueron encontradas en el Lago de G\u00fcija, seg\u00fan lo report\u00f3 Stanley Boggs, en su libro \u201cDos Xipe Totecs del Lago de G\u00fcija\u201d (en Anales 1976). <em>La inundaci\u00f3n y destrucci\u00f3n de la ciudad de G\u00fcijat o G\u00fcixar, origin\u00f3 la formaci\u00f3n del lago que en la actualidad se conoce como de G\u00fcija. <\/em>La escultura de Xipe Totec, que posee el Museo Nacional \u201cDavid J. Guzm\u00e1n\u201d, constituye un s\u00edmbolo para los salvadore\u00f1os.<\/p>\n<p>Al comenzar la conquista y colonia, dichas celebraciones fueron \u201cbautizadas\u201d, y de la uni\u00f3n entre la celebraci\u00f3n del D\u00eda de la Cruz espa\u00f1ola y el culto salvadore\u00f1o a la fertilidad\u00a0 (por la misma \u00e9poca) result\u00f3 el actual modo de celebrar dicho d\u00eda en ambos pa\u00edses, aunque en Granada esta festividad fue posterior a las ya asentadas en otras poblaciones de nuestro territorio nacional.<\/p>\n<p>Como ya refer\u00ed en el primer p\u00e1rrafo, en Granada se celebra el D\u00eda de la Cruz, evento cultural y tradicional, con m\u00e1s intensidad, grandeza y esplendor, tanto en su centro hist\u00f3rico como en sus barrios (Albaic\u00edn-Sacromonte, Realejo, Zaid\u00edn, F\u00edgares-Camino de Ronda, La Chana-Zona Norte, etc.), que en otros lugares de nuestro pa\u00eds y en otras naciones del orbe. Cada a\u00f1o se logra nuevo record de participaci\u00f3n en la secci\u00f3n de \u201cpatios\u201d, en la de \u201ccalles y plazas\u201d, en la modalidad \u201cescolar\u201d y en la categor\u00eda de \u201cescaparates\u201d, adem\u00e1s de las cruces hechas en el interior de las casas.<\/p>\n<p>Seg\u00fan los historiadores, las primeras celebraciones, en Granada, del D\u00eda de la Cruz datan del siglo XVII. En el a\u00f1o 1625 se hizo una cruz de alabastro en al barrio de San L\u00e1zaro (barrio de los cebolleros), y todos los vecinos de la zona lo celebraron cantando y bailando junto a ella. Despu\u00e9s, estos actos se propagaron a otros barrios de la ciudad, comenzando por el Albaic\u00edn y el Realejo. Las cruces se adornaban, como hoy en d\u00eda, con flores naturales (claveles, rosas, \u00a0gerberas, etc.), mantones de Manila, pa\u00f1uelos, cuadros, objetos de cobre y de cer\u00e1mica de Fajalauza, macetas con flores, guirnaldas hechas con flores y ramas con hojas\u2026, que le proporcionan belleza y colorido a dichos monumentos. Adem\u00e1s, en alg\u00fan lugar del altar se coloca un \u201cpero\u201d (manzana golden) con una tijera clavada por una de sus cuchillas, para que no se pongan \u201cperos\u201d a la Cruz, es decir, con ello se advierte a quien la est\u00e9 viendo que no debe hacer cr\u00edticas al decorado de la misma.<\/p>\n<p>Este a\u00f1o (2015), como en a\u00f1os anteriores, habr\u00e1 un concurso de cruces con premios para las cuatro modalidades ya citadas, as\u00ed se fomenta la tradici\u00f3n por parte del Ayuntamiento. Asimismo, y teniendo en cuenta que el 3 de mayo es domingo, la corporaci\u00f3n municipal granadina ha adelantado el comienzo de la fiesta a las 12:00 horas del s\u00e1bado d\u00eda 2, y el final lo ha fijado en las 02:00 horas del d\u00eda 4.<\/p>\n<p>Para estos d\u00edas se han programado diferentes actividades, tanto en la Plaza del Carmen como en la de las Pasiegas, con la actuaci\u00f3n de coros y danzas y agrupaciones rocieras, adem\u00e1s de la banda municipal. Tambi\u00e9n se ha programado un concierto extraordinario que contar\u00e1 con la actuaci\u00f3n de Malandar, Mar\u00eda de la Colina, El Mani, Melaza, Manuel Horta, o Requiebros, entre otros. El preg\u00f3n del D\u00eda de la Cruz se ha fijado para el d\u00eda 3 a las 12,00 horas, en el patio del Ayuntamiento, y este a\u00f1o correr\u00e1 a cargo de Patricia Guerrero, bailaora flamenca del Albaic\u00edn.<\/p>\n<p>Aunque el Ayuntamiento permite, previa autorizaci\u00f3n municipal, el consumo de bebidas alcoh\u00f3licas en patios y lugares cerrados, s\u00ed prohibi\u00f3, desde el 2007, que se pusieran barras en las calles para evitar el consumo excesivo de este tipo de bebidas y, por consiguiente, sus desagradables consecuencias. A pesar de este veto a las barras de bebidas y a la consumici\u00f3n personal de alcohol en la v\u00eda p\u00fablica, contin\u00faa siendo t\u00edpico de esta fiesta las sala\u00edllas con habas y el bacalao desmigado. Para paliar la sed, tras la ingesta de estas exquisiteces, s\u00f3lo nos queda entrar en un bar, o cafeter\u00eda, o\u2026, y que cada uno beba lo que quiera, aunque siempre, si es alguna bebida alcoh\u00f3lica, con moderaci\u00f3n.<\/p>\n<p style=\"text-align: right;\"><strong>Carlos Ben\u00edtez Villodres<\/strong><\/p>\n<p style=\"text-align: right;\"><strong>M\u00e1laga<\/strong><\/p>\n","protected":false},"excerpt":{"rendered":"<p>El d\u00eda de la Cruz (3 de mayo) se celebra en Hispanoam\u00e9rica y, por supuesto, en numerosos municipios de Espa\u00f1a.&hellip;<\/p>\n","protected":false},"author":2,"featured_media":662,"comment_status":"open","ping_status":"open","sticky":false,"template":"","format":"standard","meta":{"om_disable_all_campaigns":false,"_mi_skip_tracking":false,"_monsterinsights_sitenote_active":false,"_monsterinsights_sitenote_note":"","_monsterinsights_sitenote_category":0,"footnotes":""},"categories":[21],"tags":[],"aioseo_notices":[],"_links":{"self":[{"href":"https:\/\/granadacostaglobal.es\/index.php?rest_route=\/wp\/v2\/posts\/657"}],"collection":[{"href":"https:\/\/granadacostaglobal.es\/index.php?rest_route=\/wp\/v2\/posts"}],"about":[{"href":"https:\/\/granadacostaglobal.es\/index.php?rest_route=\/wp\/v2\/types\/post"}],"author":[{"embeddable":true,"href":"https:\/\/granadacostaglobal.es\/index.php?rest_route=\/wp\/v2\/users\/2"}],"replies":[{"embeddable":true,"href":"https:\/\/granadacostaglobal.es\/index.php?rest_route=%2Fwp%2Fv2%2Fcomments&post=657"}],"version-history":[{"count":0,"href":"https:\/\/granadacostaglobal.es\/index.php?rest_route=\/wp\/v2\/posts\/657\/revisions"}],"wp:featuredmedia":[{"embeddable":true,"href":"https:\/\/granadacostaglobal.es\/index.php?rest_route=\/"}],"wp:attachment":[{"href":"https:\/\/granadacostaglobal.es\/index.php?rest_route=%2Fwp%2Fv2%2Fmedia&parent=657"}],"wp:term":[{"taxonomy":"category","embeddable":true,"href":"https:\/\/granadacostaglobal.es\/index.php?rest_route=%2Fwp%2Fv2%2Fcategories&post=657"},{"taxonomy":"post_tag","embeddable":true,"href":"https:\/\/granadacostaglobal.es\/index.php?rest_route=%2Fwp%2Fv2%2Ftags&post=657"}],"curies":[{"name":"wp","href":"https:\/\/api.w.org\/{rel}","templated":true}]}}