{"id":642,"date":"2015-03-26T10:33:19","date_gmt":"2015-03-26T10:33:19","guid":{"rendered":"http:\/\/granadacosta.es\/?p=642"},"modified":"2015-03-26T10:33:19","modified_gmt":"2015-03-26T10:33:19","slug":"artistic-group-acentos-1st-international-meeting-mail-art-sprint-accents","status":"publish","type":"post","link":"https:\/\/granadacostaglobal.es\/?p=642","title":{"rendered":"Artistic Group &#8221; ACENTOS&#8221; 1st International Meeting MAIL ART &#8220;Spring  Accents&#8221;"},"content":{"rendered":"<p style=\"text-align: center;\"><strong>ARTISTIC GROUP &#8220;ACENTOS&#8221;<\/strong><\/p>\n<p style=\"text-align: center;\">1st.<strong>INTERNATIONAL MEETING MAIL ART &#8220;SPRING ACCENTS&#8221;<\/strong><\/p>\n<p style=\"text-align: left;\">Almu\u00f1\u00e9car,Granada(Spain) Accents Artistic Group summom to his first international meeting of Mail Art &#8220;Accents in Spring&#8221;, based on the following<\/p>\n<p style=\"text-align: center;\"><strong>BASIS<\/strong><\/p>\n<p style=\"text-align: left;\">ORGANIZER: Artistic Group &#8220;ACENTOS&#8221;, Almu\u00f1\u00e9car, Granada, Spain<\/p>\n<p style=\"text-align: left;\">DESTINATION: Every person of any nationality, without any differ of age, race, religion with artistic appeal.<\/p>\n<p style=\"text-align: left;\">SUBJECT:&#8221;Spring Accents&#8221;, (to reflect the artistic accents of spring time in your country).<\/p>\n<p style=\"text-align: left;\">TECNIQUE: Free<\/p>\n<p style=\"text-align: left;\">SOLE FORMAT: 15 x 21 cm<\/p>\n<p style=\"text-align: left;\">MATERIALS: Paper, pasteboard or cardboard.<\/p>\n<p style=\"text-align: left;\">CURATOR: Group Accents, Paco Ariza Oller, in charge of the panting section and Plastic Arts.<\/p>\n<p style=\"text-align: left;\">SEND THE WORKS TO: Galer\u00eda CARMAR, Urbanizaci\u00f3n Jardines del Mar bajos- 18690 Almu\u00f1\u00e9car, Granada (Spain)<\/p>\n<p style=\"text-align: left;\">They must have a title, the author name, city, country and e-mail.<\/p>\n<p style=\"text-align: left;\">DATER FOR ACCEPTANCE: The works will be accepted till the 25-05-2015.<\/p>\n<p style=\"text-align: left;\">EXHIBITION PLACE: Art Galery CARMAR, Almu\u00f1\u00e9car.<\/p>\n<p style=\"text-align: left;\">EXHIBITION DATE: From the 05-06-2015 untill 30-06-2015.<\/p>\n<p style=\"text-align: left;\">EXHIBITION: All the works will be exhibited.<\/p>\n<p style=\"text-align: left;\">RETURN: The works will not be returned to the artists, they will be kept by the organization. Could be sold out and the total amount will be given to a ONG of true prestige.<\/p>\n<p style=\"text-align: left;\">ACCEPTANCE: All the participants will accept the clauses of these basis, just by participating on this event.<\/p>\n<p style=\"text-align: left;\">\u00a0 \u00a0 \u00a0 \u00a0 \u00a0 \u00a0 \u00a0 \u00a0 \u00a0 \u00a0 \u00a0 \u00a0 \u00a0 \u00a0 \u00a0 \u00a0 \u00a0 \u00a0 \u00a0 \u00a0 \u00a0 \u00a0 \u00a0 \u00a0 \u00a0 \u00a0Almu\u00f1\u00e9car, Granada, Spain, March 25th 2015<\/p>\n","protected":false},"excerpt":{"rendered":"<p>ARTISTIC GROUP &#8220;ACENTOS&#8221; 1st.INTERNATIONAL MEETING MAIL ART &#8220;SPRING ACCENTS&#8221; Almu\u00f1\u00e9car,Granada(Spain) Accents Artistic Group summom to his first international meeting of&hellip;<\/p>\n","protected":false},"author":5,"featured_media":0,"comment_status":"open","ping_status":"open","sticky":false,"template":"","format":"standard","meta":{"om_disable_all_campaigns":false,"_mi_skip_tracking":false,"_monsterinsights_sitenote_active":false,"_monsterinsights_sitenote_note":"","_monsterinsights_sitenote_category":0,"footnotes":""},"categories":[21],"tags":[],"aioseo_notices":[],"_links":{"self":[{"href":"https:\/\/granadacostaglobal.es\/index.php?rest_route=\/wp\/v2\/posts\/642"}],"collection":[{"href":"https:\/\/granadacostaglobal.es\/index.php?rest_route=\/wp\/v2\/posts"}],"about":[{"href":"https:\/\/granadacostaglobal.es\/index.php?rest_route=\/wp\/v2\/types\/post"}],"author":[{"embeddable":true,"href":"https:\/\/granadacostaglobal.es\/index.php?rest_route=\/wp\/v2\/users\/5"}],"replies":[{"embeddable":true,"href":"https:\/\/granadacostaglobal.es\/index.php?rest_route=%2Fwp%2Fv2%2Fcomments&post=642"}],"version-history":[{"count":0,"href":"https:\/\/granadacostaglobal.es\/index.php?rest_route=\/wp\/v2\/posts\/642\/revisions"}],"wp:attachment":[{"href":"https:\/\/granadacostaglobal.es\/index.php?rest_route=%2Fwp%2Fv2%2Fmedia&parent=642"}],"wp:term":[{"taxonomy":"category","embeddable":true,"href":"https:\/\/granadacostaglobal.es\/index.php?rest_route=%2Fwp%2Fv2%2Fcategories&post=642"},{"taxonomy":"post_tag","embeddable":true,"href":"https:\/\/granadacostaglobal.es\/index.php?rest_route=%2Fwp%2Fv2%2Ftags&post=642"}],"curies":[{"name":"wp","href":"https:\/\/api.w.org\/{rel}","templated":true}]}}