{"id":6366,"date":"2016-04-26T07:11:26","date_gmt":"2016-04-26T07:11:26","guid":{"rendered":"http:\/\/granadacosta.net\/?p=6366"},"modified":"2016-04-26T07:11:26","modified_gmt":"2016-04-26T07:11:26","slug":"marcos-heredia-presento-su-disco","status":"publish","type":"post","link":"https:\/\/granadacostaglobal.es\/?p=6366","title":{"rendered":"MARCOS HEREDIA PRESENT\u00d3 SU DISCO"},"content":{"rendered":"<p><strong>MARCOS HEREDIA PRESENT\u00d3 SU DISCO \u201cDE LA SOLEDAD A LA FANTAS\u00cdA\u201d EN LA SALA DANTE DE PALMA DE MALLORCA<\/strong><\/p>\n<p><strong>N<\/strong>o cabe duda, en este caso, que el joven cantaor <strong>Marcos Heredia, <\/strong>tiene sus <strong>convicciones<\/strong> muy clara y sabe, puede y quiere llegar a hacer un cantaor de gran solera, m\u00e9ritos no le faltan y sus ra\u00edces est\u00e1n firmemente arraigadas, ya que, su abuelo, <strong>\u00a0Jos\u00e9<\/strong> <strong>\u201cel Granaino\u201d, <\/strong>al que \u00e9l admira, sabe inducirle y aconsejarle en este proyecto, aunque sin duda alguna, no va a serle f\u00e1cil pero, Marcos dispones de muchos elementos positivos: fuerza, experiencia, ganas de triunfar y, sobre todo, de aprender y de luchar.<\/p>\n<p>Marcos cuyo nombre completo es, Marcos Donaires Heredia, ha escogido el apellido Heredia, como nombre art\u00edstico, quiz\u00e1s como agradecimiento a su abuelo al que admira y quiere.<\/p>\n<p>Pese a su juventud, Marcos, lleva ya realizada una gran carrera art\u00edstica, no en balde, subi\u00f3 por primera vez a un escenario cuando ten\u00eda cuatro a\u00f1os de la mano de su abuelo. Por lo tanto: marco ha bebido en la fuente cristalina y clara del flamenco, y los duendes que envuelven a Jos\u00e9 \u201cEl granaino\u201d, ha sido la semilla donde se ha cultivado este joven cantaor, con voz propia, llena de resonancias y de sentires. Ha tomado un camino dif\u00edcil como es, vivir del cante. Pero su juventud e \u00edmpetu, arropado con un gran conocimiento del flamenco, en todos sus estilos o palos, surge en \u00e9l, la convicci\u00f3n, que sin dejar de sentir el flamenco m\u00e1s puro y genuino, andar por un nuevo camino, paralelo al flamenco: la rumba flamenca, de gran tradici\u00f3n en nuestro pa\u00eds y que ha dado grandes int\u00e9rpretes, como por ejemplo: Peret, Estopa, Los chichos, Los Chungitos, Bord\u00f3n 4, Camela, etc. Por nombrar algunos. Todos estos rumberos brillan con luz propia en el firmamento de este estilo de cante, dentro de la gran familia del flamenco. Y aunque la rumba, es un cante m\u00e1s movedizo y bailable y m\u00e1s festero entre tango y buler\u00edas, tiene energ\u00eda, pasi\u00f3n, vitalidad y movimiento, no por ello es f\u00e1cil el cantarlo, ya que para que se cante bien, debe tener: duende, sensibilidad y un gran conocimiento del ritmo y la m\u00fasica flamenca.<\/p>\n<p>Marcos dispone de una voz aterciopelada, agradable y potente, le he o\u00eddo cantar varias veces, y la dulzura de su cante se expande como notas m\u00e1gicas que envuelven al p\u00fablico y lo lleva a su terreno musical, que es uno de los dones que debe tener un cantante que se precie de serlo, debe tener \u201cduende\u201d y sabidur\u00eda para hacer que el p\u00fablico est\u00e9 pendiente de \u00e9l. Marcos domina muy bien la balada, \u201c<em>composici\u00f3n musical de ritmo lento. Instrumentaci\u00f3n suave y car\u00e1cter \u00edntimo y expresivo, de tema generalmente amoroso\u201d. <\/em><\/p>\n<p>El pasado d\u00eda 23 de abril nuestro amigo Marcos, present\u00f3 su primer disco con 10 canciones, entre rumbas y baladas, en la Sala Dante, al que acudieron una gran cantidad de gentes, aparte de amigos y familiares de nuestro artista, venidos algunos de ellos desde la pen\u00ednsula, estuvo acompa\u00f1ado a la guitarra por el magn\u00edfico tocaor <strong>Benjam\u00edn el \u201cHabichuelas\u201d <\/strong>acompa\u00f1ado de piano y caj\u00f3n. La presentaci\u00f3n del disco corri\u00f3 a cargo de nuestro amigo Jos\u00e9 el \u201cGranaino\u201d, abuelo de Marcos.<\/p>\n<p>No cabe duda que ha sido todo una experiencia que no olvidar\u00e1 y, como no se esperaba menos. Al final del acto, Marcos, estuvo varias horas firmando su disco, que ha sido todo un \u00e9xito y que le estimular\u00e1 para ir ya pensando en su pr\u00f3ximo trabajo. All\u00ed estaremos para hacernos eco de su triunfo.<\/p>\n<p style=\"text-align: right;\"><em><strong>Marcelino Arellano Alabarces<\/strong><\/em><\/p>\n<p style=\"text-align: left;\"><a href=\"http:\/\/granadacosta.net\/wp-content\/uploads\/2016\/04\/NIETO-HEREDIA.jpg\"><img decoding=\"async\" loading=\"lazy\" class=\" size-medium wp-image-6347 alignnone\" src=\"http:\/\/granadacosta.net\/wp-content\/uploads\/2016\/04\/NIETO-HEREDIA-300x227.jpg\" alt=\"NIETO HEREDIA\" width=\"300\" height=\"227\" \/><\/a><a href=\"http:\/\/granadacosta.net\/wp-content\/uploads\/2016\/04\/NIETO-HEREDIA-8.jpg\"><img decoding=\"async\" loading=\"lazy\" class=\" size-medium wp-image-6348 alignright\" src=\"http:\/\/granadacosta.net\/wp-content\/uploads\/2016\/04\/NIETO-HEREDIA-8-300x227.jpg\" alt=\"NIETO HEREDIA 8\" width=\"300\" height=\"227\" \/><\/a><\/p>\n<p style=\"text-align: left;\"><a href=\"http:\/\/granadacosta.net\/wp-content\/uploads\/2016\/04\/NIETO-HEREDIA-7.jpg\"><img decoding=\"async\" loading=\"lazy\" class=\" size-full wp-image-6349 alignnone\" src=\"http:\/\/granadacosta.net\/wp-content\/uploads\/2016\/04\/NIETO-HEREDIA-7.jpg\" alt=\"NIETO HEREDIA 7\" width=\"212\" height=\"269\" \/><\/a> <a href=\"http:\/\/granadacosta.net\/wp-content\/uploads\/2016\/04\/NIETO-HEREDIA-6.jpg\"><img decoding=\"async\" loading=\"lazy\" class=\" size-medium wp-image-6350 alignright\" src=\"http:\/\/granadacosta.net\/wp-content\/uploads\/2016\/04\/NIETO-HEREDIA-6-300x225.jpg\" alt=\"NIETO HEREDIA 6\" width=\"300\" height=\"225\" \/><\/a><\/p>\n<p style=\"text-align: left;\"><a href=\"http:\/\/granadacosta.net\/wp-content\/uploads\/2016\/04\/NIETO-HEREDIA-5.jpg\"><img decoding=\"async\" loading=\"lazy\" class=\" size-medium wp-image-6351 alignnone\" src=\"http:\/\/granadacosta.net\/wp-content\/uploads\/2016\/04\/NIETO-HEREDIA-5-300x225.jpg\" alt=\"NIETO HEREDIA 5\" width=\"300\" height=\"225\" \/><\/a> <a href=\"http:\/\/granadacosta.net\/wp-content\/uploads\/2016\/04\/NIETO-HEREDIA-4.jpg\"><img decoding=\"async\" loading=\"lazy\" class=\" size-medium wp-image-6352 alignright\" src=\"http:\/\/granadacosta.net\/wp-content\/uploads\/2016\/04\/NIETO-HEREDIA-4-300x225.jpg\" alt=\"NIETO HEREDIA 4\" width=\"300\" height=\"225\" \/><\/a><\/p>\n<p style=\"text-align: left;\"><a href=\"http:\/\/granadacosta.net\/wp-content\/uploads\/2016\/04\/NIETO-HEREDIA-3.jpg\"><img decoding=\"async\" loading=\"lazy\" class=\" size-medium wp-image-6353 alignnone\" src=\"http:\/\/granadacosta.net\/wp-content\/uploads\/2016\/04\/NIETO-HEREDIA-3-300x225.jpg\" alt=\"NIETO HEREDIA 3\" width=\"300\" height=\"225\" \/><\/a><\/p>\n","protected":false},"excerpt":{"rendered":"<p>MARCOS HEREDIA PRESENT\u00d3 SU DISCO \u201cDE LA SOLEDAD A LA FANTAS\u00cdA\u201d EN LA SALA DANTE DE PALMA DE MALLORCA No&hellip;<\/p>\n","protected":false},"author":2,"featured_media":6355,"comment_status":"open","ping_status":"open","sticky":false,"template":"","format":"standard","meta":{"om_disable_all_campaigns":false,"_mi_skip_tracking":false,"_monsterinsights_sitenote_active":false,"_monsterinsights_sitenote_note":"","_monsterinsights_sitenote_category":0,"footnotes":""},"categories":[21],"tags":[],"aioseo_notices":[],"_links":{"self":[{"href":"https:\/\/granadacostaglobal.es\/index.php?rest_route=\/wp\/v2\/posts\/6366"}],"collection":[{"href":"https:\/\/granadacostaglobal.es\/index.php?rest_route=\/wp\/v2\/posts"}],"about":[{"href":"https:\/\/granadacostaglobal.es\/index.php?rest_route=\/wp\/v2\/types\/post"}],"author":[{"embeddable":true,"href":"https:\/\/granadacostaglobal.es\/index.php?rest_route=\/wp\/v2\/users\/2"}],"replies":[{"embeddable":true,"href":"https:\/\/granadacostaglobal.es\/index.php?rest_route=%2Fwp%2Fv2%2Fcomments&post=6366"}],"version-history":[{"count":0,"href":"https:\/\/granadacostaglobal.es\/index.php?rest_route=\/wp\/v2\/posts\/6366\/revisions"}],"wp:featuredmedia":[{"embeddable":true,"href":"https:\/\/granadacostaglobal.es\/index.php?rest_route=\/"}],"wp:attachment":[{"href":"https:\/\/granadacostaglobal.es\/index.php?rest_route=%2Fwp%2Fv2%2Fmedia&parent=6366"}],"wp:term":[{"taxonomy":"category","embeddable":true,"href":"https:\/\/granadacostaglobal.es\/index.php?rest_route=%2Fwp%2Fv2%2Fcategories&post=6366"},{"taxonomy":"post_tag","embeddable":true,"href":"https:\/\/granadacostaglobal.es\/index.php?rest_route=%2Fwp%2Fv2%2Ftags&post=6366"}],"curies":[{"name":"wp","href":"https:\/\/api.w.org\/{rel}","templated":true}]}}