{"id":6041,"date":"2016-04-21T11:01:02","date_gmt":"2016-04-21T11:01:02","guid":{"rendered":"http:\/\/granadacosta.net\/?p=6041"},"modified":"2016-04-21T11:01:02","modified_gmt":"2016-04-21T11:01:02","slug":"entrega-de-los-premios-del-viii-concurso-de-poesia-poeta-marcelino-arellano-alabarces","status":"publish","type":"post","link":"https:\/\/granadacostaglobal.es\/?p=6041","title":{"rendered":"ENTREGA DE LOS PREMIOS DEL VIII CONCURSO DE POES\u00cdA \u201cPOETA MARCELINO ARELLANO ALABARCES\u201d"},"content":{"rendered":"<p><strong>ENTREGA DE LOS PREMIOS DEL VIII CONCURSO DE POES\u00cdA \u201cPOETA MARCELINO ARELLANO ALABARCES\u201d ORGANIZADOS POR EL EXCM. AYUNTAMIENTO DE \u00cdTRABO (GRANADA)<\/strong><\/p>\n<p><strong>\u00a0<a href=\"http:\/\/granadacosta.net\/wp-content\/uploads\/2016\/04\/P10602501.jpg\"><img decoding=\"async\" loading=\"lazy\" class=\"  wp-image-6058 alignnone\" src=\"http:\/\/granadacosta.net\/wp-content\/uploads\/2016\/04\/P10602501-300x169.jpg\" alt=\"P1060250\" width=\"547\" height=\"308\" \/><\/a><\/strong><\/p>\n<p><strong>E<\/strong>l pasado d\u00eda 2 de abril, en el Edificio de Multiusos del Ayuntamiento de \u00cdtrabo, se entregaron los premios de la octava convocatoria de poes\u00eda que cada a\u00f1o convoca este. Todo acompa\u00f1\u00f3: el d\u00eda fue soleado y sin viento. El sal\u00f3n estaba completamente lleno y entre el numeroso p\u00fablico asistente, hay que resaltar la presencia generosa de un p\u00fablico juvenil entregado y atento. Cosa que llen\u00f3 de alegr\u00eda a este servidor de ustedes, ya que, hay que educar a los ni\u00f1os para que se vayan aficionando a todas las manifestaciones culturales y, ello se logra, haci\u00e9ndoles participar en todos los eventos de esta naturaleza con actos relacionados a su edad.<\/p>\n<p>Debo felicitar a la nueva Concejala de <strong>Cultura, Mari \u00c1ngeles<\/strong> <strong>Fern\u00e1ndez Ru\u00edz <\/strong>y al Concejal de Festejos <strong>Antonio Garc\u00eda Pe\u00f1alver<\/strong>, por la iniciativa de organizar el evento en el que participaron los ni\u00f1os. Ese es el camino para que nuestros j\u00f3venes no se dediquen a otros asuntos m\u00e1s peligrosos y nefastos para ellos.<\/p>\n<p>La mesa presidencial estuvo presidida por: Mari \u00c1ngeles Fern\u00e1ndez Ru\u00edz (Concejala de Cultura), <strong>Jos\u00e9 Segura Haro<\/strong> (Presidente de la Editorial Granada Costa Selecci\u00f3n), <strong>Antonio Jes\u00fas Carrascosas Valverde<\/strong> (Alcalde de \u00cdtrabo), <strong>Alfonso Monteagudo<\/strong> (poeta) y <strong>Marcelino Arellano Alabarces<\/strong>. <strong>Mar\u00eda,<\/strong> hizo de presentadora, con acierto y sabidur\u00eda.<\/p>\n<p>Abri\u00f3 el acto la Se\u00f1ora Concejala de Cultura, con una palabras dirigidas al atento p\u00fablico, seguidamente se le dio la palabra a Marcelino Arellano, quien explico brevemente, para no hacer el acto demasiado largo, la gran cantidad de trabajos recibidos de toda Espa\u00f1a y lo dif\u00edcil, que lo hab\u00eda tenido el Jurado Calificador, para conceder los premios y, como siempre pasa \u2013y lo s\u00e9 por experiencia- nunca queda uno a gusto, ya que, hab\u00eda poemas de muy alta calidad, pero solo se pod\u00edan conceder tres premios y dos acc\u00e9sit. Fue dif\u00edcil, doy fe de ello por haber tenido que ser miembro del jurado en esta convocatoria. Y s\u00e9 que se pasa mal, pero despu\u00e9s uno se alegra, cuando la Secretaria del Certamen abre las plicas y uno se lleva la sorpresa agradable, que algunos de los premiados, son grandes poetas y amigos. El Jurado este a\u00f1o ha estado compuesto por: <strong>Jos\u00e9 Mar\u00eda Guti\u00e9rrez<\/strong> (poeta), <strong>Mar\u00eda Jos\u00e9 Alem\u00e1n<\/strong> (poeta) y Marcelino Arellanola secretaria ha sido <strong>Fernanda Llabr\u00e9s<\/strong>.<\/p>\n<p>El primer premio ha reca\u00eddo en el poeta vallisoletano <strong>Jos\u00e9 Lu\u00eds<\/strong> <strong>Bragado Garc\u00eda<\/strong>, el segundo premio se lo ha llevado el poeta <strong>Juan de<\/strong> <strong>Molina<\/strong> de Ubrique (C\u00e1diz), el premio tercero (local) ha sido para <strong>Carmen Alabarces Justo<\/strong>, residente en \u00cdtrabo y los dos acc\u00e9sit han ido uno a L\u00e9rida y cuyo ganador ha sido <strong>Antonio Guti\u00e9rrez Moreno<\/strong> y el otro a Ciudad Real, para el poeta <strong>M.<\/strong> <strong>M. S. C.<\/strong><\/p>\n<p><a href=\"http:\/\/granadacosta.net\/wp-content\/uploads\/2016\/04\/P1060269.jpg\"><img decoding=\"async\" loading=\"lazy\" class=\"  wp-image-6042 alignleft\" src=\"http:\/\/granadacosta.net\/wp-content\/uploads\/2016\/04\/P1060269-300x169.jpg\" alt=\"P1060269\" width=\"396\" height=\"223\" \/><\/a><\/p>\n<p><a href=\"http:\/\/granadacosta.net\/wp-content\/uploads\/2016\/04\/P1060268.jpg\"><img decoding=\"async\" loading=\"lazy\" class=\"  wp-image-6043 aligncenter\" src=\"http:\/\/granadacosta.net\/wp-content\/uploads\/2016\/04\/P1060268-300x169.jpg\" alt=\"P1060268\" width=\"408\" height=\"230\" \/><\/a><\/p>\n<p>&nbsp;<\/p>\n<p>&nbsp;<\/p>\n<p><a href=\"http:\/\/granadacosta.net\/wp-content\/uploads\/2016\/04\/P1060276.jpg\"><img decoding=\"async\" loading=\"lazy\" class=\"  wp-image-6044 alignnone\" src=\"http:\/\/granadacosta.net\/wp-content\/uploads\/2016\/04\/P1060276-300x169.jpg\" alt=\"P1060276\" width=\"446\" height=\"251\" \/><\/a> <a href=\"http:\/\/granadacosta.net\/wp-content\/uploads\/2016\/04\/P1060275.jpg\"><img decoding=\"async\" loading=\"lazy\" class=\"  wp-image-6045 alignright\" src=\"http:\/\/granadacosta.net\/wp-content\/uploads\/2016\/04\/P1060275-300x169.jpg\" alt=\"P1060275\" width=\"456\" height=\"257\" \/><\/a><\/p>\n<p><a href=\"http:\/\/granadacosta.net\/wp-content\/uploads\/2016\/04\/P1060278.jpg\"><img decoding=\"async\" loading=\"lazy\" class=\"  wp-image-6046 alignnone\" src=\"http:\/\/granadacosta.net\/wp-content\/uploads\/2016\/04\/P1060278-300x169.jpg\" alt=\"P1060278\" width=\"447\" height=\"252\" \/><\/a>\u00a0\u00a0<a href=\"http:\/\/granadacosta.net\/wp-content\/uploads\/2016\/04\/P1060273.jpg\"><img decoding=\"async\" loading=\"lazy\" class=\"  wp-image-6047 alignright\" src=\"http:\/\/granadacosta.net\/wp-content\/uploads\/2016\/04\/P1060273-300x169.jpg\" alt=\"P1060273\" width=\"431\" height=\"243\" \/><\/a><\/p>\n<p>&nbsp;<\/p>\n<p><a href=\"http:\/\/granadacosta.net\/wp-content\/uploads\/2016\/04\/P1060272.jpg\"><img decoding=\"async\" loading=\"lazy\" class=\"  wp-image-6048 alignnone\" src=\"http:\/\/granadacosta.net\/wp-content\/uploads\/2016\/04\/P1060272-300x169.jpg\" alt=\"P1060272\" width=\"446\" height=\"251\" \/><\/a><\/p>\n<p>El ganador del primer premio estuvo representado por su hija, que recogi\u00f3 el premio y ley\u00f3 el poema ganador, el segundo premiado excus\u00f3 su asistencia al acto, por enfermedad de un familiar, recogi\u00f3 el premio y ley\u00f3 el poema el poeta Marcelino Arellano Alabarces, el premio local lo recogi\u00f3 la ganadora y ley\u00f3 su poema, Antonio Guti\u00e9rrez Moreno, recogi\u00f3 el diploma y ley\u00f3 su poema personalmente, por encontrarse de vacaciones en V\u00e9lez de Benaudalla, localidad muy cercana a \u00cdtrabo, el otro acc\u00e9sit concedido fue para un poeta de Ciudad Real, fue recogido y ley\u00f3 el poema el poeta Alfonso Monteagudo.<\/p>\n<p>La lectura de todos los poemas ganadores fueron muy aplaudidos por el numeroso p\u00fablico asistente.<\/p>\n<p>Cerr\u00f3 el acto con unas palabras dedicadas a todos los premiados el alcalde de la localidad, Antonio Jes\u00fas Carrascosa Valverde y emplaz\u00e1ndonos a todos a la pr\u00f3xima convocatoria.<\/p>\n<p>Un acto important\u00edsimo de promoci\u00f3n para la cultura y para el pueblo, m\u00e1s cuando se trata de poblaciones peque\u00f1as.<\/p>\n<p>Mi agradecimiento al Ayuntamiento de \u00cdtrabo y a todas sus dign\u00edsimas autoridades, por seguir convocando estos Premios de Poes\u00eda que llevan mi nombre y su apuesta desinteresada, en promocionar la cultura en general.<\/p>\n<p>&nbsp;<\/p>\n<p style=\"text-align: right;\"><em><strong>Marcelino Arellano Alabarces<\/strong><\/em><\/p>\n<p style=\"text-align: right;\"><em><strong>Palma de Mallorca\u00a0<\/strong><\/em><\/p>\n","protected":false},"excerpt":{"rendered":"<p>ENTREGA DE LOS PREMIOS DEL VIII CONCURSO DE POES\u00cdA \u201cPOETA MARCELINO ARELLANO ALABARCES\u201d ORGANIZADOS POR EL EXCM. AYUNTAMIENTO DE \u00cdTRABO&hellip;<\/p>\n","protected":false},"author":2,"featured_media":6050,"comment_status":"open","ping_status":"open","sticky":false,"template":"","format":"standard","meta":{"om_disable_all_campaigns":false,"_mi_skip_tracking":false,"_monsterinsights_sitenote_active":false,"_monsterinsights_sitenote_note":"","_monsterinsights_sitenote_category":0,"footnotes":""},"categories":[21,22],"tags":[],"aioseo_notices":[],"_links":{"self":[{"href":"https:\/\/granadacostaglobal.es\/index.php?rest_route=\/wp\/v2\/posts\/6041"}],"collection":[{"href":"https:\/\/granadacostaglobal.es\/index.php?rest_route=\/wp\/v2\/posts"}],"about":[{"href":"https:\/\/granadacostaglobal.es\/index.php?rest_route=\/wp\/v2\/types\/post"}],"author":[{"embeddable":true,"href":"https:\/\/granadacostaglobal.es\/index.php?rest_route=\/wp\/v2\/users\/2"}],"replies":[{"embeddable":true,"href":"https:\/\/granadacostaglobal.es\/index.php?rest_route=%2Fwp%2Fv2%2Fcomments&post=6041"}],"version-history":[{"count":0,"href":"https:\/\/granadacostaglobal.es\/index.php?rest_route=\/wp\/v2\/posts\/6041\/revisions"}],"wp:featuredmedia":[{"embeddable":true,"href":"https:\/\/granadacostaglobal.es\/index.php?rest_route=\/"}],"wp:attachment":[{"href":"https:\/\/granadacostaglobal.es\/index.php?rest_route=%2Fwp%2Fv2%2Fmedia&parent=6041"}],"wp:term":[{"taxonomy":"category","embeddable":true,"href":"https:\/\/granadacostaglobal.es\/index.php?rest_route=%2Fwp%2Fv2%2Fcategories&post=6041"},{"taxonomy":"post_tag","embeddable":true,"href":"https:\/\/granadacostaglobal.es\/index.php?rest_route=%2Fwp%2Fv2%2Ftags&post=6041"}],"curies":[{"name":"wp","href":"https:\/\/api.w.org\/{rel}","templated":true}]}}