{"id":547,"date":"2015-03-18T23:32:02","date_gmt":"2015-03-18T23:32:02","guid":{"rendered":"http:\/\/granadacosta.es\/?p=547"},"modified":"2015-03-18T23:32:02","modified_gmt":"2015-03-18T23:32:02","slug":"547","status":"publish","type":"post","link":"https:\/\/granadacostaglobal.es\/?p=547","title":{"rendered":"Recital po\u00e9tico Semana Santa To\u00f1y Castillo"},"content":{"rendered":"<p>&nbsp;<\/p>\n<p><img decoding=\"async\" loading=\"lazy\" class=\"  wp-image-548 alignright\" src=\"http:\/\/granadacosta.es\/wp-content\/uploads\/2015\/03\/11080544_10203312051622817_691305892500631319_o-199x300.jpg\" alt=\"11080544_10203312051622817_691305892500631319_o\" width=\"150\" height=\"227\" \/>\u00a0<span style=\"color: #993300;\">Dentro de los actos de la Semana Santa de Lleida, hoy se ha desarrollado un recital po\u00e9tico de To\u00f1y Castillo sobre poemas de Antonio Guti\u00e9rrez y de ella misma en la iglesia de la Sangre de la calle San Antonio bajo el patrocinio de A.c. Cristo Agon\u00eda Lleida<\/span><\/p>\n","protected":false},"excerpt":{"rendered":"<p>&nbsp; \u00a0Dentro de los actos de la Semana Santa de Lleida, hoy se ha desarrollado un recital po\u00e9tico de To\u00f1y&hellip;<\/p>\n","protected":false},"author":4,"featured_media":0,"comment_status":"open","ping_status":"open","sticky":false,"template":"","format":"standard","meta":{"om_disable_all_campaigns":false,"_mi_skip_tracking":false,"_monsterinsights_sitenote_active":false,"_monsterinsights_sitenote_note":"","_monsterinsights_sitenote_category":0,"footnotes":""},"categories":[19],"tags":[],"aioseo_notices":[],"_links":{"self":[{"href":"https:\/\/granadacostaglobal.es\/index.php?rest_route=\/wp\/v2\/posts\/547"}],"collection":[{"href":"https:\/\/granadacostaglobal.es\/index.php?rest_route=\/wp\/v2\/posts"}],"about":[{"href":"https:\/\/granadacostaglobal.es\/index.php?rest_route=\/wp\/v2\/types\/post"}],"author":[{"embeddable":true,"href":"https:\/\/granadacostaglobal.es\/index.php?rest_route=\/wp\/v2\/users\/4"}],"replies":[{"embeddable":true,"href":"https:\/\/granadacostaglobal.es\/index.php?rest_route=%2Fwp%2Fv2%2Fcomments&post=547"}],"version-history":[{"count":0,"href":"https:\/\/granadacostaglobal.es\/index.php?rest_route=\/wp\/v2\/posts\/547\/revisions"}],"wp:attachment":[{"href":"https:\/\/granadacostaglobal.es\/index.php?rest_route=%2Fwp%2Fv2%2Fmedia&parent=547"}],"wp:term":[{"taxonomy":"category","embeddable":true,"href":"https:\/\/granadacostaglobal.es\/index.php?rest_route=%2Fwp%2Fv2%2Fcategories&post=547"},{"taxonomy":"post_tag","embeddable":true,"href":"https:\/\/granadacostaglobal.es\/index.php?rest_route=%2Fwp%2Fv2%2Ftags&post=547"}],"curies":[{"name":"wp","href":"https:\/\/api.w.org\/{rel}","templated":true}]}}