{"id":5433,"date":"2016-04-06T08:17:12","date_gmt":"2016-04-06T08:17:12","guid":{"rendered":"http:\/\/granadacosta.net\/?p=5433"},"modified":"2016-04-06T08:17:12","modified_gmt":"2016-04-06T08:17:12","slug":"cultura-flamenca-liv-alfredo-arrebola-profesor-cantaor","status":"publish","type":"post","link":"https:\/\/granadacostaglobal.es\/?p=5433","title":{"rendered":"CULTURA   FLAMENCA   (LIV), FLAMENCO\u00a0 Y\u00a0 TOROS\u00a0 (XXV). MANOLO\u00a0 CORT\u00c9S (1949)"},"content":{"rendered":"<p>&nbsp;<\/p>\n<p><a href=\"http:\/\/granadacosta.net\/wp-content\/uploads\/2016\/04\/torero-Manolo-Cort\u00e9s.jpg\"><img decoding=\"async\" loading=\"lazy\" class=\"  wp-image-5434 aligncenter\" src=\"http:\/\/granadacosta.net\/wp-content\/uploads\/2016\/04\/torero-Manolo-Cort\u00e9s-207x300.jpg\" alt=\"torero Manolo Cort\u00e9s\" width=\"321\" height=\"465\" \/><\/a><\/p>\n<p>&nbsp;<\/p>\n<p>&nbsp;<\/p>\n<p>&nbsp;<\/p>\n<p>La magn\u00edfica, did\u00e1ctica, amena y bien documentada charla\u00a0 que D. Juli\u00e1n Tom\u00e1s Garc\u00eda\u00a0 S\u00e1nchez &#8211; Coronel del\u00a0 Madoc &#8211;\u00a0 nos ofreci\u00f3 en febrero pasado (17\/02\/16) sobre \u201cEl Toreo en el siglo\u00a0 XX. De\u00a0 Joselito y Belmonte\u00a0 a Enrique Ponce. Del toro\u00a0 de\u00a0 Veragua al de Domecq\u201d me ha impulsado a escribir este veinticinco \u201cFlamenco\u00a0 y Toros\u201d, dando\u00a0 a conocer la regia figura torera que ha sido Manuel\u00a0 Cort\u00e9s de los Santos, nacido en\u00a0 Gin\u00e9s (Sevilla), el 11 de junio de l949: fin\u00edsimo\u00a0 torero de pelo rizoso y de tez\u00a0 morena como una figura\u00a0 lorquiana, en palabras\u00a0 del cr\u00edtico taurino Rafael R\u00edos\u00a0 Manzano, cfr. \u201cTaromaquia\u00a0 fundamental\u201d, p\u00e1g. 176.<\/p>\n<p>Como comprender\u00e1 el lector estamos hablando de un torero de estirpe\u00a0 gitana,\u00a0 dotado\u00a0 del pellizco y el\u00a0 duende que suelen\u00a0 adornar a\u00a0 los\u00a0 espadas\u00a0 de\u00a0 su raza; constituye,\u00a0 al mismo tiempo, un parad\u00f3gico\u00a0 y aleccionador ejemplo\u00a0 del magn\u00edfico\u00a0 rendimiento que la gracia\u00a0 y el\u00a0 arte pueden\u00a0 ofrecer en\u00a0 la lidia del ganado m\u00e1s\u00a0 bronco\u00a0 y \u00e1spero. Y es que,\u00a0 en\u00a0 efecto, Manolo\u00a0 Cort\u00e9s no se ha dejado\u00a0 arrastrar por la indolencia y el des\u00e1nimo \u2013 cuando no, directamente\u00a0 el\u00a0 miedo \u2013 que invaden a otros\u00a0 toreros\u00a0 artistas a la hora de enfrentarse con\u00a0 las reses\u00a0 de\u00a0 mayor\u00a0 casta\u00a0 y\u00a0 bravura, y ha demostrado que no son\u00a0 en modo\u00a0 alguno incompatibles \u2013 salvo para\u00a0 quienes no\u00a0 andan\u00a0 sobrados de reda\u00f1os \u2013 la\u00a0 composici\u00f3n \u00a0pl\u00e1stica de\u00a0 la figura y\u00a0 el\u00a0 valor\u00a0 necesario para\u00a0 ponerse\u00a0 ante\u00a0 la cara del\u00a0 toro-toro. Prueba de esta\u00a0 concepci\u00f3n\u00a0 ecl\u00e9ctica del\u00a0 toreo es\u00a0 su inclusi\u00f3n en\u00a0 numerosos carteles de las llamadas \u201ccorridas\u00a0 duras\u201d, as\u00ed\u00a0 como su\u00a0 condici\u00f3n\u00a0 de tentador\u00a0 de reses\u00a0 en\u00a0 la legendaria ganader\u00eda de\u00a0 Miura.<\/p>\n<p>Sus campa\u00f1as novilleriles fueron\u00a0 extraordinarias y, sin\u00a0 haberse presentado\u00a0 en\u00a0 Madrid, lleg\u00f3\u00a0 a la alternativa con\u00a0 el bagaje de muchos\u00a0 \u00e9xitos. Nacido\u00a0 en\u00a0 el seno de una familia\u00a0 muy humilde, eligi\u00f3 \u2013 como tantos otros muchahchos de su entorno \u2013 la\u00a0 senda del toreo para intentar salir de esa pobreza a la que parec\u00eda condenado de por\u00a0 vida. As\u00ed, alentado por una\u00a0 precoz\u00a0 afici\u00f3n, cont\u00f3 con\u00a0 el\u00a0 apoyo y amistad de algunas\u00a0 figuras\u00a0 se\u00f1eras de los circuitos\u00a0 taurinos profesionales ( como el propio Eduardo\u00a0 Miura, quien\u00a0 le abri\u00f3\u00a0 desde joven\u00a0 las puertas\u00a0 de su finca) y di\u00f3 inicio a una andadura\u00a0 novilleril que, en un principio, s\u00f3lo le permiti\u00f3 intervenir\u00a0 en la parte\u00a0 seria de un espet\u00e1culo c\u00f3mico-taurino. El jovenc\u00edsimo Manolo\u00a0 Cort\u00e9s gust\u00f3 por\u00a0 sus actuaciones\u00a0 vestido de corto; muy pronto le\u00a0 llegaron ofertas para enfundarse en\u00a0 el\u00a0 terno de\u00a0 alamares. As\u00ed las cosas, el 8\/09\/1965 luci\u00f3\u00a0 su primer traje de luces en la peque\u00f1a plaza de Santisteba del Puerto (Ja\u00e9n), en\u00a0 compa\u00f1\u00eda de Antonio\u00a0 Mill\u00e1 \u201cCarnicerito de \u00dabeda\u201d.<\/p>\n<p>El 10\/09\/1966 consigui\u00f3\u00a0 debutar como\u00a0 novillero en\u00a0 el coso onubense\u00a0 de Cortegana. Di\u00f3, as\u00ed, inicio a un brillante periodo de actuaciones en\u00a0 novilladas\u00a0 picadas que, durante la campa\u00f1a de 1967, le permiti\u00f3 realizar 25 paseillos. Su\u00a0 doctorado\u00a0 tuvo lugar en Valencia el 14\/03\/1968, al cederle Antonio\u00a0 Ordo\u00f1ez el toro \u201cReventador\u201d, de Urquijo, y con\u00a0 Diego\u00a0 Puerta de testigo. Anduvo fino y aseado Manolo Cort\u00e9s en la lidia del toro de su docotorado, aunque, al fallar\u00a0 de espadas, qued\u00f3\u00a0 privado de trofeos; sin\u00a0 embargo, encandil\u00f3 a la afici\u00f3n, cortando una oreja a\u00a0 su\u00a0 segundo\u00a0 oponente. Alentado por este buen\u00a0 comienzo en su carrera de matador de toros, unos meses m\u00e1s tarde, el diestro sevillano compareci\u00f3, por fin, en Madrid (Fiestas de San\u00a0 Isidro), dispuesto\u00a0 a confirmar\u00a0 la\u00a0 validez\u00a0 de su doctorado\u00a0 en Tauromaquia. Ven\u00eda apadrinado por\u00a0 Antonio Ordo\u00f1ez quien le facult\u00f3 para dar lidia\u00a0 y\u00a0 muerte a \u201cAndador\u201d, procedente de la ganader\u00eda Murube. Corr\u00eda, a la saz\u00f3n, el d\u00eda 14\/05\/1968, en la que el murciano Miguel Mateo \u201cMiguel\u00edn\u201d hizo su paseillo en calidad de testigo. El\u00a0 mal\u00a0 juego de las reses no permiti\u00f3 el lucimiento del\u00a0 espada de Gin\u00e9s, lo que no impidi\u00f3 que Manolo Cort\u00e9s\u00a0 lidiara, en aquella primera\u00a0 temporada como matador de toros, 44 corridas. Sus triunfos clamorosos vendr\u00edan\u00a0 al\u00a0 a\u00f1o siguiente (1969) en la Real Maestranza de Sevilla. Fruto de estos triunfos, llovieron\u00a0 los contratos; el diestro gitano cerr\u00f3 temporada haciendo 50 paseillos. 41 ajuste cumpli\u00f3 durante la siguiente temporada, a pesar de la grave cogida que sufri\u00f3 en Pamplona el 7\/07\/1970.<\/p>\n<p>Sin\u00a0 embargo,\u00a0 comenz\u00f3\u00a0 a encasillarse en la peligrosa categor\u00eda de los toreros\u00a0 irregulares, tan frecuentada por los\u00a0 espadas que, como \u00e9l, practican un\u00a0 toreo de inspiraci\u00f3n art\u00edstica y concepci\u00f3n\u00a0 fundamentalmente est\u00e9tica. No obstante,\u00a0 en la campa\u00f1a de 1972 volvi\u00f3\u00a0 a resurgir\u00a0 con\u00a0 fuerza merced al \u00e9xito cosechado\u00a0 en la\u00a0 feria\u00a0 sevillana de abril ante un\u00a0 astado de Samuel\u00a0 Flores. En medio de los habituales altibajos que van pautando las trayectorias de su estirpe, en 1973 se visti\u00f3 de luces 33 veces, y 25 en 1974 y 1975. Inmerso, de nuevo, en un alarmante declive, volvi\u00f3 a echar mano de su valor y de sus conocimientos t\u00e9cnicos para\u00a0 enjaretar, en 1978,(Valencia), una de las faenas m\u00e1s grandiosas de la d\u00e9cada frente a un corn\u00fapeta marcado con\u00a0 el\u00a0 terrible hierro de Miura. Aquel a\u00f1o tore\u00f3\u00a0 en Madrid la corrida extraordinaria de la Prensa, en la que no se anunciaba desde 1968, y a la que volvi\u00f3 en 1981 y 1982. Y dict\u00f3, de nuevo, una lecci\u00f3n magistral\u00a0 de torer\u00eda en la Plaza de\u00a0 Las Ventas en septiembre de 1984. El torero gitano de Gin\u00e9s sigui\u00f3 activo durante el resto de los a\u00f1os ochenta y en los primeros de la d\u00e9cada siguiente, pero sin lograr renovar algunos de sus clamorosos triunfos de anta\u00f1o. Lo que s\u00ed est\u00e1 suficientemente probado que Manolo Cort\u00e9s ha sido un\u00a0 torero\u00a0 artista y de un\u00a0 arte que no se puede\u00a0 describir f\u00e1cilmente. S\u00f3lo una vez lo v\u00ed torear: me llen\u00f3\u00a0 de emoci\u00f3n \u00a0y alegr\u00eda, dejando una huella indeleble\u00a0 en mi esp\u00edritu.<\/p>\n<p>Conozco, por propia experiencia art\u00edstica, las alegr\u00edas y los sinsabores producidos por los triunfos y fracasos de cantaores y toreros. Algo que, en general, puede aplicarse a cualquier actividad humana y art\u00edstica: Una prueba m\u00e1s\u00a0 de la similitud entre \u201cFlamenco y Toros\u201d. Y como dec\u00eda el famoso e inolvidable cantaor Manuel\u00a0 Vallejo: \u201cLa jondura flamenca est\u00e1 presente de la misma forma en\u00a0 los toros que en\u00a0 el cante. Casi todos los\u00a0 flamencos somos\u00a0 \u00a0aficionados\u00a0 a las\u00a0 corridas y casi\u00a0 todos\u00a0 somos amigos\u00a0 de los toreros,\u00a0 los\u00a0 que\u00a0 a su\u00a0 vez gustan\u00a0 horrores del cante\u201d. En honor del fino y cl\u00e1sico arte t\u00e1urico de Manolo Cort\u00e9s, pongo aqu\u00ed esta Seguiriya gitana:<\/p>\n<p>YO CREO, SERRANA, \/ QUE\u00a0 HABRA\u00a0 TORER\u00cdA \/\u00a0 MIENTRAS NAZCAN\u00a0 TOREROS\u00a0 GITANOS \/ Y\u00a0 EL\u00a0 SOL\u00a0 CADA\u00a0 D\u00cdA\u00a0 que, en la voz de Manuel Torre, Tom\u00e1s Pav\u00f3n, Antonio\u00a0 Mairena, Antonio\u00a0 Nu\u00f1ez \u201cChocolate&#8230;,\u00a1qu\u00e9 bien\u00a0 podr\u00eda\u00a0 sonar\u00a0 en el sublime y grandioso\u00a0 arte flamenco gitano-andaluz!.<\/p>\n<p>&nbsp;<\/p>\n<p style=\"text-align: right;\"><em><strong>Alfredo \u00a0Arrebola, Profesor -Cantaor<\/strong><\/em><\/p>\n","protected":false},"excerpt":{"rendered":"<p>&nbsp; &nbsp; &nbsp; &nbsp; La magn\u00edfica, did\u00e1ctica, amena y bien documentada charla\u00a0 que D. Juli\u00e1n Tom\u00e1s Garc\u00eda\u00a0 S\u00e1nchez &#8211; Coronel&hellip;<\/p>\n","protected":false},"author":2,"featured_media":5434,"comment_status":"open","ping_status":"open","sticky":false,"template":"","format":"standard","meta":{"om_disable_all_campaigns":false,"_mi_skip_tracking":false,"_monsterinsights_sitenote_active":false,"_monsterinsights_sitenote_note":"","_monsterinsights_sitenote_category":0,"footnotes":""},"categories":[21,22],"tags":[],"aioseo_notices":[],"_links":{"self":[{"href":"https:\/\/granadacostaglobal.es\/index.php?rest_route=\/wp\/v2\/posts\/5433"}],"collection":[{"href":"https:\/\/granadacostaglobal.es\/index.php?rest_route=\/wp\/v2\/posts"}],"about":[{"href":"https:\/\/granadacostaglobal.es\/index.php?rest_route=\/wp\/v2\/types\/post"}],"author":[{"embeddable":true,"href":"https:\/\/granadacostaglobal.es\/index.php?rest_route=\/wp\/v2\/users\/2"}],"replies":[{"embeddable":true,"href":"https:\/\/granadacostaglobal.es\/index.php?rest_route=%2Fwp%2Fv2%2Fcomments&post=5433"}],"version-history":[{"count":0,"href":"https:\/\/granadacostaglobal.es\/index.php?rest_route=\/wp\/v2\/posts\/5433\/revisions"}],"wp:featuredmedia":[{"embeddable":true,"href":"https:\/\/granadacostaglobal.es\/index.php?rest_route=\/"}],"wp:attachment":[{"href":"https:\/\/granadacostaglobal.es\/index.php?rest_route=%2Fwp%2Fv2%2Fmedia&parent=5433"}],"wp:term":[{"taxonomy":"category","embeddable":true,"href":"https:\/\/granadacostaglobal.es\/index.php?rest_route=%2Fwp%2Fv2%2Fcategories&post=5433"},{"taxonomy":"post_tag","embeddable":true,"href":"https:\/\/granadacostaglobal.es\/index.php?rest_route=%2Fwp%2Fv2%2Ftags&post=5433"}],"curies":[{"name":"wp","href":"https:\/\/api.w.org\/{rel}","templated":true}]}}