{"id":5361,"date":"2016-04-04T08:55:49","date_gmt":"2016-04-04T08:55:49","guid":{"rendered":"http:\/\/granadacosta.net\/?p=5361"},"modified":"2016-04-04T08:55:49","modified_gmt":"2016-04-04T08:55:49","slug":"decimo-cuarta-edicion-del-campeonato-de-baile-ciudad-de-astillero","status":"publish","type":"post","link":"https:\/\/granadacostaglobal.es\/?p=5361","title":{"rendered":"D\u00e9cimo cuarta edici\u00f3n del Campeonato de Baile \u201cCiudad de Astillero\u201d"},"content":{"rendered":"<p><strong>El Pabell\u00f3n de la Cant\u00e1brica volvi\u00f3 a vibrar de emoci\u00f3n con la d\u00e9cimo cuarta edici\u00f3n del Campeonato de Baile \u201cCiudad de Astillero\u201d<\/strong><\/p>\n<p>&nbsp;<\/p>\n<h3>Lleno absoluto en las dos galas celebradas el 1 y 2 de abril de 2016, a las 20,00 horas<\/h3>\n<p>&nbsp;<\/p>\n<p><em>Torremolinos a 3 de Abril de 2016<\/em>. El Pabell\u00f3n de la Cant\u00e1brica complet\u00f3 su aforo, adem\u00e1s de las sillas extras colocadas para la ocasi\u00f3n por el Ayuntamiento de Astillero, por un p\u00fablico estupendo, que ambas jornadas para dar su c\u00e1lida acogida a todos los bailarines que han participado en esta d\u00e9cimo cuarta edici\u00f3n del Campeonato de Baile de Astillero.<\/p>\n<p>&nbsp;<\/p>\n<p>El alcalde de El Astillero, Francisco Ortiz Uriarte, clausur\u00f3 oficialmente el evento en la jornada del s\u00e1bado y la concejala delegada de Participaci\u00f3n ciudadana y Asociaciones, festejos, Comunicaci\u00f3n y protocolo, Maica Melgar P\u00e9rez fue la encargada de inaugurarlo el viernes, ambos, en sus respectivas intervenciones, dieron las gracias al p\u00fablico asistente, a las parejas de participantes y sus acompa\u00f1antes, esperando que hayan disfrutado de su estancia y convoc\u00e1ndolos a todos para el a\u00f1o que viene de nuevo, en Astillero. Al final de cada jornada, hicieron la entrega de los premios, acompa\u00f1ados de los miembros del Jurado y de los miembros de la Corporaci\u00f3n Municipal, Salom\u00f3n Mart\u00edn Avenda\u00f1o, Concejal de Hacienda y Gobernaci\u00f3n, M\u00aa \u00c1ngeles Eguiguren Cacho, Concejala de Cultura, Educaci\u00f3n y Juventud, Bel\u00e9n Benito de la Iglesia, Concejala de Empleo y Personal Administrativo, Ana Garc\u00eda Bad\u00eda, Concejala de Medio Ambiente y Jes\u00fas M\u00aa Rivas Ruiz, Concejal de Obras y Servicios.<\/p>\n<p><a href=\"http:\/\/granadacosta.net\/wp-content\/uploads\/2016\/04\/Astillero-Foto-Fermin-Molino-Autoridades-y-Jurado-4-MIN.jpg\"><img decoding=\"async\" loading=\"lazy\" class=\"  wp-image-5367 aligncenter\" src=\"http:\/\/granadacosta.net\/wp-content\/uploads\/2016\/04\/Astillero-Foto-Fermin-Molino-Autoridades-y-Jurado-4-MIN-300x199.jpg\" alt=\"Astillero Foto Fermin Molino Autoridades y Jurado (4) MIN\" width=\"442\" height=\"293\" \/><\/a><\/p>\n<p>&nbsp;<\/p>\n<p>Durante el fin de semana hemos contado con la participaci\u00f3n de m\u00e1s de 60 parejas, procedentes de Catalu\u00f1a, Andaluc\u00eda, Extremadura, Castilla-La Mancha, Pa\u00eds Vasco, Galicia, Comunidad de Madrid y de toda Cantabria, en las categor\u00edas de Mayores de 60 a\u00f1os, de 50 a 60 a\u00f1os, de 30 a 50 a\u00f1os, de 18 a 30 a\u00f1os, de 12 a 18 a\u00f1os y Menores de 12 a\u00f1os, que deleitaron al p\u00fablico asistente con el arte y elegancia que les caracteriza.<br \/>\n<a href=\"http:\/\/granadacosta.net\/wp-content\/uploads\/2016\/04\/Astillero-Foto-Fermin-Molino-Autoridades-y-Jurado-1-MIN.jpg\"><img decoding=\"async\" loading=\"lazy\" class=\"  wp-image-5364 alignleft\" src=\"http:\/\/granadacosta.net\/wp-content\/uploads\/2016\/04\/Astillero-Foto-Fermin-Molino-Autoridades-y-Jurado-1-MIN-300x199.jpg\" alt=\"Astillero Foto Fermin Molino Autoridades y Jurado (1) MIN\" width=\"371\" height=\"246\" \/><\/a> <a href=\"http:\/\/granadacosta.net\/wp-content\/uploads\/2016\/04\/Astillero-Foto-Fermin-Molino-38-MIN.jpg\"><img decoding=\"async\" loading=\"lazy\" class=\"  wp-image-5363 aligncenter\" src=\"http:\/\/granadacosta.net\/wp-content\/uploads\/2016\/04\/Astillero-Foto-Fermin-Molino-38-MIN-300x199.jpg\" alt=\"Astillero Foto Fermin Molino (38) MIN\" width=\"336\" height=\"223\" \/><\/a> <a href=\"http:\/\/granadacosta.net\/wp-content\/uploads\/2016\/04\/Astillero-Foto-Fermin-Molino-1-MIN.jpg\"><img decoding=\"async\" loading=\"lazy\" class=\"  wp-image-5362 alignleft\" src=\"http:\/\/granadacosta.net\/wp-content\/uploads\/2016\/04\/Astillero-Foto-Fermin-Molino-1-MIN-300x199.jpg\" alt=\"Astillero Foto Fermin Molino (1) MIN\" width=\"363\" height=\"241\" \/><\/a><\/p>\n<p>&nbsp;<\/p>\n<p>&nbsp;<\/p>\n<p>&nbsp;<\/p>\n<p>&nbsp;<\/p>\n<p>&nbsp;<\/p>\n<p>&nbsp;<\/p>\n<p>Adem\u00e1s tuvimos las exhibiciones de los actuales Campeones del Mundo de Baile Combinado de 50 a 60 a\u00f1os, Rafael Rodr\u00edguez Campo y Marina Rodr\u00edguez Arredondo, de Sabadell (Barcelona), de 30 a 40 a\u00f1os, F\u00e9lix Patr\u00f3n Rojo y Lali Rodr\u00edguez Arjona, de Llinars del Vall\u00e9s (Barcelona) y las coreograf\u00edas de baile art\u00edstico de 18 a 30 a\u00f1os, interpretadas por Pablo L\u00f3pez Campo de Los Corrales de Buelna (Cantabria), Subcampeones del Mundo de Baile Combinado y por Juan Alejandro Pallares Ferreiro y Magali Piedra Guti\u00e9rrez, de Lugo, campeones del Mundo de Merengue y de Baile Art\u00edstico.<\/p>\n<p><a href=\"http:\/\/granadacosta.net\/wp-content\/uploads\/2016\/04\/Astillero-Foto-Fermin-Molino-Autoridades-y-Jurado-3-MIN.jpg\"><img decoding=\"async\" loading=\"lazy\" class=\"  wp-image-5366 alignright\" src=\"http:\/\/granadacosta.net\/wp-content\/uploads\/2016\/04\/Astillero-Foto-Fermin-Molino-Autoridades-y-Jurado-3-MIN-300x199.jpg\" alt=\"Astillero Foto Fermin Molino Autoridades y Jurado (3) MIN\" width=\"381\" height=\"253\" \/><\/a> <a href=\"http:\/\/granadacosta.net\/wp-content\/uploads\/2016\/04\/Astillero-Foto-Fermin-Molino-Autoridades-y-Jurado-2-MIN.jpg\"><img decoding=\"async\" loading=\"lazy\" class=\"alignnone  wp-image-5365\" src=\"http:\/\/granadacosta.net\/wp-content\/uploads\/2016\/04\/Astillero-Foto-Fermin-Molino-Autoridades-y-Jurado-2-MIN-300x199.jpg\" alt=\"Astillero Foto Fermin Molino Autoridades y Jurado (2) MIN\" width=\"380\" height=\"252\" \/><\/a><\/p>\n<p>&nbsp;<\/p>\n<p>El Baile Popular, organizado por el Ayuntamiento de Astillero, en la ma\u00f1ana del s\u00e1bado tuvo una gran acogida tanto por los vecinos de Astillero, como por los participantes, llenando la Plaza del Mercado de un gran ambiente festivo.<\/p>\n<p><a href=\"http:\/\/granadacosta.net\/wp-content\/uploads\/2016\/04\/Astillero-Baile-Popular-Pz-Mercado-35.jpg\"><img decoding=\"async\" loading=\"lazy\" class=\"  wp-image-5368 alignleft\" src=\"http:\/\/granadacosta.net\/wp-content\/uploads\/2016\/04\/Astillero-Baile-Popular-Pz-Mercado-35-300x169.jpg\" alt=\"Astillero Baile Popular Pz Mercado (35)\" width=\"394\" height=\"222\" \/><\/a><\/p>\n","protected":false},"excerpt":{"rendered":"<p>El Pabell\u00f3n de la Cant\u00e1brica volvi\u00f3 a vibrar de emoci\u00f3n con la d\u00e9cimo cuarta edici\u00f3n del Campeonato de Baile \u201cCiudad&hellip;<\/p>\n","protected":false},"author":2,"featured_media":5364,"comment_status":"open","ping_status":"open","sticky":false,"template":"","format":"standard","meta":{"om_disable_all_campaigns":false,"_mi_skip_tracking":false,"_monsterinsights_sitenote_active":false,"_monsterinsights_sitenote_note":"","_monsterinsights_sitenote_category":0,"footnotes":""},"categories":[21,22],"tags":[],"aioseo_notices":[],"_links":{"self":[{"href":"https:\/\/granadacostaglobal.es\/index.php?rest_route=\/wp\/v2\/posts\/5361"}],"collection":[{"href":"https:\/\/granadacostaglobal.es\/index.php?rest_route=\/wp\/v2\/posts"}],"about":[{"href":"https:\/\/granadacostaglobal.es\/index.php?rest_route=\/wp\/v2\/types\/post"}],"author":[{"embeddable":true,"href":"https:\/\/granadacostaglobal.es\/index.php?rest_route=\/wp\/v2\/users\/2"}],"replies":[{"embeddable":true,"href":"https:\/\/granadacostaglobal.es\/index.php?rest_route=%2Fwp%2Fv2%2Fcomments&post=5361"}],"version-history":[{"count":0,"href":"https:\/\/granadacostaglobal.es\/index.php?rest_route=\/wp\/v2\/posts\/5361\/revisions"}],"wp:featuredmedia":[{"embeddable":true,"href":"https:\/\/granadacostaglobal.es\/index.php?rest_route=\/"}],"wp:attachment":[{"href":"https:\/\/granadacostaglobal.es\/index.php?rest_route=%2Fwp%2Fv2%2Fmedia&parent=5361"}],"wp:term":[{"taxonomy":"category","embeddable":true,"href":"https:\/\/granadacostaglobal.es\/index.php?rest_route=%2Fwp%2Fv2%2Fcategories&post=5361"},{"taxonomy":"post_tag","embeddable":true,"href":"https:\/\/granadacostaglobal.es\/index.php?rest_route=%2Fwp%2Fv2%2Ftags&post=5361"}],"curies":[{"name":"wp","href":"https:\/\/api.w.org\/{rel}","templated":true}]}}