{"id":5251,"date":"2016-03-27T20:32:13","date_gmt":"2016-03-27T20:32:13","guid":{"rendered":"http:\/\/granadacosta.net\/?p=5251"},"modified":"2016-03-27T20:32:13","modified_gmt":"2016-03-27T20:32:13","slug":"se-presento-en-la-casa-de-a-cultura-de-molvizar-la-segunda-edicion-de-la-novela-de-tony-castillo-a-ti-yolanda","status":"publish","type":"post","link":"https:\/\/granadacostaglobal.es\/?p=5251","title":{"rendered":"Se present\u00f3 en la Casa de a Cultura de Molvizar la Segunda edici\u00f3n de la Novela de To\u00f1y Castillo: &#8221; A ti Yolanda&#8221;"},"content":{"rendered":"<pre lang=\"es-ES\"><span style=\"color: #444444;\"><span style=\"font-family: Calibri, sans-serif;\"><span style=\"font-size: x-large;\"><a href=\"http:\/\/granadacosta.net\/wp-content\/uploads\/2016\/03\/12671973_10208967336410144_9039048062232170337_o.jpg\"><img decoding=\"async\" loading=\"lazy\" class=\"alignnone wp-image-5325\" src=\"http:\/\/granadacosta.net\/wp-content\/uploads\/2016\/03\/saluda-277x300.jpg\" alt=\"saluda\" width=\"514\" height=\"557\" \/>\n<img decoding=\"async\" loading=\"lazy\" class=\" wp-image-5253 aligncenter\" src=\"http:\/\/granadacosta.net\/wp-content\/uploads\/2016\/03\/12671973_10208967336410144_9039048062232170337_o-300x169.jpg\" alt=\"12671973_10208967336410144_9039048062232170337_o\" width=\"409\" height=\"230\" \/><\/a>\n<\/span><\/span><\/span><\/pre>\n<pre lang=\"es-ES\"><span style=\"color: #444444;\"><strong><span style=\"color: #800000;\"> Se puede ver la Presentaci\u00f3n tocando el Link que se muestra abajo<\/span><\/strong>\n\n\u00a0https:\/\/www.youtube.com\/watch?v=moskjvcpX7s\n<\/span><\/pre>\n<p><iframe loading=\"lazy\" title=\"Presentaci\u00f3n Libro de To\u00f1y Castillo &quot;A ti, Yolanda&quot;\" width=\"640\" height=\"480\" src=\"https:\/\/www.youtube.com\/embed\/moskjvcpX7s?feature=oembed\" frameborder=\"0\" allow=\"accelerometer; autoplay; clipboard-write; encrypted-media; gyroscope; picture-in-picture; web-share\" allowfullscreen><\/iframe><\/p>\n<p lang=\"es-ES\" style=\"text-align: justify;\" align=\"JUSTIFY\"><span style=\"color: #444444;\"><span style=\"font-family: Calibri, sans-serif;\"><span style=\"font-size: x-large;\">Hoy 19 de<img decoding=\"async\" loading=\"lazy\" class=\" wp-image-5286 alignleft\" src=\"http:\/\/granadacosta.net\/wp-content\/uploads\/2016\/03\/921461_10208967325249865_6341301798807688123_o-169x300.jpg\" alt=\"921461_10208967325249865_6341301798807688123_o\" width=\"215\" height=\"382\" \/> marzo, os presento a Yolanda, una historia, una vida, una realidad de personas o personajes creados a tira de sentimientos.<\/span><\/span><\/span><\/p>\n<p lang=\"es-ES\" style=\"text-align: justify;\" align=\"JUSTIFY\"><span style=\"color: #444444;\"><span style=\"font-family: Calibri, sans-serif;\"><span style=\"font-size: x-large;\">Como hab\u00eda se ser, se presenta en una poblaci\u00f3n con un gran valor sentimental y emocional para mi, Molvizar, un lugar donde pas\u00e9 horas entra\u00f1ables con sus gentes y donde tuve el honor de ser pregonera de su patrona Santa Ana el pasado verano.\u00a0<\/span><\/span><\/span><\/p>\n<p lang=\"es-ES\" style=\"text-align: justify;\" align=\"JUSTIFY\"><span style=\"color: #444444;\"><span style=\"font-family: Calibri, sans-serif;\"><span style=\"font-size: x-large;\">Es obvio decir que esta tarde me siento muy feliz por poder hablar y hacer que mis personajes tengan vida propia y se conviertan en eternos.<a href=\"http:\/\/granadacosta.net\/wp-content\/uploads\/2016\/03\/12719627_10208967333890081_7117567402192909086_o.jpg\"><img decoding=\"async\" loading=\"lazy\" class=\" wp-image-5287 aligncenter\" src=\"http:\/\/granadacosta.net\/wp-content\/uploads\/2016\/03\/12719627_10208967333890081_7117567402192909086_o-300x169.jpg\" alt=\"12719627_10208967333890081_7117567402192909086_o\" width=\"654\" height=\"369\" \/><\/a><\/span><\/span><\/span><\/p>\n<p lang=\"es-ES\" style=\"text-align: justify;\" align=\"JUSTIFY\"><span style=\"color: #444444;\"> <span style=\"font-family: Calibri, sans-serif;\"><span style=\"font-size: x-large;\">En estas tierras en las que ya me encuentro un poquito como en casa por la gran acogida y cari\u00f1o que encontr\u00e9 entre los molvice\u00f1os, y por mi vinculaci\u00f3n al peri\u00f3dico y Fundaci\u00f3n Granada Costa, la cual de manera discreta tengo la direcci\u00f3n adjunta en Catalu\u00f1a. <\/span><\/span><\/span><\/p>\n<p lang=\"es-ES\" style=\"text-align: justify;\" align=\"JUSTIFY\"><span style=\"color: #444444;\"><span style=\"font-family: Calibri, sans-serif;\"><span style=\"font-size: x-large;\">Ha nacido Yolanda uno de mis personajes\u00a0 m\u00e1s queridos y deseaba presentarla en vuestra casa\u2026en esta casa de Cultura, en una poblaci\u00f3n donde en ella y desde ella, la cultura y Molvizar adquieren nombre propio \u00a0<\/span><\/span><\/span><\/p>\n<p lang=\"es-ES\" align=\"JUSTIFY\"><span style=\"color: #444444;\">\u00a0<span style=\"font-family: Calibri, sans-serif;\"><span style=\"font-size: x-large;\">Pero en primer lugar Un GRACIAS\u2026 Un mil gracias..<\/span><\/span><\/span><\/p>\n<p lang=\"es-ES\" align=\"JUSTIFY\"><span style=\"color: #444444;\"><img decoding=\"async\" loading=\"lazy\" class=\" wp-image-5288 alignleft\" src=\"http:\/\/granadacosta.net\/wp-content\/uploads\/2016\/03\/10619965_10208967404411844_6361136248181619488_o1-300x169.jpg\" alt=\"10619965_10208967404411844_6361136248181619488_o\" width=\"346\" height=\"195\" \/>\u00a0<span style=\"font-family: Calibri, sans-serif;\"><span style=\"font-size: x-large;\"><span style=\"color: #800000;\"><strong>Al Excelent\u00edsimo Ayuntamiento de Molvizar y la Corporaci\u00f3n municipal<\/strong><\/span> por ofrecerme nuevamente la oportunidad de estar aqu\u00ed entre personas maravillosas<br \/>\n<\/span><\/span><\/span><\/p>\n<p lang=\"es-ES\" align=\"JUSTIFY\"><span style=\"color: #444444;\"><span style=\"font-family: Calibri, sans-serif;\"><span style=\"font-size: x-large;\">A Granada Costa y su fundaci\u00f3n,.<strong> Al se\u00f1or Jos\u00e9 Segura<\/strong>. <a href=\"http:\/\/granadacosta.net\/wp-content\/uploads\/2016\/03\/12377993_10208967360410744_7121630454527689787_o.jpg\"><img decoding=\"async\" loading=\"lazy\" class=\"alignnone wp-image-5291\" src=\"http:\/\/granadacosta.net\/wp-content\/uploads\/2016\/03\/12377993_10208967360410744_7121630454527689787_o-300x169.jpg\" alt=\"12377993_10208967360410744_7121630454527689787_o\" width=\"346\" height=\"195\" \/><\/a><\/span><\/span><\/span><\/p>\n<p lang=\"es-ES\" align=\"JUSTIFY\"><span style=\"color: #444444;\"><span style=\"font-family: Calibri, sans-serif;\"><span style=\"font-size: x-large;\">A la \u00a0entra\u00f1able presentaci\u00f3n \u00a0de mi novela del escritor <span style=\"color: #800000;\">el <strong>Sr. \u00a0Rogelio Bustos Almendro<\/strong><\/span><strong>.<\/strong> A la presensaci\u00f3n cuidada y con cari\u00f1o de la escritora la<strong><span style=\"color: #800000;\"> Sra. Aurora Fern\u00e1ndez<\/span><\/strong><a href=\"http:\/\/granadacosta.net\/wp-content\/uploads\/2016\/03\/12378008_10208967405971883_3907885237634765532_o.jpg\"><img decoding=\"async\" loading=\"lazy\" class=\" wp-image-5297 alignright\" src=\"http:\/\/granadacosta.net\/wp-content\/uploads\/2016\/03\/12378008_10208967405971883_3907885237634765532_o-169x300.jpg\" alt=\"12378008_10208967405971883_3907885237634765532_o\" width=\"293\" height=\"521\" \/><\/a><\/span><\/span><\/span><\/p>\n<p lang=\"es-ES\" align=\"JUSTIFY\"><strong><span style=\"color: #800000; font-family: Calibri, sans-serif; font-size: x-large;\">A mis Compa\u00f1eros y amigos del mundo de la literatura y de la vida. Al PROYECTO CULTURAL DE\u00a0<span style=\"line-height: 36px;\">\u00c1MBITO<\/span>\u00a0NACIONAL GRANADA COSTA.\u00a0<\/span><\/strong><\/p>\n<p lang=\"es-ES\" align=\"JUSTIFY\"><span style=\"color: #444444;\"><span style=\"font-family: Calibri, sans-serif;\"><span style=\"font-size: x-large;\"><strong><a href=\"http:\/\/granadacosta.net\/wp-content\/uploads\/2016\/03\/12891524_10208967317569673_5517806828199986161_o.jpg\"><img decoding=\"async\" loading=\"lazy\" class=\" wp-image-5293 alignleft\" src=\"http:\/\/granadacosta.net\/wp-content\/uploads\/2016\/03\/12891524_10208967317569673_5517806828199986161_o-300x169.jpg\" alt=\"12891524_10208967317569673_5517806828199986161_o\" width=\"312\" height=\"176\" \/><\/a><img decoding=\"async\" loading=\"lazy\" class=\" size-medium wp-image-5292 alignleft\" src=\"http:\/\/granadacosta.net\/wp-content\/uploads\/2016\/03\/12719569_10208967395371618_2939271270052569946_o1-300x180.jpg\" alt=\"12719569_10208967395371618_2939271270052569946_o\" width=\"300\" height=\"180\" \/><\/strong><br \/>\n<strong>A todos y cada uno de ustedes por vuestra presencia \u00a0Gracias Por acompa\u00f1arme esta tarde<\/strong><\/span><\/span><\/span><\/p>\n<p align=\"JUSTIFY\"><span style=\"color: #444444;\"><span style=\"font-family: Calibri, sans-serif;\"><span style=\"font-size: x-large;\"><a href=\"http:\/\/granadacosta.net\/wp-content\/uploads\/2016\/03\/12794854_10208967322769803_7091902911295465916_o.jpg\"><img decoding=\"async\" loading=\"lazy\" class=\" size-medium wp-image-5294 alignleft\" src=\"http:\/\/granadacosta.net\/wp-content\/uploads\/2016\/03\/12794854_10208967322769803_7091902911295465916_o-300x169.jpg\" alt=\"12794854_10208967322769803_7091902911295465916_o\" width=\"300\" height=\"169\" \/><\/a>Pero no ser\u00eda justo recordar: A todas las personas que estuvieron conmigo desde el inicio\u00a0 de esta novela y pasaron por mi vida\u2026 a todo el equipo organizador o facilitador\u00a0 que hacen posible este encuentro literario los actos en el d\u00eda donde se presenta esta segunda edici\u00f3n de la novela y \u00a0 por haberme invitado a presentar esta nueva obra dando muestras de generosidad y apoyo\u00a0 GRACIAS<\/span><\/span><\/span><\/p>\n<p lang=\"es-ES\" align=\"JUSTIFY\"><img decoding=\"async\" loading=\"lazy\" class=\" wp-image-5295 aligncenter\" src=\"http:\/\/granadacosta.net\/wp-content\/uploads\/2016\/03\/12891048_10208967399411719_3339666680567712230_o-300x169.jpg\" alt=\"12891048_10208967399411719_3339666680567712230_o\" width=\"639\" height=\"360\" \/><\/p>\n<p lang=\"es-ES\" style=\"text-align: justify;\" align=\"JUSTIFY\"><strong><span style=\"color: #800000;\"><span style=\"font-family: Calibri, sans-serif;\"><span style=\"font-size: x-large;\">Hace tiempo escrib\u00ed:<\/span><\/span><\/span><\/strong><\/p>\n<p lang=\"es-ES\" style=\"text-align: justify;\" align=\"JUSTIFY\"><span style=\"color: #444444;\">\u00a0<span style=\"font-family: Calibri, sans-serif;\"><span style=\"font-size: x-large;\">Que un mundo de esperpentos el amor queda\u00a0 relegado a un segundo lugar\u2026 sin embargo es lo \u00fanico que queda cuando el esperpento desaparece.<\/span><\/span><\/span><\/p>\n<p lang=\"es-ES\" style=\"text-align: justify;\" align=\"JUSTIFY\"><span style=\"color: #800000;\"><strong>Algo as\u00ed, como que el motor de la vida, su esencia y lo \u00fanico importante es sentirse querida\u2026<\/strong><\/span><\/p>\n<p lang=\"es-ES\" style=\"text-align: justify;\" align=\"JUSTIFY\"><span style=\"color: #800000;\"><strong>\u00a0<\/strong><\/span><\/p>\n<p lang=\"es-ES\" align=\"JUSTIFY\"><span style=\"color: #444444;\"><span style=\"font-family: Calibri, sans-serif;\"><span style=\"font-size: x-large;\">Creo recordar, que hace algo m\u00e1s de 15 a\u00f1os, cuando al teclear estas l\u00edneas en mi ordenador se inici\u00f3, sin yo ser consciente un camino en el que Yolanda con pasos incipientes y temerosos comenzaba a materializarse\u2026<\/span><\/span><\/span><\/p>\n<p lang=\"es-ES\" align=\"JUSTIFY\"><strong><span style=\"color: #800000;\">\u00a0Ha sido un largo camino donde ella\u2026 de su mano\u2026 desde su propia vida\u00a0 que transcurre en Ceuta\u2026 yo viv\u00ed cre\u00e1ndola d\u00eda a d\u00eda\u2026<\/span><\/strong><\/p>\n<p lang=\"es-ES\" align=\"JUSTIFY\"><span style=\"color: #444444;\">\u00a0<\/span><\/p>\n<p lang=\"es-ES\" align=\"JUSTIFY\"><span style=\"color: #444444;\"><span style=\"font-family: Calibri, sans-serif;\"><span style=\"font-size: x-large;\">Porque amigos y amigas\u2026 cuando se crea un personaje, este\u2026 toma vida\u2026 te ense\u00f1a\u2026 te acompa\u00f1a y juntos se construye un mundo de realidades y ensue\u00f1os.<\/span><\/span><\/span><\/p>\n<p lang=\"es-ES\" align=\"JUSTIFY\"><span style=\"color: #444444;\">\u00a0<span style=\"font-family: Calibri, sans-serif;\"><span style=\"font-size: x-large;\">A ti Yolanda no mantiene una estructura t\u00edpica\u2026<\/span><\/span><\/span><\/p>\n<p align=\"JUSTIFY\"><span style=\"color: #444444;\"><strong><span style=\"color: #800000;\">\u00a0<\/span><\/strong><span style=\"font-family: Calibri, sans-serif;\"><span style=\"font-size: x-large;\"><strong><span style=\"color: #800000;\">El Prologo: Realizado por el gran escritor Rogelio Garrido Monta\u00f1ana<\/span><\/strong>, en \u00e9l ha sabido adentrarse en el alma de Yolanda , un regalo para el libro que aporta y muestra con <\/span><\/span><\/span><span style=\"color: #444444;\"><span style=\"font-family: Calibri, sans-serif;\"><span style=\"font-size: x-large;\"><span lang=\"es-ES\">una magistral dulzura los requiebros de un libro escrito en 10 a\u00f1os. Tomando sus palabras: define mi obra como<\/span><\/span><\/span><\/span><\/p>\n<p lang=\"es-ES\" align=\"JUSTIFY\"><span style=\"color: #444444;\"><span style=\"font-family: Calibri, sans-serif;\"><span style=\"font-size: x-large;\">Si es cierto que \u201cuna obra es tanto m\u00e1s excepcional y sublime, cuantas m\u00e1s ideas brillantes nos sugiera, y cuantos m\u00e1s gratificantes sentimientos, reflexiones y encantos literarios nos produzca\u201d, esta novela de mi amiga To\u00f1i Castillo, lo es: eminente, excelsa, apasionante, y de \u00edntimo regusto.<\/span><\/span><\/span><\/p>\n<p align=\"JUSTIFY\"><span style=\"color: #444444;\"> <span style=\"font-family: Calibri, sans-serif;\"><span style=\"font-size: x-large;\"><span lang=\"es-ES\">Y por ello si me permit\u00eds saltarme el protocolo desde aqu\u00ed mil gracias y un gran beso para ti Rogelio<\/span><\/span><\/span><\/span><\/p>\n<p lang=\"es-ES\" align=\"JUSTIFY\"><span style=\"color: #444444;\">\u00a0<span style=\"font-family: Calibri, sans-serif;\"><span style=\"font-size: x-large;\">Si como autora he de hablar de mi obra dir\u00e9:<\/span><\/span><\/span><\/p>\n<p lang=\"es-ES\" align=\"JUSTIFY\"><span style=\"color: #444444;\">\u00a0<\/span><\/p>\n<p lang=\"es-ES\" align=\"JUSTIFY\"><span style=\"color: #444444;\"><span style=\"font-family: Calibri, sans-serif;\"><span style=\"font-size: x-large;\">Que al contrario de mis colecciones de cuentos\u2026 aunque\u00a0 si bien es cierto que colecciones como las de cuentos de la luna\u00a0 son para mi entra\u00f1ables\u2026 o este \u00faltimo, la meta el camino a seguir que desde el vaticano\u00a0 no se para de hacer retwuits y \u00a0se presentara nuevamente en junio, si bien cuando escribo temas de cuentoterapia estos relatos se iniciaron por necesidad, necesidad de narrar historias para que ni\u00f1os y j\u00f3venes se identificaran, para que pudieran entender sus situaciones vividas o aquellas que se iban a encontrar, o bien historias, donde nuestra cultura y buen hacer de nuestras gentes se sintieran identificados.<\/span><\/span><\/span><\/p>\n<p lang=\"es-ES\" align=\"JUSTIFY\"><span style=\"color: #444444;\">\u00a0<\/span><\/p>\n<p lang=\"es-ES\" align=\"JUSTIFY\"><span style=\"color: #444444;\"><span style=\"font-family: Calibri, sans-serif;\"><span style=\"font-size: x-large;\">O poemas que estos siempre\u00a0 de manera inevitable salen de ese conjunto de emociones\u00a0 que desde nuestra esencia a nuestros mundos interiores afloran bajo la atenta mirada de\u2026 un bol\u00edgrafo,\u2026 una pluma o un ordenador\u2026<\/span><\/span><\/span><\/p>\n<p lang=\"es-ES\" align=\"JUSTIFY\"><span style=\"color: #444444;\">\u00a0<\/span><\/p>\n<p lang=\"es-ES\" style=\"text-align: justify;\" align=\"JUSTIFY\"><span style=\"color: #800000;\"><span style=\"font-family: Calibri, sans-serif;\"><span style=\"font-size: x-large;\">Esta obra es del todo diferente, difiere en que ha crecido junto a mi\u2026 dejada\u2026 retomada y retocada\u2026 ya que el mundo de los sentimientos no es lineal\u2026<\/span><\/span><\/span><\/p>\n<p lang=\"es-ES\" style=\"text-align: justify;\" align=\"JUSTIFY\"><span style=\"color: #800000;\">\u00a0<\/span><\/p>\n<p lang=\"es-ES\" style=\"text-align: justify;\" align=\"JUSTIFY\"><span style=\"color: #800000;\"><span style=\"font-family: Calibri, sans-serif;\"><span style=\"font-size: x-large;\">La vida no lo es\u2026<\/span><\/span><\/span><\/p>\n<p lang=\"es-ES\" style=\"text-align: justify;\" align=\"JUSTIFY\"><span style=\"color: #800000;\"><span style=\"font-family: Calibri, sans-serif;\"><span style=\"font-size: x-large;\">Y a lo largo de ella\u2026<\/span><\/span><\/span><\/p>\n<p lang=\"es-ES\" style=\"text-align: justify;\" align=\"JUSTIFY\"><span style=\"color: #800000;\"><span style=\"font-family: Calibri, sans-serif;\"><span style=\"font-size: x-large;\">Los mundos\u2026 las emociones\u2026 giran\u2026 se afianzan\u2026 se duermen\u2026 o despiertan\u00a0 con nosotros mismos y evidentemente\u2026 nos envuelven.<\/span><\/span><\/span><\/p>\n<p lang=\"es-ES\" style=\"text-align: justify;\" align=\"JUSTIFY\"><span style=\"color: #444444;\">\u00a0<\/span><\/p>\n<p lang=\"es-ES\" style=\"text-align: justify;\" align=\"JUSTIFY\"><span style=\"color: #444444;\"><span style=\"font-family: Calibri, sans-serif;\"><span style=\"font-size: x-large;\">Pero\u2026 cada una de las personas que est\u00e1is hoy aqu\u00ed\u2026 seguro que ten\u00e9is historias que contar\u2026 esta es la m\u00eda\u2026<\/span><\/span><\/span><\/p>\n<p lang=\"es-ES\" style=\"text-align: justify;\" align=\"JUSTIFY\"><span style=\"color: #444444;\">\u00a0<\/span><\/p>\n<p lang=\"es-ES\" style=\"text-align: justify;\" align=\"JUSTIFY\"><span style=\"color: #444444;\"><span style=\"font-family: Calibri, sans-serif;\"><span style=\"font-size: x-large;\">Os dir\u00e9 que no es una historia de amor\u2026 sino sobre el amor\u2026<\/span><\/span><\/span><\/p>\n<p lang=\"es-ES\" style=\"text-align: justify;\" align=\"JUSTIFY\"><span style=\"color: #444444;\">\u00a0<span style=\"font-family: Calibri, sans-serif;\"><span style=\"font-size: x-large;\">En ella\u2026 bajo una vida de seres que viven\u2026 luchan\u2026 hieren\u2026. Te sumerges en un recorrido donde, el estar enamorados\u2026 el querer\u2026 y el amar\u2026 quedan definidos\u2026 y arrancan una sonrisa al lector por las posibles identificaciones\u2026<\/span><\/span><\/span><\/p>\n<p lang=\"es-ES\" style=\"text-align: justify;\" align=\"JUSTIFY\"><span style=\"color: #444444;\">\u00a0<\/span><\/p>\n<p lang=\"es-ES\" style=\"text-align: justify;\" align=\"JUSTIFY\"><span style=\"color: #444444;\">\u00a0<span style=\"font-family: Calibri, sans-serif;\"><span style=\"font-size: x-large;\">Un d\u00eda iba en un coche y la chica que conduc\u00eda de pronto me mir\u00f3 y me dijo: hoy he viso a tal persona con una chica y no he podido contener mi rabia\u2026<\/span><\/span><\/span><\/p>\n<p lang=\"es-ES\" style=\"text-align: justify;\" align=\"JUSTIFY\"><span style=\"color: #444444;\">\u00a0<span style=\"font-family: Calibri, sans-serif;\"><span style=\"font-size: x-large;\">Yo me qued\u00e9 extra\u00f1ada pues no sab\u00eda\u00a0 que se conocieran.<\/span><\/span><\/span><\/p>\n<p lang=\"es-ES\" style=\"text-align: justify;\" align=\"JUSTIFY\"><span style=\"color: #444444;\"><span style=\"font-family: Calibri, sans-serif;\"><span style=\"font-size: x-large;\">Y realmente era as\u00ed\u2026\u00a0 y me sorprendi\u00f3 como se pod\u00eda tener celos por alguien a quien apenas conoc\u00eda\u2026<\/span><\/span><\/span><\/p>\n<p lang=\"es-ES\" style=\"text-align: justify;\" align=\"JUSTIFY\"><span style=\"color: #444444;\"><span style=\"font-family: Calibri, sans-serif;\"><span style=\"font-size: x-large;\">Llegue a mi casa y escrib\u00ed una p\u00e1gina de prensa en un diario en el que continuo colaborando un peque\u00f1o articulo sobre el mundo de los sentimientos\u2026<\/span><\/span><\/span><\/p>\n<p lang=\"es-ES\" style=\"text-align: justify;\" align=\"JUSTIFY\"><span style=\"color: #444444;\">\u00a0<span style=\"font-family: Calibri, sans-serif;\"><span style=\"font-size: x-large;\">Pero esas l\u00edneas escritas en 1998 fueron el inicio de una b\u00fasqueda interior donde Yolanda empez\u00f3 a latir y mediante ella una historia\u2026 la suya\u2026 sus pasajes me iban acompa\u00f1ando y fui construyendo en base a ella o a mis momentos en los cuales mi personaje viv\u00eda\u2026<\/span><\/span><\/span><\/p>\n<p lang=\"es-ES\" style=\"text-align: justify;\" align=\"JUSTIFY\"><span style=\"color: #444444;\"><span style=\"font-family: Calibri, sans-serif;\"><span style=\"font-size: x-large;\">En Yolanda y desde ella\u2026 pasajes donde la uni\u00f3n de la poes\u00eda con la prosa, desde esa uni\u00f3n de lo cotidiano con las emociones se unen y nacen nuestro caminar vidas de personas\u2026<\/span><\/span><\/span><\/p>\n<h3 style=\"text-align: justify;\"><a href=\"http:\/\/nuevanovelaatiyolanda.blogspot.com.es\/2015\/03\/quieres-leer-un-trocito-de-yolanda.html\"><br \/>\n<span style=\"color: #800000;\">\u00bf QUIERES LEER UN TROCITO DE LA NOVELA,&#8230;?<\/span><\/a><\/h3>\n<p style=\"text-align: justify;\"><span style=\"color: #800000;\">Nadando kil\u00f3metros en un mismo mar\u2026<\/span><\/p>\n<p style=\"text-align: justify;\"><span style=\"color: #800000;\">Estoy sentada en una hamaca en la playa de Calamocarro. Regres\u00e9 a Ceuta, mi tierra, con el \u00fanico fin de pasear una semana entre playas de mares cercanos y, desde aqu\u00ed, dejarte\u00a0a ti, que me lees, este peque\u00f1o legado.<\/span><\/p>\n<p style=\"text-align: justify;\"><span style=\"color: #800000;\">Soy escritora \u2014eso dicen los que se\u00a0\u00a0acercan a mis textos\u2014, pero quiz\u00e1s me gustar\u00eda llamarme, simplemente,\u00a0\u00a0\u00abnarradora de historias vividas o por vivir\u00bb.<\/span><\/p>\n<p style=\"text-align: justify;\"><span style=\"color: #800000;\">Una tarde observ\u00e9 a un hombre a lo lejos. Caminaba entre piedras y olas enfurecidas. El viento le hab\u00eda\u00a0\u00a0arrancado el tesoro que llevaba entre sus manos para enterrarlo en la arena del mar.<\/span><\/p>\n<p style=\"text-align: justify;\"><span style=\"color: #800000;\">Segu\u00ed mirando el mar. Refrescaba. El sol iniciaba su crep\u00fasculo. Sent\u00ed fr\u00edo y manten\u00eda la imagen del anciano clavada en mis pensamientos. Mir\u00e9 nuevamente al horizonte y apenas divis\u00e9 figura alguna.\u00a0La brisa\u00a0\u00a0me ayud\u00f3 a levantar mi puesto de centinela sobre Gibraltar, y mis pies, ya erguidos sobre\u00a0la arena de la cala,\u00a0\u00a0me animaron\u00a0\u00a0a conquistar la tierra firme\u00a0de mis a\u00f1oranzas.<\/span><\/p>\n<p style=\"text-align: justify;\"><span style=\"color: #800000;\">El poniente y\u00a0\u00a0el hombre, descalzo sobre sus\u00a0\u00a0huellas en la orilla, me transportaron\u00a0\u00a0a las horas marcadas en el reloj de mis a\u00f1os ya vividos. Al llegar a casa sent\u00ed la necesidad de cerrar los ojos y abrir ventanas al alma para\u00a0\u00a0sentir la fuerza de mis d\u00edas pasados y, con ellos, mis recuerdos.<\/span><\/p>\n<p style=\"text-align: justify;\"><span style=\"color: #800000;\">Querida ciudad, hoy recuerdo a una ni\u00f1a correteando por tus calles. Mi mente camina buscando rincones del barrio de mi infancia, barrio de paredes blancas, adornadas con macetas de geranios colgadas\u00a0de los barrotes de las ventanas; barrio con sus puertas jam\u00e1s cerradas, donde tiras de cuerdas hacen\u00a0\u00a0de cortinajes invitando a adentrarse en estancias no privadas. En cada\u00a0\u00a0porche una silla invitaba, con el frescor del verano, a pasar atardeceres conversando con vecinos.<\/span><\/p>\n<p style=\"text-align: justify;\"><span style=\"color: #800000;\">Querido Mediterr\u00e1neo, hoy a\u00f1oro el olor a salitre, los pies pisando tus olas, los ni\u00f1os jugando mientras coleccionaba fotos de cantantes de moda. Desde esta estancia impregnada por espumas comienzo el relato garabateando im\u00e1genes sobre\u00a0\u00a0mi mesa de cerezo, y miro la vieja fotograf\u00eda arrugada, arenosa y humedecida por el sudor de unas manos, semienterrada en el destierro.\u00a0\u00a1Bonita foto, bonitos a\u00f1os!<\/span><\/p>\n<p style=\"text-align: justify;\"><span style=\"color: #800000;\">Est\u00e1n abiertas las cristaleras de la habitaci\u00f3n donde escribo. Me gusta sentir el aire fresco. Desde este sill\u00f3n puedo observar\u00a0c\u00f3mo el mar adquiere\u00a0un color agrisado mientras se funde con el cielo, un cielo tormentoso donde nubes juguetonas se han vestido de gris en este d\u00eda de oto\u00f1o.<\/span><\/p>\n<p style=\"text-align: justify;\"><span style=\"color: #800000;\">Esta tarde puedo oler la sal y los volaores sec\u00e1ndose en la almadraba. El aroma del mar se ha adue\u00f1ado de lo que escribo. Nac\u00ed en Ceuta y emigr\u00e9, ya adulta, a\u00a0Novacala,\u00a0donde viv\u00ed bajo\u00a0\u00a0kil\u00f3metros de distancia de un mismo manto. Nad\u00e9 de un mar al mismo\u00a0mar\u00a0buscando cantos de sirenas que no comportaran enga\u00f1os, cantos que me devolvieran\u00a0\u00a0nuevamente a ti,\u00a0querido Estrecho. Aqu\u00ed estoy en mi Ceuta, escribiendo sobre una cuartilla en\u00a0mi mesa de cerezo, aqu\u00ed, con mi vestido burdeos. Pienso en m\u00ed, en ti y en tiras de cuerdas invitando a entrar. \u00a1Cortinas de puertas no privadas!<\/span><\/p>\n<p style=\"text-align: justify;\"><span style=\"color: #800000;\">Mientras escribo se agolpan en m\u00ed los instantes pasados, reaparecen personajes que construyeron la biograf\u00eda conjunta de mis\u00a0\u00a0escalones vividos,\u00a0\u00a0y remarco la ausencia de algunos de ellos\u00a0en los \u00faltimos pelda\u00f1os de la escalera que me fue otorgada al nacer.<\/span><\/p>\n<p style=\"text-align: justify;\"><span style=\"color: #800000;\">Aqu\u00ed me tienes, redactando sobre esta\u00a0\u00a0mesa barnizada, cerrando los ojos y visitando pasajes de melancol\u00eda, vistiendo esta p\u00e1gina de frases tiernas, consciente de que solo se saborea el paso de los a\u00f1os con la lejan\u00eda. Hoy\u00a0\u00a0suena un fado que marca el ritmo de la pasi\u00f3n de mis d\u00edas.<\/span><\/p>\n<p style=\"text-align: justify;\"><span style=\"color: #800000;\">Puedo escuchar los pasos de gentes de anta\u00f1o\u00a0que siguen rutinas sin descanso\u00a0entre casas encaladas donde los vientos del levante impregnan las paredes\u00a0e invitan\u00a0\u00a0a crecer\u00a0\u00a0parras en patios interiores. Las personas\u00a0\u00a0no detienen sus vidas ya que los relojes, due\u00f1os del tiempo, impiden que los momentos se sucedan.\u00a0La vejez de sus relojes les invita a recordar la juventud perdida y la ancianidad encontrada, as\u00ed como el momento de la despedida.<\/span><\/p>\n<p style=\"text-align: justify;\"><span style=\"color: #800000;\">Hoy regres\u00e9 a Ceuta para sentir cerca el mar. Lugar m\u00e1gico, olas de hilos que se enhebran y pinchan con sus agujas para coser las redes del recuerdo. Querida ciudad, en mi memoria apenas has cambiado con el paso del tiempo. El paseo cercano al puerto conserva intactas las calles con adoquines de barro, y las ancianas palmeras saludan al mar con reverencias. Pero lo cierto es que aqu\u00ed, junto a una\u00a0\u00a0barandilla, la vida se par\u00f3 hace dos a\u00f1os frente a la antigua lonja de pescadores. Aqu\u00ed, donde las redes salpican el cemento, las olas rompen la calma de la costa, y aqu\u00ed, junto al mar, los relojes detuvieron sus manillas.<\/span><\/p>\n<p style=\"text-align: justify;\"><span style=\"color: #800000;\">Las horas juegan con ventaja sobre las personas ya que ganan la batalla de los a\u00f1os y hacen aflorar las arrugas de lo vivido cada d\u00eda. El tiempo pasa, los relojes no detienen los d\u00edas, pero s\u00ed detienen las vidas de seres que no regresan con el amanecer. Solo recordarlos hace que el tiempo retroceda marcando horas imborrables en mentes amigas. El tiempo es cruel. Deja huellas, duele y crea vac\u00edos dif\u00edciles de llenar.<\/span><\/p>\n<p style=\"text-align: justify;\"><span style=\"color: #800000;\">Permanezco inm\u00f3vil sentada al borde del reloj para evitar que\u00a0 las manecillas me hagan perder el equilibrio. Pero el segundero es imparable. Yo deseo sujetarlo fuerte y controlar, uno a uno, los minutos de mi vida. Me sujeto fuerte al borde y me abrazo a su esfera, pero el marcador\u00a0 es inflexible y no me deja el control, no me lo permite.<\/span><\/p>\n<p style=\"text-align: justify;\"><span style=\"color: #800000;\">Al pasar las horas se amontonan en la estancia reservada a las esperas los momentos no llegados, y se acumulan enjambres vac\u00edos que provocan huecos\u00a0insalvables en tiempos futuros. Negar la existencia del paso del tiempo es negar la existencia del tiempo en s\u00ed mismo, ya que el paso de la noche al amanecer es el marcador inequ\u00edvoco de lo que nos queda por vivir.<\/span><\/p>\n<p style=\"text-align: center;\"><span style=\"color: #800000;\">Relojes, apartaos de las paredes,<\/span><\/p>\n<p style=\"text-align: center;\"><span style=\"color: #800000;\">desistid de vuestro empe\u00f1o.<\/span><\/p>\n<p style=\"text-align: center;\"><span style=\"color: #800000;\">\u00a1Hoy es mi hoy, es mi tiempo!<\/span><\/p>\n<p style=\"text-align: center;\"><span style=\"color: #800000;\">Permitid la gracia de parar manillas.<\/span><\/p>\n<p style=\"text-align: center;\"><span style=\"color: #800000;\">Ma\u00f1ana os ofrezco mi espejo.<\/span><\/p>\n<p style=\"text-align: center;\"><span style=\"color: #800000;\">\u00a1Pero Hoy es mi hoy!<\/span><\/p>\n<p style=\"text-align: center;\"><span style=\"color: #800000;\">\u00a1Apartaos, relojes!<\/span><\/p>\n<p style=\"text-align: center;\"><span style=\"color: #800000;\">\u00a1Hacedme paso en el tiempo muerto!<\/span><\/p>\n<p style=\"text-align: center;\"><span style=\"color: #800000;\">Abrid caminos donde pueda transitar<\/span><\/p>\n<p style=\"text-align: center;\"><span style=\"color: #800000;\">sin pensar en horas de descuento.<\/span><\/p>\n<p style=\"text-align: center;\"><span style=\"color: #800000;\">Aqu\u00ed, en mi mesa de cerezo,<\/span><\/p>\n<p style=\"text-align: center;\"><span style=\"color: #800000;\">reemprendo el relato de mis horas navegantes<\/span><\/p>\n<p style=\"text-align: justify;\">entre las olas siempre movidas de mis sentimientos.<\/p>\n<p style=\"text-align: justify;\"><span style=\"color: #800000;\">Yo, la que narra, tengo la obligaci\u00f3n de aclarar que esta historia que os escribo, como la mayor\u00eda de las historias, es una historia\u00a0corriente, sin grandes dramas. Hoy os presento una vida entre tantas otras, e incluso me atrever\u00eda a decir que estas palabras encadenadas para formar frases podr\u00edan ser sentimientos compartidos por muchas personas.<\/span><\/p>\n<p style=\"text-align: justify;\"><span style=\"color: #800000;\">Yolanda, la protagonista, es la Yolanda que trabajaba en la f\u00e1brica, aquella mujer\u00a0\u00a0que se emocionaba al mirar a un ni\u00f1o sin zapatos, la dama\u00a0\u00a0que envest\u00eda con fuerza, la que am\u00f3, la que lloraba cuando estaba sola, aquella se\u00f1ora fiel a sus citas, la que\u00a0vivi\u00f3 viviendo. Mi amiga, al fin y al cabo.<\/span><\/p>\n<p style=\"text-align: justify;\"><span style=\"color: #800000;\">A ella le dedico mis paseos por la orilla de esta playa atl\u00e1ntica.<\/span><\/p>\n<p style=\"text-align: justify;\"><span style=\"color: #800000;\">Recuerdo que cada tarde de verano iba a buscar a mi amiga Yolanda. Ella, siempre puntual, con su vestido de tirantes y el pelo recogido en una cola, esperaba sentada en el poyete de su casa. Sus brazos cruzados indicaban que llevaba esperando pacientemente bastante tiempo sobre la acera. Su cara siempre fue un reflejo de emociones que desvelaba su estado de \u00e1nimo con solo mirar sus ojos. Mi querida amiga no enga\u00f1aba a nadie. Incluso sin mediar palabra se adivinaban sus pensamientos.<\/span><\/p>\n<p style=\"text-align: justify;\"><span style=\"color: #800000;\">A\u00f1os cuarenta de un siglo ya acabado donde yo sent\u00eda la necesidad de saltar sobre tablas de maderas empapadas, sobre cajas de caballas envueltas en algas que se enredaban entre s\u00ed y que se resist\u00edan a ser alejadas de los mares cercanos.<\/span><\/p>\n<p style=\"text-align: justify;\"><span style=\"color: #800000;\">Hace ya tiempo que las antiguas empresas familiares, como los comercios de radios y de manteler\u00edas, fueron cerrando sus puertas, lo que propici\u00f3 que los j\u00f3venes se marcharan a la pen\u00ednsula en busca de nuevos horizontes. Las peque\u00f1as factor\u00edas\u00a0\u00a0de conservas y salazones\u00a0\u00a0ya no acogen el ir y venir de chicas con livianos delantales. Se han silenciado las risas en las paradas de los autobuses ya que las colas de anta\u00f1o son inexistentes, y los bolsos de las muchachas ya no sostienen delantales, cuchillos o pa\u00f1uelos de cabeza\u00a0para el manipulado del pescado.<\/span><\/p>\n<p style=\"text-align: justify;\"><span style=\"color: #800000;\">El turismo no se detiene en mi ciudad. El precio de los transbordadores del Estrecho que\u00a0\u00a0unen Algeciras con Ceuta aument\u00f3 notablemente, y ahora se\u00a0prefiere\u00a0viajar en cruceros de mares desconocidos y discotecas de ritmos caribe\u00f1os. Los viajeros ya no compran s\u00e1banas bordadas. Pasan de largo\u00a0\u00a0bendiciendo la tranquilidad de los rincones y las plazas donde puedes sentarte en los c\u00e1lidos atardeceres de oto\u00f1o\u00a0\u00a0y\u00a0\u00a0respirar el aroma de las azucenas dormidas desde agosto.<\/span><\/p>\n<p style=\"text-align: justify;\"><span style=\"color: #800000;\">Cerca del centro de la ciudad una vieja f\u00e1brica de grandes ventanales recuerda vidas pasadas, chicas con faldas rectas y camisas relucientes, Se\u00f1ores Santa Eulalia, j\u00f3venes con zapatos de tac\u00f3n, a\u00f1os cincuenta de un siglo ya acabado.\u00a0Los lugare\u00f1os piensan que pronto construir\u00e1n unos grandes\u00a0almacenes que dar\u00e1n vida a la vieja f\u00e1brica, pero lo cierto es que el edificio no est\u00e1 en venta. Y mucho me temo que no se vender\u00e1 jam\u00e1s hasta que alguien no se asome a sus barrotes<\/span><\/p>\n<p lang=\"es-ES\" style=\"text-align: justify;\" align=\"JUSTIFY\"><span style=\"color: #800000;\">\u00a0<\/span><\/p>\n<p lang=\"es-ES\" style=\"text-align: center;\" align=\"JUSTIFY\"><strong><span style=\"color: #444444;\"><span style=\"font-family: Calibri, sans-serif;\"><span style=\"font-size: x-large;\">Me encantar\u00eda\u00a0 que si un d\u00eda os acercarais a la historia\u00a0 de Yolanda supierais\u2026:<\/span><\/span><\/span><\/strong><\/p>\n<p lang=\"es-ES\" style=\"text-align: center;\" align=\"JUSTIFY\"><strong><span style=\"color: #444444;\"><span style=\"font-family: Calibri, sans-serif;\"><span style=\"font-size: x-large;\">Que la primera vez que le\u00e9is su vida\u2026 solo se lee<\/span><\/span><\/span><\/strong><\/p>\n<p lang=\"es-ES\" style=\"text-align: center;\" align=\"JUSTIFY\"><strong><span style=\"color: #444444;\">\u00a0<span style=\"font-family: Calibri, sans-serif;\"><span style=\"font-size: x-large;\">La segunda se entiende\u2026<\/span><\/span><\/span><\/strong><\/p>\n<p lang=\"es-ES\" style=\"text-align: center;\" align=\"JUSTIFY\"><strong><span style=\"color: #444444;\"><span style=\"font-family: Calibri, sans-serif;\"><span style=\"font-size: x-large;\">La tercera se comparte\u2026<\/span><\/span><\/span><\/strong><\/p>\n<p lang=\"es-ES\" style=\"text-align: center;\" align=\"JUSTIFY\"><strong><span style=\"color: #444444;\">\u00a0<\/span><\/strong><\/p>\n<p lang=\"es-ES\" style=\"text-align: justify;\" align=\"JUSTIFY\"><span style=\"color: #444444;\">\u00a0<span style=\"font-family: Calibri, sans-serif;\"><span style=\"font-size: x-large;\">Porque esbozareis una sonrisa de complicidad\u2026 Esa que solo es capaz de esbozarla la persona hombre o mujer\u2026 que una vez, se enamor\u00f3\u2026 quiso y amo con todas sus fuerzas\u2026<\/span><\/span><\/span><\/p>\n<p lang=\"es-ES\" style=\"text-align: justify;\" align=\"JUSTIFY\"><span style=\"color: #444444;\">\u00a0<span style=\"font-family: Calibri, sans-serif;\"><span style=\"font-size: x-large;\">Porque cuando se produce el milagro de amar, es para siempre.<\/span><\/span><\/span><\/p>\n<p lang=\"es-ES\" style=\"text-align: justify;\" align=\"JUSTIFY\"><span style=\"color: #444444;\">\u00a0<span style=\"font-family: Calibri, sans-serif;\"><span style=\"font-size: x-large;\">Mis personajes\u2026 hay pocos\u2026 la trama gira en tres personajes fundamentales\u2026 In\u00e9s\u2026 que pese a salir poco\u2026 simboliza un tipo de enamoramiento\u2026 con mucho car\u00e1cter\u2026 si me he de quedar\u00a0 con alguno\u2026Me quedo con Manel&#8230;<a href=\"http:\/\/granadacosta.net\/wp-content\/uploads\/2016\/03\/10619965_10208967404411844_6361136248181619488_o.jpg\"><img decoding=\"async\" loading=\"lazy\" class=\"alignnone size-medium wp-image-5252\" src=\"http:\/\/granadacosta.net\/wp-content\/uploads\/2016\/03\/10619965_10208967404411844_6361136248181619488_o-300x169.jpg\" alt=\"10619965_10208967404411844_6361136248181619488_o\" width=\"300\" height=\"169\" \/><\/a><\/span><\/span><\/span><\/p>\n<p lang=\"es-ES\" style=\"text-align: justify;\" align=\"JUSTIFY\"><span style=\"color: #444444;\">\u00a0<span style=\"font-family: Calibri, sans-serif;\"><span style=\"font-size: x-large;\">Pero ojo al personaje de Manel\u2026 porque\u00a0 para mi es sin duda el que m\u00e1s me llega al alma\u2026 aquel que renuncia\u2026 pero que al final de su vida\u2026 sus pasos por la arena nos deja el mensaje de la firmeza de sus sentimientos\u2026<\/span><\/span><\/span><\/p>\n<p lang=\"es-ES\" style=\"text-align: justify;\" align=\"JUSTIFY\"><span style=\"color: #444444;\">\u00a0<span style=\"font-family: Calibri, sans-serif;\"><span style=\"font-size: x-large;\">Y por supuesto Yolanda a lo largo de su vida\u2026 vivaracha y tozuda hasta el final\u2026<\/span><\/span><\/span><\/p>\n<p lang=\"es-ES\" style=\"text-align: justify;\" align=\"JUSTIFY\"><span style=\"color: #444444;\">\u00a0<span style=\"font-family: Calibri, sans-serif;\"><span style=\"font-size: x-large;\">De Eduardo que os dir\u00e9\u2026 me cae fatal\u2026 con el he vivido enfados\u2026 Y os preguntar\u00e9is\u2026 \u00bf Te puedes enfadar con un personaje que t\u00fa misma has creado?<\/span><\/span><\/span><\/p>\n<p lang=\"es-ES\" style=\"text-align: justify;\" align=\"JUSTIFY\"><span style=\"color: #444444;\"><span style=\"font-family: Calibri, sans-serif;\"><span style=\"font-size: x-large;\">Si\u2026 puedes mientras escribes\u2026enfadarte\u2026emocionarte y hasta me atrever\u00eda con gran osad\u00eda a decir que hasta puede ser terap\u00e9utico.<\/span><\/span><\/span><\/p>\n<p lang=\"es-ES\" align=\"JUSTIFY\"><span style=\"color: #444444;\"><span style=\"font-family: Calibri, sans-serif;\"><span style=\"font-size: x-large;\">Quien lea esta Yolanda se ha de fijar muy bien en los tiempos\u2026 Es b\u00e1sico\u2026 y se ha de leer lineal sin saltos en las hojas\u2026 Quien se acerque a ella\u2026no necesitar\u00e1 un diccionario\u2026 pero s\u00ed momentos para la lectura tranquila\u2026 pues quiz\u00e1s se envolver\u00e1 en su historia hasta el final\u2026<\/span><\/span><\/span><\/p>\n<p lang=\"es-ES\" align=\"JUSTIFY\"><span style=\"color: #444444;\">\u00a0<\/span><\/p>\n<p lang=\"es-ES\" align=\"JUSTIFY\"><strong><span style=\"color: #444444;\"><span style=\"font-family: Calibri, sans-serif;\"><span style=\"font-size: x-large;\"><a href=\"http:\/\/granadacosta.net\/wp-content\/uploads\/2016\/03\/12823249_10208967369850980_394266199162323889_o.jpg\"><img decoding=\"async\" loading=\"lazy\" class=\" size-medium wp-image-5323 alignleft\" src=\"http:\/\/granadacosta.net\/wp-content\/uploads\/2016\/03\/12823249_10208967369850980_394266199162323889_o-300x169.jpg\" alt=\"12823249_10208967369850980_394266199162323889_o\" width=\"300\" height=\"169\" \/><\/a>Si alguien tiene inter\u00e9s en conocer a Yolanda con mucho afecto os la doy.<\/span><\/span><\/span><\/strong><\/p>\n<p lang=\"es-ES\" align=\"JUSTIFY\"><strong><span style=\"color: #444444;\"><span style=\"font-family: Calibri, sans-serif;\"><span style=\"font-size: x-large;\"><a href=\"http:\/\/granadacosta.net\/wp-content\/uploads\/2016\/03\/11412174_10208967376491146_5193952232545267766_o1.jpg\"><img decoding=\"async\" loading=\"lazy\" class=\" size-medium wp-image-5321 alignright\" src=\"http:\/\/granadacosta.net\/wp-content\/uploads\/2016\/03\/11412174_10208967376491146_5193952232545267766_o1-300x169.jpg\" alt=\"11412174_10208967376491146_5193952232545267766_o\" width=\"300\" height=\"169\" \/><\/a>Ella libr\u00f3 su vida a un ideal, pero \u00bfqu\u00e9 ser\u00eda de la vida sin ideales? \u00bfSin ilusiones? \u00bfSin esperanza\u2026 ? \u00bfSin poder sentirse querida? El amor hacia nuestros hijos o parejas nos dan la vida.<a href=\"http:\/\/granadacosta.net\/wp-content\/uploads\/2016\/03\/12891615_10208967396411644_120411560451907371_o.jpg\"><img decoding=\"async\" loading=\"lazy\" class=\" size-medium wp-image-5322 alignleft\" src=\"http:\/\/granadacosta.net\/wp-content\/uploads\/2016\/03\/12891615_10208967396411644_120411560451907371_o-300x180.jpg\" alt=\"12891615_10208967396411644_120411560451907371_o\" width=\"300\" height=\"180\" \/><\/a><\/span><\/span><\/span><\/strong><\/p>\n<p lang=\"es-ES\" align=\"JUSTIFY\"><strong><span style=\"color: #444444;\">\u00a0<\/span><\/strong><\/p>\n<p lang=\"es-ES\" align=\"JUSTIFY\"><strong><span style=\"color: #444444;\"><span style=\"font-family: Calibri, sans-serif;\"><span style=\"font-size: x-large;\"><a href=\"http:\/\/granadacosta.net\/wp-content\/uploads\/2016\/03\/12032799_10208967377771178_7091153434793791145_o.jpg\"><img decoding=\"async\" loading=\"lazy\" class=\" size-medium wp-image-5319 alignleft\" src=\"http:\/\/granadacosta.net\/wp-content\/uploads\/2016\/03\/12032799_10208967377771178_7091153434793791145_o-300x169.jpg\" alt=\"12032799_10208967377771178_7091153434793791145_o\" width=\"300\" height=\"169\" \/><\/a>Gracias por acompa\u00f1arme. gracias por estar<\/span><\/span><\/span><\/strong><\/p>\n<p lang=\"es-ES\" align=\"JUSTIFY\"><strong><span style=\"color: #444444;\"><span style=\"font-family: Calibri, sans-serif;\"><span style=\"font-size: x-large;\">To\u00f1y Castillo Mel\u00e9ndez<\/span><\/span><\/span><\/strong><\/p>\n<p><span style=\"color: #000000;\">\u00a0\u00a0 \u00a0<\/span><\/p>\n","protected":false},"excerpt":{"rendered":"<p>Se puede ver la Presentaci\u00f3n tocando el Link que se muestra abajo \u00a0https:\/\/www.youtube.com\/watch?v=moskjvcpX7s Hoy 19 de marzo, os presento a&hellip;<\/p>\n","protected":false},"author":4,"featured_media":5288,"comment_status":"open","ping_status":"open","sticky":false,"template":"","format":"standard","meta":{"om_disable_all_campaigns":false,"_mi_skip_tracking":false,"_monsterinsights_sitenote_active":false,"_monsterinsights_sitenote_note":"","_monsterinsights_sitenote_category":0,"footnotes":""},"categories":[25,21,22,19],"tags":[],"aioseo_notices":[],"_links":{"self":[{"href":"https:\/\/granadacostaglobal.es\/index.php?rest_route=\/wp\/v2\/posts\/5251"}],"collection":[{"href":"https:\/\/granadacostaglobal.es\/index.php?rest_route=\/wp\/v2\/posts"}],"about":[{"href":"https:\/\/granadacostaglobal.es\/index.php?rest_route=\/wp\/v2\/types\/post"}],"author":[{"embeddable":true,"href":"https:\/\/granadacostaglobal.es\/index.php?rest_route=\/wp\/v2\/users\/4"}],"replies":[{"embeddable":true,"href":"https:\/\/granadacostaglobal.es\/index.php?rest_route=%2Fwp%2Fv2%2Fcomments&post=5251"}],"version-history":[{"count":0,"href":"https:\/\/granadacostaglobal.es\/index.php?rest_route=\/wp\/v2\/posts\/5251\/revisions"}],"wp:featuredmedia":[{"embeddable":true,"href":"https:\/\/granadacostaglobal.es\/index.php?rest_route=\/"}],"wp:attachment":[{"href":"https:\/\/granadacostaglobal.es\/index.php?rest_route=%2Fwp%2Fv2%2Fmedia&parent=5251"}],"wp:term":[{"taxonomy":"category","embeddable":true,"href":"https:\/\/granadacostaglobal.es\/index.php?rest_route=%2Fwp%2Fv2%2Fcategories&post=5251"},{"taxonomy":"post_tag","embeddable":true,"href":"https:\/\/granadacostaglobal.es\/index.php?rest_route=%2Fwp%2Fv2%2Ftags&post=5251"}],"curies":[{"name":"wp","href":"https:\/\/api.w.org\/{rel}","templated":true}]}}