{"id":5131,"date":"2016-03-17T16:02:09","date_gmt":"2016-03-17T16:02:09","guid":{"rendered":"http:\/\/granadacosta.net\/?p=5131"},"modified":"2016-03-17T16:02:09","modified_gmt":"2016-03-17T16:02:09","slug":"jose-gonzalez-mesa-participara-en-las-24-horas-ininterrumpidas-de-poesia-granada-costa-2016","status":"publish","type":"post","link":"https:\/\/granadacostaglobal.es\/?p=5131","title":{"rendered":"JOS\u00c9 GONZ\u00c1LEZ MESA PARTICIPAR\u00c1 EN LAS 24 HORAS DE POES\u00cdA ININTERRUMPIDAS GRANADA COSTA 2016"},"content":{"rendered":"<p>Jos\u00e9 Gonz\u00e1lez Mesa, realizar\u00e1 varias intervenciones durante el desarrollo de las 24 horas de Poes\u00eda Ininterrumpida Granada Costa 2016, que tendr\u00e1n lugar en el hotel Helios de Almu\u00f1ecar, en la Costa Tropical Granadina, durante los d\u00edas 20 y 21 de marzo 2016.<\/p>\n<p>Jos\u00e9 Gonz\u00e1lez Mesa, representar\u00e1 un Soldado de la Corte durante sus intervenciones en la gala de 24 horas de Poes\u00eda Ininterrumpida Granada Costa.<\/p>\n<p><a href=\"http:\/\/granadacosta.net\/wp-content\/uploads\/2016\/03\/jose-gonzalez-mesa.jpg\"><img decoding=\"async\" loading=\"lazy\" class=\"alignnone  wp-image-5133\" src=\"http:\/\/granadacosta.net\/wp-content\/uploads\/2016\/03\/jose-gonzalez-mesa-180x300.jpg\" alt=\"jose gonzalez mesa\" width=\"295\" height=\"492\" \/><\/a>\u00a0 Jos\u00e9 Gonz\u00e1lez Mesa representando a un \u00a0Soldado de la Corte.<\/p>\n<p>&nbsp;<\/p>\n<p>Podr\u00e1n seguir esta representaci\u00f3n de Jos\u00e9 Gonz\u00e1lez Mesa, al igual que toda la gala de 24 horas de Poes\u00eda Ininterrumpidas Granada Costa 2016 \u00a0en directo, a trav\u00e9s de nuestra pagina web: www.granadacosta.net y accediendo a la pesta\u00f1a &#8220;Canal Granada Costa&#8221;.<\/p>\n","protected":false},"excerpt":{"rendered":"<p>Jos\u00e9 Gonz\u00e1lez Mesa, realizar\u00e1 varias intervenciones durante el desarrollo de las 24 horas de Poes\u00eda Ininterrumpida Granada Costa 2016, que&hellip;<\/p>\n","protected":false},"author":2,"featured_media":5132,"comment_status":"open","ping_status":"open","sticky":false,"template":"","format":"standard","meta":{"om_disable_all_campaigns":false,"_mi_skip_tracking":false,"_monsterinsights_sitenote_active":false,"_monsterinsights_sitenote_note":"","_monsterinsights_sitenote_category":0,"footnotes":""},"categories":[21,22],"tags":[],"aioseo_notices":[],"_links":{"self":[{"href":"https:\/\/granadacostaglobal.es\/index.php?rest_route=\/wp\/v2\/posts\/5131"}],"collection":[{"href":"https:\/\/granadacostaglobal.es\/index.php?rest_route=\/wp\/v2\/posts"}],"about":[{"href":"https:\/\/granadacostaglobal.es\/index.php?rest_route=\/wp\/v2\/types\/post"}],"author":[{"embeddable":true,"href":"https:\/\/granadacostaglobal.es\/index.php?rest_route=\/wp\/v2\/users\/2"}],"replies":[{"embeddable":true,"href":"https:\/\/granadacostaglobal.es\/index.php?rest_route=%2Fwp%2Fv2%2Fcomments&post=5131"}],"version-history":[{"count":0,"href":"https:\/\/granadacostaglobal.es\/index.php?rest_route=\/wp\/v2\/posts\/5131\/revisions"}],"wp:featuredmedia":[{"embeddable":true,"href":"https:\/\/granadacostaglobal.es\/index.php?rest_route=\/"}],"wp:attachment":[{"href":"https:\/\/granadacostaglobal.es\/index.php?rest_route=%2Fwp%2Fv2%2Fmedia&parent=5131"}],"wp:term":[{"taxonomy":"category","embeddable":true,"href":"https:\/\/granadacostaglobal.es\/index.php?rest_route=%2Fwp%2Fv2%2Fcategories&post=5131"},{"taxonomy":"post_tag","embeddable":true,"href":"https:\/\/granadacostaglobal.es\/index.php?rest_route=%2Fwp%2Fv2%2Ftags&post=5131"}],"curies":[{"name":"wp","href":"https:\/\/api.w.org\/{rel}","templated":true}]}}