{"id":5031,"date":"2016-03-01T16:33:53","date_gmt":"2016-03-01T16:33:53","guid":{"rendered":"http:\/\/granadacosta.net\/?p=5031"},"modified":"2016-03-01T16:33:53","modified_gmt":"2016-03-01T16:33:53","slug":"cadena-perpetua-a-menores-en-ee-uu","status":"publish","type":"post","link":"https:\/\/granadacostaglobal.es\/?p=5031","title":{"rendered":"CADENA PERPETUA A MENORES EN EE UU"},"content":{"rendered":"<p style=\"text-align: justify;\">El Pacto Internacional de Derechos Civiles y Pol\u00edticos (PIDCP), que Estados Unidos ratific\u00f3 en 1992, reconoce espec\u00edficamente la necesidad que tienen los menores de recibir un trato especial en el sistema de justicia penal, y subraya la importancia de su rehabilitaci\u00f3n. El art\u00edculo 14.4 del PIDCP establece: En el procedimiento aplicable a los menores de edad a efectos penales se tendr\u00e1 en cuenta esta circunstancia y la importancia de estimular su readaptaci\u00f3n social. En 2006, el Comit\u00e9 de Derechos Humanos de la ONU, \u00f3rgano experto establecido por el PIDCP para vigilar la aplicaci\u00f3n del tratado, record\u00f3 a Estados Unidos que condenar a menores a cadena perpetua sin posibilidad de libertad condicional es incompatible con el PIDCP. El Comit\u00e9 pidi\u00f3 a Estados Unidos que garantizara que no se impon\u00eda esa pena a ning\u00fan menor.<\/p>\n<p style=\"text-align: justify;\">Los 193 pa\u00edses que ratificaron la Convenci\u00f3n de la ONU sobre los Derechos del Ni\u00f1o acordaron, asimismo, estar vinculados por el principio, consagrado en el art\u00edculo 37.a, de que ninguna persona que fuera menor de 18 a\u00f1os en el momento del delito debe ser condenada a prisi\u00f3n perpetua sin posibilidad de excarcelaci\u00f3n. Estados Unidos es el \u00fanico pa\u00eds, aparte de Somalia, que no ha ratificado la Convenci\u00f3n. Sin embargo, Estados Unidos s\u00ed la ha firmado y, como signatario, est\u00e1 obligado por el derecho internacional a no hacer nada que sea contrario al objeto y el prop\u00f3sito del tratado. El art\u00edculo 37.b de la Convenci\u00f3n pide asimismo a los Estados que utilicen las penas de prisi\u00f3n contra menores tan s\u00f3lo como medida de \u00faltimo recurso y durante el per\u00edodo m\u00e1s breve que proceda.<\/p>\n<p style=\"text-align: justify;\">En la Observaci\u00f3n General \u201cLos derechos del ni\u00f1o en la justicia de menores\u201d, emitida en 2007, el Comit\u00e9 de los Derechos del Ni\u00f1o subray\u00f3 que ning\u00fan menor deb\u00eda ser condenado a cadena perpetua sin posibilidad de libertad condicional. El Comit\u00e9 record\u00f3 a los pa\u00edses que condenan a menores a cadena perpetua con posibilidad de libertad condicional que esta pena debe estar plenamente en armon\u00eda con los objetivos de la justicia de menores, lo cual incluye que el menor condenado a esa pena debe recibir una educaci\u00f3n, un tratamiento y una atenci\u00f3n con miras a su puesta en libertad, su reintegraci\u00f3n social y el desempe\u00f1o de una funci\u00f3n constructiva en la sociedad.<\/p>\n<p style=\"text-align: justify;\">El imponer una pena de cadena perpetua sin posibilidad de libertad condicional a un acusado que sea menor de 18 a\u00f1os en el momento del delito viola el derecho y las normas internacionales aceptados casi universalmente en todo el mundo. Estas normas reconocen que, por grave que sea el delito, los menores, que todav\u00eda se est\u00e1n desarrollando f\u00edsica, mental y emocionalmente no tienen el mismo nivel de culpabilidad de los adultos y requieren un trato especial en el sistema de justicia penal, adecuado a su juventud y su inmadurez. Las normas subrayan que, cuando los menores entran en conflicto con la ley, los objetivos principales deben ser el inter\u00e9s superior del ni\u00f1o y su potencial para reintegrarse con \u00e9xito en la sociedad. La cadena perpetua sin posibilidad de libertad condicional es claramente contraria a esta obligaci\u00f3n internacional.<\/p>\n<p style=\"text-align: justify;\"><strong>\u00a0<\/strong><\/p>\n<p><strong>\u00a0<\/strong><\/p>\n<p style=\"text-align: right;\"><strong>Carlos Ben\u00edtez Villodres<\/strong><\/p>\n","protected":false},"excerpt":{"rendered":"<p>El Pacto Internacional de Derechos Civiles y Pol\u00edticos (PIDCP), que Estados Unidos ratific\u00f3 en 1992, reconoce espec\u00edficamente la necesidad que&hellip;<\/p>\n","protected":false},"author":2,"featured_media":929,"comment_status":"open","ping_status":"open","sticky":false,"template":"","format":"standard","meta":{"om_disable_all_campaigns":false,"_mi_skip_tracking":false,"_monsterinsights_sitenote_active":false,"_monsterinsights_sitenote_note":"","_monsterinsights_sitenote_category":0,"footnotes":""},"categories":[21],"tags":[],"aioseo_notices":[],"_links":{"self":[{"href":"https:\/\/granadacostaglobal.es\/index.php?rest_route=\/wp\/v2\/posts\/5031"}],"collection":[{"href":"https:\/\/granadacostaglobal.es\/index.php?rest_route=\/wp\/v2\/posts"}],"about":[{"href":"https:\/\/granadacostaglobal.es\/index.php?rest_route=\/wp\/v2\/types\/post"}],"author":[{"embeddable":true,"href":"https:\/\/granadacostaglobal.es\/index.php?rest_route=\/wp\/v2\/users\/2"}],"replies":[{"embeddable":true,"href":"https:\/\/granadacostaglobal.es\/index.php?rest_route=%2Fwp%2Fv2%2Fcomments&post=5031"}],"version-history":[{"count":0,"href":"https:\/\/granadacostaglobal.es\/index.php?rest_route=\/wp\/v2\/posts\/5031\/revisions"}],"wp:featuredmedia":[{"embeddable":true,"href":"https:\/\/granadacostaglobal.es\/index.php?rest_route=\/"}],"wp:attachment":[{"href":"https:\/\/granadacostaglobal.es\/index.php?rest_route=%2Fwp%2Fv2%2Fmedia&parent=5031"}],"wp:term":[{"taxonomy":"category","embeddable":true,"href":"https:\/\/granadacostaglobal.es\/index.php?rest_route=%2Fwp%2Fv2%2Fcategories&post=5031"},{"taxonomy":"post_tag","embeddable":true,"href":"https:\/\/granadacostaglobal.es\/index.php?rest_route=%2Fwp%2Fv2%2Ftags&post=5031"}],"curies":[{"name":"wp","href":"https:\/\/api.w.org\/{rel}","templated":true}]}}