{"id":4867,"date":"2016-02-23T17:38:47","date_gmt":"2016-02-23T17:38:47","guid":{"rendered":"http:\/\/granadacosta.net\/?p=4867"},"modified":"2016-02-23T17:38:47","modified_gmt":"2016-02-23T17:38:47","slug":"acto-cultural-y-comida-de-companerismo-granada-costa","status":"publish","type":"post","link":"https:\/\/granadacostaglobal.es\/?p=4867","title":{"rendered":"ACTO CULTURAL Y COMIDA DE COMPA\u00d1ERISMO \u201cGRANADA COSTA\u201d"},"content":{"rendered":"<p><strong>E<\/strong>l pasado d\u00eda 20 de febrero, en el \u201cRestaurante Sa Pla\u00e7a\u201d, de Palma de Mallorca, se celebr\u00f3 una comida y recital de poes\u00eda, con una parte importante de compa\u00f1eros de la Fundaci\u00f3n Granada Costa. El d\u00eda amaneci\u00f3 con un sol radiante que invitaba a salir a la calle. Los parques y plazas estaban a rebosar, las gentes aprovecharon el d\u00eda magn\u00edfico que hac\u00eda para pasear; tambi\u00e9n invitaba a reunirse con amigos y es lo que hicimos nosotros. Me hubiera gustado que hubiesen asistido todos los compa\u00f1eros y compa\u00f1eras que pertenecemos al Granada Costa, pero comprendo que no siempre es posible estar todos juntos. En esta ocasi\u00f3n \u00e9ramos 26 compa\u00f1eros.<\/p>\n<p><a href=\"http:\/\/granadacosta.net\/wp-content\/uploads\/2016\/02\/foto-de-familia.jpg\"><img decoding=\"async\" loading=\"lazy\" class=\"alignnone  wp-image-4869\" src=\"http:\/\/granadacosta.net\/wp-content\/uploads\/2016\/02\/foto-de-familia-278x300.jpg\" alt=\"foto de familia\" width=\"458\" height=\"494\" \/><\/a><\/p>\n<p>La comida fue estupenda, todos los platos que se sirvieron fueron exquisitos y el servicio, muy eficiente. Por ello, hemos repetido nuestro encuentro en dicho restaurante, por su cercan\u00eda y buena ubicaci\u00f3n en el centro de nuestra ciudad y por la facilidad para llegar a \u00e9l, ya que por all\u00ed pasan diferentes rutas de autobuses y existen varias paradas de taxis.<\/p>\n<p>Una vez m\u00e1s, debo destacar la labor realizada por nuestro compa\u00f1ero <strong>Jos\u00e9 Heredia<\/strong>, que se encarg\u00f3 de organizarlo todo y se preocup\u00f3 por que todo saliese estupendo. Gracias, Jos\u00e9.<\/p>\n<p>Al t\u00e9rmino de la comida se inici\u00f3 el recital de poes\u00eda, que present\u00f3 este servidor de ustedes; participaron: <strong>Inocencia Frisuelo, Concepci\u00f3n Coll Hevia, Enrique Mart\u00ednez,\u00a0 Antonio Bonet San Cler, Diego Sabiote, Jaime Santandreu Dols, Mar\u00eda Jos\u00e9 Alem\u00e1n, Mercedes Guasp Rovira, Mar\u00eda Dolores Alabarces Villa, Jos\u00e9 Mar\u00eda Guti\u00e9rrez <\/strong>y <strong>Marcelino Arellano Alabarces.<\/strong><\/p>\n<p><a href=\"http:\/\/granadacosta.net\/wp-content\/uploads\/2016\/02\/abs-c.jpg\"><img decoding=\"async\" loading=\"lazy\" class=\"alignnone size-medium wp-image-4870\" src=\"http:\/\/granadacosta.net\/wp-content\/uploads\/2016\/02\/abs-c-278x300.jpg\" alt=\"abs c\" width=\"278\" height=\"300\" \/><\/a> <a href=\"http:\/\/granadacosta.net\/wp-content\/uploads\/2016\/02\/ccv.jpg\"><img decoding=\"async\" loading=\"lazy\" class=\"alignnone size-medium wp-image-4871\" src=\"http:\/\/granadacosta.net\/wp-content\/uploads\/2016\/02\/ccv-278x300.jpg\" alt=\"ccv\" width=\"278\" height=\"300\" \/><\/a> <a href=\"http:\/\/granadacosta.net\/wp-content\/uploads\/2016\/02\/ds.jpg\"><img decoding=\"async\" loading=\"lazy\" class=\"alignnone size-medium wp-image-4872\" src=\"http:\/\/granadacosta.net\/wp-content\/uploads\/2016\/02\/ds-278x300.jpg\" alt=\"ds\" width=\"278\" height=\"300\" \/><\/a> <a href=\"http:\/\/granadacosta.net\/wp-content\/uploads\/2016\/02\/em.jpg\"><img decoding=\"async\" loading=\"lazy\" class=\"alignnone size-medium wp-image-4873\" src=\"http:\/\/granadacosta.net\/wp-content\/uploads\/2016\/02\/em-278x300.jpg\" alt=\"em\" width=\"278\" height=\"300\" \/><\/a> \u00a0<a href=\"http:\/\/granadacosta.net\/wp-content\/uploads\/2016\/02\/if.jpg\"><img decoding=\"async\" loading=\"lazy\" class=\"alignnone size-medium wp-image-4876\" src=\"http:\/\/granadacosta.net\/wp-content\/uploads\/2016\/02\/if-278x300.jpg\" alt=\"if\" width=\"278\" height=\"300\" \/><\/a> <a href=\"http:\/\/granadacosta.net\/wp-content\/uploads\/2016\/02\/Jmg.jpg\"><img decoding=\"async\" loading=\"lazy\" class=\"alignnone size-medium wp-image-4877\" src=\"http:\/\/granadacosta.net\/wp-content\/uploads\/2016\/02\/Jmg-278x300.jpg\" alt=\"Jmg\" width=\"278\" height=\"300\" \/><\/a> <a href=\"http:\/\/granadacosta.net\/wp-content\/uploads\/2016\/02\/jsd.jpg\"><img decoding=\"async\" loading=\"lazy\" class=\"alignnone size-medium wp-image-4878\" src=\"http:\/\/granadacosta.net\/wp-content\/uploads\/2016\/02\/jsd-278x300.jpg\" alt=\"jsd\" width=\"278\" height=\"300\" \/><\/a> <a href=\"http:\/\/granadacosta.net\/wp-content\/uploads\/2016\/02\/maaa.jpg\"><img decoding=\"async\" loading=\"lazy\" class=\"alignnone size-medium wp-image-4879\" src=\"http:\/\/granadacosta.net\/wp-content\/uploads\/2016\/02\/maaa-278x300.jpg\" alt=\"maaa\" width=\"278\" height=\"300\" \/><\/a> <a href=\"http:\/\/granadacosta.net\/wp-content\/uploads\/2016\/02\/mdaa.jpg\"><img decoding=\"async\" loading=\"lazy\" class=\"alignnone size-medium wp-image-4880\" src=\"http:\/\/granadacosta.net\/wp-content\/uploads\/2016\/02\/mdaa-278x300.jpg\" alt=\"mdaa\" width=\"278\" height=\"300\" \/><\/a> <a href=\"http:\/\/granadacosta.net\/wp-content\/uploads\/2016\/02\/mgr.jpg\"><img decoding=\"async\" loading=\"lazy\" class=\"alignnone size-medium wp-image-4881\" src=\"http:\/\/granadacosta.net\/wp-content\/uploads\/2016\/02\/mgr-278x300.jpg\" alt=\"mgr\" width=\"278\" height=\"300\" \/><\/a> <a href=\"http:\/\/granadacosta.net\/wp-content\/uploads\/2016\/02\/mja.jpg\"><img decoding=\"async\" loading=\"lazy\" class=\"alignnone size-medium wp-image-4882\" src=\"http:\/\/granadacosta.net\/wp-content\/uploads\/2016\/02\/mja-278x300.jpg\" alt=\"mja\" width=\"278\" height=\"300\" \/><\/a><\/p>\n<p><strong>\u00a0\u00a0\u00a0\u00a0\u00a0\u00a0\u00a0\u00a0\u00a0\u00a0\u00a0 <\/strong>A continuaci\u00f3n di a conocer a todos los presentes algunos de los eventos que se realizar\u00e1n en los pr\u00f3ximos meses, entre ellos: el d\u00eda 6 de abril, a las 17 horas, en el Club Sa Banca, se presentar\u00e1n los libros <strong><em>Granada Costa 2015 <\/em><\/strong>y el libro dedicado a <strong>Santa Teresa<\/strong>, cuyo acto estar\u00e1 presidido por nuestro Presidente Nacional, <strong>D. Jos\u00e9 Segura Haro<\/strong>. El d\u00eda 29 de abril se presentar\u00e1 mi pr\u00f3ximo libro, <em>La Soledad de una mujer, <\/em>tambi\u00e9n en el Club Sa Banca, a las\u00a0 18 horas. Asimismo dimos la bienvenida a un nuevo compa\u00f1ero a esta gran familia que es Granada Costa, <strong>Gabriel Mateu Gual<\/strong>, que, una vez terminado el evento y mientras nos hac\u00edan las fotos de familia para ilustrar esta cr\u00f3nica, me coment\u00f3 que estaba muy contento de poder pertenecer a nuestro proyecto cultural y que el acto realizado hab\u00eda sido plenamente de su agrado.<\/p>\n<p><a href=\"http:\/\/granadacosta.net\/wp-content\/uploads\/2016\/02\/gm-copia.jpg\"><img decoding=\"async\" loading=\"lazy\" class=\"alignnone size-medium wp-image-4875\" src=\"http:\/\/granadacosta.net\/wp-content\/uploads\/2016\/02\/gm-copia-278x300.jpg\" alt=\"gm copia\" width=\"278\" height=\"300\" \/><\/a><\/p>\n<p>Como director adjunto del Granada Costa para Baleares, quiero darles las gracias a todos los que asistieron al acto y que no recitaron, y tambi\u00e9n, c\u00f3mo no, a nuestro compa\u00f1ero <strong>Pep Ramis<\/strong>, fot\u00f3grafo que realiz\u00f3 el reportaje, y debo decir tambi\u00e9n que echamos mucho de menos a nuestros compa\u00f1eros <strong>Fernanda Llabr\u00e9s<\/strong>, que no pudo asistir por encontrarse enferma, y a su esposo <strong>Jos\u00e9 Tamayo<\/strong>, magn\u00edfico fot\u00f3grafo, que, evento tras evento, ha venido realizando todos los reportajes.<\/p>\n<p>Asistieron al evento, aparte de los compa\u00f1eros y compa\u00f1eras que recitaron, las siguientes personas: <strong>Elisa Moreno, Pepa Cort\u00e9s, Paqui Cano, Mercedes Carballar, Luc\u00eda Caparr\u00f3s, Jos\u00e9 Balaguer, Jes\u00fas Lozano, Virtudes Villa, <\/strong>la hija de Mercedes Guasp, la esposa de Jos\u00e9 M\u00aa Guti\u00e9rrez, etc. Cerr\u00f3 este el acto con la lectura de un poema y unas palabras sobre el taller de literatura que \u00e9l dirige. Todas las intervenciones fueron muy aplaudidas. Hasta el pr\u00f3ximo encuentro, un abrazo para todos.<\/p>\n<p>&nbsp;<\/p>\n<p style=\"text-align: right;\"><em><strong>Marcelino Arellano Alabarces<\/strong><\/em><\/p>\n<p style=\"text-align: right;\"><em><strong>Director adjunto del \u201cGranada Costa en Baleares\u201d<\/strong><\/em><\/p>\n<p style=\"text-align: right;\"><em><strong>Palma de Mallorca<\/strong><\/em><\/p>\n","protected":false},"excerpt":{"rendered":"<p>El pasado d\u00eda 20 de febrero, en el \u201cRestaurante Sa Pla\u00e7a\u201d, de Palma de Mallorca, se celebr\u00f3 una comida y&hellip;<\/p>\n","protected":false},"author":2,"featured_media":4868,"comment_status":"open","ping_status":"open","sticky":false,"template":"","format":"standard","meta":{"om_disable_all_campaigns":false,"_mi_skip_tracking":false,"_monsterinsights_sitenote_active":false,"_monsterinsights_sitenote_note":"","_monsterinsights_sitenote_category":0,"footnotes":""},"categories":[21,22],"tags":[],"aioseo_notices":[],"_links":{"self":[{"href":"https:\/\/granadacostaglobal.es\/index.php?rest_route=\/wp\/v2\/posts\/4867"}],"collection":[{"href":"https:\/\/granadacostaglobal.es\/index.php?rest_route=\/wp\/v2\/posts"}],"about":[{"href":"https:\/\/granadacostaglobal.es\/index.php?rest_route=\/wp\/v2\/types\/post"}],"author":[{"embeddable":true,"href":"https:\/\/granadacostaglobal.es\/index.php?rest_route=\/wp\/v2\/users\/2"}],"replies":[{"embeddable":true,"href":"https:\/\/granadacostaglobal.es\/index.php?rest_route=%2Fwp%2Fv2%2Fcomments&post=4867"}],"version-history":[{"count":0,"href":"https:\/\/granadacostaglobal.es\/index.php?rest_route=\/wp\/v2\/posts\/4867\/revisions"}],"wp:featuredmedia":[{"embeddable":true,"href":"https:\/\/granadacostaglobal.es\/index.php?rest_route=\/"}],"wp:attachment":[{"href":"https:\/\/granadacostaglobal.es\/index.php?rest_route=%2Fwp%2Fv2%2Fmedia&parent=4867"}],"wp:term":[{"taxonomy":"category","embeddable":true,"href":"https:\/\/granadacostaglobal.es\/index.php?rest_route=%2Fwp%2Fv2%2Fcategories&post=4867"},{"taxonomy":"post_tag","embeddable":true,"href":"https:\/\/granadacostaglobal.es\/index.php?rest_route=%2Fwp%2Fv2%2Ftags&post=4867"}],"curies":[{"name":"wp","href":"https:\/\/api.w.org\/{rel}","templated":true}]}}