{"id":4051,"date":"2016-01-29T17:06:24","date_gmt":"2016-01-29T17:06:24","guid":{"rendered":"http:\/\/granadacosta.net\/?p=4051"},"modified":"2016-01-29T17:06:24","modified_gmt":"2016-01-29T17:06:24","slug":"granada-costa-en-madrid-circuito-cultural","status":"publish","type":"post","link":"https:\/\/granadacostaglobal.es\/?p=4051","title":{"rendered":"GRANADA COSTA EN MADRID: CIRCUITO CULTURAL"},"content":{"rendered":"<p><a href=\"http:\/\/granadacosta.net\/wp-content\/uploads\/2016\/01\/carmen-y-paloma.jpg\"><img decoding=\"async\" loading=\"lazy\" class=\"alignnone size-medium wp-image-4052\" src=\"http:\/\/granadacosta.net\/wp-content\/uploads\/2016\/01\/carmen-y-paloma-169x300.jpg\" alt=\"carmen y paloma\" width=\"169\" height=\"300\" \/><\/a><\/p>\n<p>Carmen Carrasco junto a Paloma Gomez Borrero<\/p>\n<p>S\u00e9 que nuestro presidente<strong>, D. Jos\u00e9 Segura Haro<\/strong>, ha regresado muy satisfecho del periplo realizado por la villa y corte de Madrid pues todo ha salido tal como lo hab\u00eda programado y, por a\u00f1adidura, con una grata sorpresa obviamente ignorada por todos: la presencia de la gran periodista y mejor persona, <strong>Paloma G\u00f3mez Borrero<\/strong>, \u00a1ah\u00ed es nada!, que hizo su aparici\u00f3n acompa\u00f1ada de otra gran profesional venida expresamente de Barcelona, <strong>Mar\u00eda Teresa G\u00f3mez Reino<\/strong>, Delegada Nacional de Relaciones Institucionales Granada Costa y componente del prestigioso <strong>Grupo Inquietudes.<\/strong><\/p>\n<p>La tarde y sus actos no pod\u00edan ser m\u00e1s prometedores.<\/p>\n<p>Dichos actos se celebraron el d\u00eda 22 de enero en la Casa de Granada en Madrid que gentilmente nos abri\u00f3 sus puertas una vez m\u00e1s para celebrar parte del <strong>Circuito Cultural Granada Costa<\/strong> durante los d\u00edas 22, 23 y 24 de enero.<\/p>\n<p>Hasta la capital de Espa\u00f1a nos trasladamos un nutrido grupo de socios procedentes de Granada, Alicante, Valencia, Mallorca, Barcelona, L\u00e9rida, Sevilla, M\u00e1laga y Torremolinos dispuestos a pasar unas jornadas culturales y recreativas en buena hermandad. He de a\u00f1adir que nos acompa\u00f1\u00f3 un tiempo espl\u00e9ndido y que casi nos sobraban abrigos y bufandas de los que hab\u00edamos hecho buen acopio por aquello del \u201cfr\u00edo\u201d que \u00edbamos a pasar en Madrid.<\/p>\n<p>Pero, vayamos por partes siguiendo cronol\u00f3gicamente los acontecimientos comenzando por el\u2026<\/p>\n<p>D\u00cdA 22 DE ENERO: LLEGADA<\/p>\n<p>Llegada al Hotel Gran Legazpi, que viene a ser como la casa en Madrid de Granada Costa ya que casi somos como amigos, el trato no puede ser mejor y el restaurante, de primera.<\/p>\n<p>Recibimiento, abrazos, un buen almuerzo e, ipso facto, ponernos guapos y salida hacia la Casa de Granada en Madrid en donde se iban a celebrar los actos culturales organizados por el peri\u00f3dico Granada Costa. Comienzo de actos con la\u2026<\/p>\n<p>PRESENTACI\u00d3N DEL LIBRO \u201cAUTORES GRANADA COSTA 2015\u201d<\/p>\n<p><a href=\"http:\/\/granadacosta.net\/wp-content\/uploads\/2016\/01\/Autores-2015-3d.jpg\"><img decoding=\"async\" loading=\"lazy\" class=\"alignnone size-medium wp-image-3798\" src=\"http:\/\/granadacosta.net\/wp-content\/uploads\/2016\/01\/Autores-2015-3d-221x300.jpg\" alt=\"Autores 2015  3d\" width=\"221\" height=\"300\" \/><\/a><\/p>\n<p>El primero de ellos fue la presentaci\u00f3n por parte de nuestro presidente, D. Jos\u00e9 Segura, del libro <strong>Autores Granada Costa 2015<\/strong>, un cuidadoso trabajo de quinientas ochenta p\u00e1ginas firmado por los socios del peri\u00f3dico en el cual se plasman, a modo de resumen, los acontecimientos y experiencias vividas durante el pasado 2015, tales como: La presentaci\u00f3n del Proyecto Cultural Granada Costa en Madrid. La entrega de Banderas en Homenaje del 28 F. El \u00e9xito alcanzado en las 24 horas de Poes\u00eda ininterrumpidas en Molv\u00edzar. Las presentaciones de nuevos libros. Entrevistas a diversas personalidades. Circuitos Culturales, am\u00e9n de los trabajos enviados por los socios que han querido tomar parte en dicho libro. A continuaci\u00f3n se procedi\u00f3 a la entrega de los\u2026<\/p>\n<p>PREMIOS I CERTAMEN DE RELATOS \u201cCIUDAD DE MADRID 2015\u201d<\/p>\n<p><a href=\"http:\/\/granadacosta.net\/wp-content\/uploads\/2016\/01\/Certamen-Madrid-3d.jpg\"><img decoding=\"async\" loading=\"lazy\" class=\"alignnone size-medium wp-image-3817\" src=\"http:\/\/granadacosta.net\/wp-content\/uploads\/2016\/01\/Certamen-Madrid-3d-221x300.jpg\" alt=\"Certamen Madrid 3d\" width=\"221\" height=\"300\" \/><\/a><\/p>\n<p>El Sr. Segura fue haciendo entrega de los premios del I Certamen de Relatos Granada Costa \u201cCiudad de Madrid 2015\u201d a los ganadores del mismo, que en esta primera convocatoria recayeron sobre los siguientes:<\/p>\n<p>Primer premio: \u201cLa lluvia me recuerda a ti\u201d, de <strong>To\u00f1y Castillo Mel\u00e9ndez<\/strong> (L\u00e9rida).<\/p>\n<p><a href=\"http:\/\/granadacosta.net\/wp-content\/uploads\/2016\/01\/pr-madrid-to\u00f1y.jpg\"><img decoding=\"async\" loading=\"lazy\" class=\"alignnone size-medium wp-image-4053\" src=\"http:\/\/granadacosta.net\/wp-content\/uploads\/2016\/01\/pr-madrid-to\u00f1y-300x169.jpg\" alt=\"pr madrid to\u00f1y\" width=\"300\" height=\"169\" \/><\/a><\/p>\n<p>Finalistas: \u201cSue\u00f1os madrile\u00f1os\u201d, de <strong>Juli\u00e1n D\u00edaz Robledo<\/strong> (Madrid), quien posteriormente nos dirigi\u00f3 unas palabras como director del <strong>Aula de las Frutas Tropicales Granada Costa<\/strong>.<\/p>\n<p><a href=\"http:\/\/granadacosta.net\/wp-content\/uploads\/2016\/01\/pr-madrid-julian.jpg\"><img decoding=\"async\" loading=\"lazy\" class=\"alignnone size-medium wp-image-4054\" src=\"http:\/\/granadacosta.net\/wp-content\/uploads\/2016\/01\/pr-madrid-julian-300x225.jpg\" alt=\"pr madrid julian\" width=\"300\" height=\"225\" \/><\/a><\/p>\n<p>\u201cUn reportaje ins\u00f3lito\u201d, de <strong>Carmen Carrasco Ramos<\/strong> (Valencia).<\/p>\n<p><a href=\"http:\/\/granadacosta.net\/wp-content\/uploads\/2016\/01\/pr-madrid-carmen.jpg\"><img decoding=\"async\" loading=\"lazy\" class=\"alignnone size-medium wp-image-4055\" src=\"http:\/\/granadacosta.net\/wp-content\/uploads\/2016\/01\/pr-madrid-carmen-169x300.jpg\" alt=\"pr madrid carmen\" width=\"169\" height=\"300\" \/><\/a><\/p>\n<p>\u201cUn cocido madrile\u00f1o en el 2 de Mayo de 1808\u201d, de <strong>Manuel Gim\u00e9nez Gonz\u00e1lez<\/strong> (Valencia).<\/p>\n<p><a href=\"http:\/\/granadacosta.net\/wp-content\/uploads\/2016\/01\/pr-madrid-manuel.jpg\"><img decoding=\"async\" loading=\"lazy\" class=\"alignnone size-medium wp-image-4056\" src=\"http:\/\/granadacosta.net\/wp-content\/uploads\/2016\/01\/pr-madrid-manuel-300x225.jpg\" alt=\"pr madrid manuel\" width=\"300\" height=\"225\" \/><\/a><\/p>\n<p>Cada uno de los premiados dio las gracias brevemente, como debe ser, por el premio recibido y\u2026 excepcional invitada<\/p>\n<p>PALOMA G\u00d3MEZ BORRERO<\/p>\n<p><a href=\"http:\/\/granadacosta.net\/wp-content\/uploads\/2016\/01\/madrid-paloma.jpg\"><img decoding=\"async\" loading=\"lazy\" class=\"alignnone size-medium wp-image-4057\" src=\"http:\/\/granadacosta.net\/wp-content\/uploads\/2016\/01\/madrid-paloma-300x225.jpg\" alt=\"madrid paloma\" width=\"300\" height=\"225\" \/><\/a><\/p>\n<p>Una vez hecha la entrega de diplomas a los premiados, pasamos al acto m\u00e1s importante de la tarde, aunque por supuesto todos lo fueron. Don Jos\u00e9 Segura Haro retom\u00f3 la palabra para solicitar la presencia ante el micr\u00f3fono de la excepcional invitada y Socia de Honor, <strong>D\u00f1a. Paloma G\u00f3mez Borrero<\/strong>, elegida por unanimidad como la persona merecedora en esa ocasi\u00f3n para ser distinguida con el m\u00e1ximo galard\u00f3n que anualmente concede Granada Costa: la Medalla de Oro. Asimismo se le hizo entrega de un magn\u00edfico \u00f3leo, obra de la pintora granadina afincada en Mallorca, <strong>Pepa Cort\u00e9s<\/strong>, quien, junto con su esposo el gran cantaor <strong>Jos\u00e9 Heredia,<\/strong> ha deseado expresar con este presente la admiraci\u00f3n, respeto y cari\u00f1o para con Paloma G\u00f3mez Borrero.<\/p>\n<p>Por motivos de agenda, la pintora no pudo desplazarse hasta Madrid, por lo que <strong>D.<\/strong> <strong>Antonio Bonet San Cler<\/strong>, gran rapsoda, fue el encargado de entregarle la obra pict\u00f3rica.<\/p>\n<p>Tambi\u00e9n se requiri\u00f3 la presencia de la Delegada Nacional de Relaciones Institucionales, <strong>D\u00f1a. Mar\u00eda Teresa G\u00f3mez Reino<\/strong>, que fue la persona encargada de dar lectura a la carta del jurado aprobando tal concesi\u00f3n.<\/p>\n<p>Paloma G\u00f3mez Borrero, que tantos a\u00f1os fue corresponsal del Vaticano en Espa\u00f1a,\u00a0 \u00a0tom\u00f3 la palabra dando las gracias por el gesto de Granada Costa con su persona y su obra, contando con su habitual gracejo algunas an\u00e9cdotas ocurridas durante su \u00faltimo viaje a la costa granadina en compa\u00f1\u00eda de Jos\u00e9 Segura, Pepa Cort\u00e9s y otros socios del peri\u00f3dico. Tambi\u00e9n tuvo unas cari\u00f1osas palabras para el Proyecto Cultural de la <strong>Fundaci\u00f3n Granada Costa<\/strong> y se comprometi\u00f3 a desplazarse para recibir personalmente el galard\u00f3n, siendo muy aplaudida por el p\u00fablico ya que Paloma es un personaje muy querido por todos. De hecho, finalizados los actos, todos quer\u00edamos hacernos fotos con ella, sesi\u00f3n fotogr\u00e1fica que acept\u00f3 de buen grado con la amabilidad que la caracteriza.<\/p>\n<p><a href=\"http:\/\/granadacosta.net\/wp-content\/uploads\/2016\/01\/IMG_03551.jpg\"><img decoding=\"async\" loading=\"lazy\" class=\"alignnone size-medium wp-image-3929\" src=\"http:\/\/granadacosta.net\/wp-content\/uploads\/2016\/01\/IMG_03551-300x225.jpg\" alt=\"IMG_0355\" width=\"300\" height=\"225\" \/><\/a><\/p>\n<p>Para todos fue un honor su presencia entre nosotros. Gracias, Paloma.<\/p>\n<p>Y de Paloma a\u2026<\/p>\n<p>INMACULADA REJ\u00d3N<\/p>\n<p>A continuaci\u00f3n, nuestra reina del pasodoble, <strong>Inmaculada Rej\u00f3n,<\/strong> interpret\u00f3 unos temas, en este caso como homenaje a la Copla, de su \u00faltimo CD \u201cInmaculada Rej\u00f3n del sentimiento a la voz\u201d, conteniendo preciosos temas tales como <em>Ojos verdes, Tus cinco toritos negros, Los piconeros<\/em>, <em>La Zarzamora, Trini\u00e1<\/em>, as\u00ed hasta diez temas cl\u00e1sicos de la copla andaluza, \u00e9xitos de siempre y que en la voz de Inmaculada se renuevan con su gran estilo y voz especial. Como siempre que act\u00faa esta granadina, triunf\u00f3, prueba de ello fueron los aplausos recibidos al terminar su actuaci\u00f3n. Enhorabuena por tu nuevo disco, Inma.<\/p>\n<p><a href=\"http:\/\/granadacosta.net\/wp-content\/uploads\/2016\/01\/IMG_0483.jpg\"><img decoding=\"async\" loading=\"lazy\" class=\"alignnone size-medium wp-image-3922\" src=\"http:\/\/granadacosta.net\/wp-content\/uploads\/2016\/01\/IMG_0483-300x225.jpg\" alt=\"IMG_0483\" width=\"300\" height=\"225\" \/><\/a><\/p>\n<p>Y del cante a la declamaci\u00f3n del gran rapsoda\u2026<\/p>\n<p>ANTONIO BONET SAN CLER<\/p>\n<p>Con ganas de disfrutar del arte de un gran rapsoda, tuvimos el privilegio de escuchar al mallorqu\u00edn <strong>Antonio Bonet San Cler<\/strong>, desplazado tambi\u00e9n desde su hermosa isla, que nos deleit\u00f3 con un recital como nos tiene acostumbrados pues no hay nadie que declame el verso como \u00e9l. Todo en \u00e9l es arte: su voz, sus gestos, el acento que le da a cada poema, los matices, el sentimiento que transmite y, como tambi\u00e9n es actor, r\u00ede, llora, goza o sufre con el personaje que interpreta, al que le da vida propia. Antonio Bonet San Cler dignifica cualquier poema con la caja musical de su garganta, ese don que la Naturaleza, generosa, le ha otorgado para disfrute de todos nosotros. \u00a1Bravo, maestro!<\/p>\n<p><a href=\"http:\/\/granadacosta.net\/wp-content\/uploads\/2016\/01\/IMG_0373.jpg\"><img decoding=\"async\" loading=\"lazy\" class=\"alignnone size-medium wp-image-3930\" src=\"http:\/\/granadacosta.net\/wp-content\/uploads\/2016\/01\/IMG_0373-300x225.jpg\" alt=\"IMG_0373\" width=\"300\" height=\"225\" \/><\/a><\/p>\n<p>Continuando con la poes\u00eda, nosotros, un grupo de socios m\u00e1s modestos, nos dispusimos al\u2026<\/p>\n<p>RECITAL DE LOS SOCIOS<\/p>\n<p>Acabados los merecidos aplausos dedicados a Bonet San Cler, le toc\u00f3 el turno al recital po\u00e9tico de los socios que desearon tomar parte en el mismo, tanto los desplazados a Madrid, como por parte de la Casa de Granada asistentes al acto. Y este apartado dedicado a la poes\u00eda me toc\u00f3 presentarlo como Delegada Nacional de Poes\u00eda Granada Costa. As\u00ed que, tras los saludos de rigor, el placer de verlos de nuevo, pues algunos ya \u00e9ramos antiguos conocidos de mi anterior visita, coment\u00e9 someramente la importancia que Granada Costa le ha dado desde siempre a la poes\u00eda, como muestra son los numerosos cert\u00e1menes que se convocan, las p\u00e1ginas po\u00e9ticas de nuestro peri\u00f3dico y los recitales que se dan en casi todos los actos que se organizan a lo largo del a\u00f1o y en cualquier localidad adonde Granada Costa se desplaza pues en la vida, que generalmente es bastante prosaica, no pueden faltar los toques de poes\u00eda.<\/p>\n<p>As\u00ed que dimos comienzo al recital, el nuestro m\u00e1s modesto, pero tambi\u00e9n pusimos unos granitos de arena, arena po\u00e9tica, a cargo de los socios que amablemente se prestaron a ello. Y por aquello de que nadie quiere ser el primero, yo romp\u00ed el hielo recitando <em>Cantares<\/em>, de Manuel Machado, dando paso a continuaci\u00f3n a los siguientes rapsodas: Soledad Durnes, Ben-Al\u00ed, Manuel Gim\u00e9nez, Antonia Navarrete, Francisco Rossi, Clementina L\u00f3pez, Jes\u00fas Toledano, Merche Navarro, Florentino S\u00e1nchez, Jos\u00e9 Luis Mart\u00edn, Jos\u00e9 M\u00aa Garc\u00eda, Carmen Tim\u00f3n, Pilar Pizarro, Rosa Alonso, Francisco Jim\u00e9nez, Pilar Mateo, Ysaac Garc\u00eda, Bernardo Diego y Jos\u00e9 Alberto Escolar.<\/p>\n<p>Todos los actos de la tarde fueron grabados por el Canal 45 de TV Tele Ja\u00e9n, grandes profesionales.<\/p>\n<p><a href=\"http:\/\/granadacosta.net\/wp-content\/uploads\/2016\/01\/IMG_0400.jpg\"><img decoding=\"async\" loading=\"lazy\" class=\"alignnone size-medium wp-image-3935\" src=\"http:\/\/granadacosta.net\/wp-content\/uploads\/2016\/01\/IMG_0400-300x225.jpg\" alt=\"IMG_0400\" width=\"300\" height=\"225\" \/><\/a> <a href=\"http:\/\/granadacosta.net\/wp-content\/uploads\/2016\/01\/IMG_0411.jpg\"><img decoding=\"async\" loading=\"lazy\" class=\"alignnone size-medium wp-image-3936\" src=\"http:\/\/granadacosta.net\/wp-content\/uploads\/2016\/01\/IMG_0411-300x225.jpg\" alt=\"IMG_0411\" width=\"300\" height=\"225\" \/><\/a> <a href=\"http:\/\/granadacosta.net\/wp-content\/uploads\/2016\/01\/IMG_0418.jpg\"><img decoding=\"async\" loading=\"lazy\" class=\"alignnone size-medium wp-image-3938\" src=\"http:\/\/granadacosta.net\/wp-content\/uploads\/2016\/01\/IMG_0418-225x300.jpg\" alt=\"IMG_0418\" width=\"225\" height=\"300\" \/><\/a> <a href=\"http:\/\/granadacosta.net\/wp-content\/uploads\/2016\/01\/IMG_0475.jpg\"><img decoding=\"async\" loading=\"lazy\" class=\"alignnone size-medium wp-image-3928\" src=\"http:\/\/granadacosta.net\/wp-content\/uploads\/2016\/01\/IMG_0475-300x225.jpg\" alt=\"IMG_0475\" width=\"300\" height=\"225\" \/><\/a><a href=\"http:\/\/granadacosta.net\/wp-content\/uploads\/2016\/01\/recital-madrid-22.jpg\"><img decoding=\"async\" loading=\"lazy\" class=\"alignnone size-medium wp-image-4058\" src=\"http:\/\/granadacosta.net\/wp-content\/uploads\/2016\/01\/recital-madrid-22-300x225.jpg\" alt=\"recital madrid 22\" width=\"300\" height=\"225\" \/><\/a> <a href=\"http:\/\/granadacosta.net\/wp-content\/uploads\/2016\/01\/recital-madrid-5.jpg\"><img decoding=\"async\" loading=\"lazy\" class=\"alignnone size-medium wp-image-4059\" src=\"http:\/\/granadacosta.net\/wp-content\/uploads\/2016\/01\/recital-madrid-5-300x225.jpg\" alt=\"recital madrid 5\" width=\"300\" height=\"225\" \/><\/a><\/p>\n<p>Y acabado el recital, llegamos al\u2026<\/p>\n<p>FINAL DE ACTOS<\/p>\n<p>Para cerrar la velada, D. Jos\u00e9 Segura se dirigi\u00f3 a los asistentes para hacerles part\u00edcipes de la noticia seg\u00fan la cual Granada Costa se compromete a inaugurar los actos que se lleven a cabo por el peri\u00f3dico en la ciudad de Madrid y, del mismo modo, finalizar el a\u00f1o en la Costa Tropical, Almu\u00f1\u00e9car. El secretario de la Casa de Granada en Madrid, <strong>D. V\u00edctor Berrio<\/strong>, acogi\u00f3 la primera noticia de buen grado y tuvo a bien dedicar unas amables palabras a todos los asistentes como colof\u00f3n de la velada cultural celebrada en su sede. Y, una vez finalizada esta, nos fue servido un aperitivo y previas las despedidas, nos dirigimos a nuestro hotel para disfrutar en buena armon\u00eda de\u2026<\/p>\n<p>UNA CENA DE HERMANDAD<\/p>\n<p>En efecto, una vez en el restaurante del Hotel Gran Legazpi, nos reunimos un buen n\u00famero de socios dispuestos a hacerles los honores a los variados platos que el chef nos ir\u00eda preparando a gusto de cada comensal, pero puedo afirmar que todos quedaron muy satisfechos con lo servido.<\/p>\n<p>Como an\u00e9cdota, nuestra querida socia <strong>Soledad Durnes<\/strong> celebraba sus espl\u00e9ndidos \u201cdiecisiete\u201d (l\u00e9ase al rev\u00e9s) cumplea\u00f1os y nos quiso obsequiar con una riqu\u00edsima tarta y varias bandejas de dulces. Como es de rigor, le cantamos el Cumplea\u00f1os feliz y <strong>Francisco Rossi<\/strong> (que hizo de fot\u00f3grafo durante todo el periplo) le dedic\u00f3 una bonita canci\u00f3n compuesta por \u00e9l, ya que es m\u00fasico aunque ahora no ejerza.<\/p>\n<p>Yo tuve la ocurrencia de pedir que se besasen, Sole y su esposo Thomas, que quede claro, y ese beso fue el broche rom\u00e1ntico que cerr\u00f3 nuestro primer d\u00eda en Madrid.<\/p>\n<p><a href=\"http:\/\/granadacosta.net\/wp-content\/uploads\/2016\/01\/soledad-y-marido.jpg\"><img decoding=\"async\" loading=\"lazy\" class=\"alignnone size-medium wp-image-4060\" src=\"http:\/\/granadacosta.net\/wp-content\/uploads\/2016\/01\/soledad-y-marido-169x300.jpg\" alt=\"soledad y marido\" width=\"169\" height=\"300\" \/><\/a> <a href=\"http:\/\/granadacosta.net\/wp-content\/uploads\/2016\/01\/tarta.jpg\"><img decoding=\"async\" loading=\"lazy\" class=\"alignnone size-medium wp-image-4061\" src=\"http:\/\/granadacosta.net\/wp-content\/uploads\/2016\/01\/tarta-300x169.jpg\" alt=\"tarta\" width=\"300\" height=\"169\" \/><\/a> <a href=\"http:\/\/granadacosta.net\/wp-content\/uploads\/2016\/01\/cante-de-paco-rossi.jpg\"><img decoding=\"async\" loading=\"lazy\" class=\"alignnone size-medium wp-image-4062\" src=\"http:\/\/granadacosta.net\/wp-content\/uploads\/2016\/01\/cante-de-paco-rossi-180x300.jpg\" alt=\"cante de paco rossi\" width=\"180\" height=\"300\" \/><\/a> <a href=\"http:\/\/granadacosta.net\/wp-content\/uploads\/2016\/01\/cena-de-tarta.jpg\"><img decoding=\"async\" loading=\"lazy\" class=\"alignnone size-medium wp-image-4063\" src=\"http:\/\/granadacosta.net\/wp-content\/uploads\/2016\/01\/cena-de-tarta-300x169.jpg\" alt=\"cena de tarta\" width=\"300\" height=\"169\" \/><\/a><\/p>\n<p>D\u00cdA 23: ARANJUEZ<\/p>\n<p>Sobre la visita a Aranjuez tan solo voy a dar unas ligeras pinceladas ya que me consta que algunos compa\u00f1eros van a escribir sobre este tema y no deseo ser reiterativa. Solo comentar\u00e9 que esta jornada la dedicamos por completo a visitar esa localidad, el palacio, los jardines, por cierto bastante descuidados y con casi todas las fuentes sin manar. A pesar de todo, Aranjuez sigue siendo hermosa y los salones del palacio, una maravilla, en especial el \u00e1rabe y el chino. Como me encanta lo oriental, yo quise traerme alg\u00fan jarroncito de recuerdo pero no me dejaron\u2026 es broma.<\/p>\n<p>Despu\u00e9s tuvimos una buena comida las quince personas que nos desplazamos hasta all\u00ed y una vez acabado el almuerzo, ante unas tazas de caf\u00e9 tuvo lugar la reuni\u00f3n, ya prevista, para concretar los futuros actos a realizar, tales como el pr\u00f3ximo Circuito Cultural L\u00e9rida-Barcelona, los d\u00edas 12,13,14 y 15 de febrero, y al regreso del periplo catal\u00e1n, celebrar un nuevo acto el d\u00eda 17 de febrero en la Casa de Melilla en Valencia.<\/p>\n<p>Y una vez terminada dicha reuni\u00f3n, nos despedimos de esta bella localidad. Al marcharnos, parece como si a lo lejos resonaran en mis o\u00eddos las notas del maestro Rodrigo y su \u201cConcierto de Aranjuez\u201d\u2026 pero solo era mi imaginaci\u00f3n que a veces se desborda.<\/p>\n<p><a href=\"http:\/\/granadacosta.net\/wp-content\/uploads\/2016\/01\/aranjuez1.jpg\"><img decoding=\"async\" loading=\"lazy\" class=\"alignnone size-medium wp-image-4064\" src=\"http:\/\/granadacosta.net\/wp-content\/uploads\/2016\/01\/aranjuez1-300x169.jpg\" alt=\"aranjuez1\" width=\"300\" height=\"169\" \/><\/a><\/p>\n<p>NOCHE DE LUNA LLENA SOBRE MADRID<\/p>\n<p>Quiero acabar esta rese\u00f1a sobre el Circuito Cultural Granada Costa en Madrid, que nuestro presidente me ha encargado escribir, con la visita que hicimos un grupo de socios al Madrid de noche. Noche de luna llena sobre la ciudad. Noche m\u00e1gica en que sus hermosos monumentos, fuentes, estatuas, bajo la luz de Selene adquir\u00edan una aureola maravillosa. \u00a1Qu\u00e9 bella la diosa Cibeles acompa\u00f1ada de Hip\u00f3menes y Atlanta (esto lo he sabido por ti, amigo Juli\u00e1n, que tanto he aprendido sobre la ciudad al leer tu trabajo).<\/p>\n<p>Tambi\u00e9n hermosa la fuente de Neptuno, dios de los mares, con sus caballos marinos. El Palacio de Telecomunicaciones resplandec\u00eda como un ascua de oro y sobre \u00e9l, la luna posada. Qu\u00e9 animaci\u00f3n en la emblem\u00e1tica Puerta del Sol. Como estaba mandado, nos hicimos la foto pisando todos el K-O. Faltar\u00eda m\u00e1s. La Puerta de Alcal\u00e1 se nos apareci\u00f3 a lo lejos como fantasmal, tan blanca. Y la Plaza Mayor era un hervidero de gentes de todas las razas y colores dispuestas a disfrutar de la noche madrile\u00f1a y su embrujo. Por algo dicen que de Madrid al cielo.<\/p>\n<p>El paseo toc\u00f3 a su fin y regresamos al hotel impregnados de madrile\u00f1ismo. He de confesar que en las noches de luna llena me invade el romanticismo y si el plenilunio es sobre Madrid, este binomio lo acent\u00faa en grado superlativo. Luego viene la realidad. Afortunadamente.<\/p>\n<p>D\u00cdA 24: LA DESPEDIDA<\/p>\n<p>Todo tiene su fin, m\u00edtica canci\u00f3n de Los M\u00f3dulos, y nuestro viaje, breve pero intenso, tambi\u00e9n llegaba a su t\u00e9rmino. As\u00ed que en la ma\u00f1ana del d\u00eda 24 nos despedimos hasta un nuevo encuentro, satisfechos de c\u00f3mo se desarroll\u00f3 todo, punto por punto seg\u00fan lo programado gracias tambi\u00e9n a la colaboraci\u00f3n y buena voluntad de cada uno para que todo saliera bien. Enhorabuena a nuestro presidente por este nuevo \u00e9xito de Granada Costa y hasta el pr\u00f3ximo Circuito por tierras catalanas.<\/p>\n<p>Se me ocurre que la mejor despedida de Madrid ser\u00eda\u2026 Eso es, recordando el mundialmente famoso chotis que el compositor mexicano Agust\u00edn Lara le dedic\u00f3:<\/p>\n<p>&nbsp;<\/p>\n<p>Madrid, Madrid, Madrid.<\/p>\n<p>Pedazo de la Espa\u00f1a en que nac\u00ed.<\/p>\n<p>Por algo te hizo Dios<\/p>\n<p>la cuna del requiebro y del chotis.<\/p>\n<p>Madrid, Madrid, Madrid,<\/p>\n<p>en M\u00e9xico se piensa mucho en ti<\/p>\n<p>por el sabor que tienen tus verbenas<\/p>\n<p>por tantas cosas buenas que so\u00f1amos desde all\u00ed.<\/p>\n<p>Y vas a ver lo que es canela fina<\/p>\n<p>y armar la tremolina<\/p>\n<p>cuando <em>vuelvas<\/em> a Madrid.<\/p>\n<p>&nbsp;<\/p>\n<p>(el a\u00f1o que viene, DM).<\/p>\n<p>&nbsp;<\/p>\n<p style=\"text-align: right;\"><em><strong>Carmen Carrasco, Delegada Nacional de Poes\u00eda Granada Costa<\/strong><\/em><\/p>\n<p style=\"text-align: right;\"><a href=\"http:\/\/granadacosta.net\/wp-content\/uploads\/2016\/01\/medallas.jpg\"><img decoding=\"async\" loading=\"lazy\" class=\"alignnone size-medium wp-image-4065\" src=\"http:\/\/granadacosta.net\/wp-content\/uploads\/2016\/01\/medallas-169x300.jpg\" alt=\"medallas\" width=\"169\" height=\"300\" \/><\/a> <a href=\"http:\/\/granadacosta.net\/wp-content\/uploads\/2016\/01\/paco-rossi-y-to\u00f1y.jpg\"><img decoding=\"async\" loading=\"lazy\" class=\"alignnone size-medium wp-image-4066\" src=\"http:\/\/granadacosta.net\/wp-content\/uploads\/2016\/01\/paco-rossi-y-to\u00f1y-169x300.jpg\" alt=\"paco rossi y to\u00f1y\" width=\"169\" height=\"300\" \/><\/a> <a href=\"http:\/\/granadacosta.net\/wp-content\/uploads\/2016\/01\/paco-rossi-y-paloma.jpg\"><img decoding=\"async\" loading=\"lazy\" class=\"alignnone size-medium wp-image-4067\" src=\"http:\/\/granadacosta.net\/wp-content\/uploads\/2016\/01\/paco-rossi-y-paloma-169x300.jpg\" alt=\"paco rossi y paloma\" width=\"169\" height=\"300\" \/><\/a> <a href=\"http:\/\/granadacosta.net\/wp-content\/uploads\/2016\/01\/pepe-y-4-madrid.jpg\"><img decoding=\"async\" loading=\"lazy\" class=\"alignnone size-medium wp-image-4068\" src=\"http:\/\/granadacosta.net\/wp-content\/uploads\/2016\/01\/pepe-y-4-madrid-300x169.jpg\" alt=\"pepe y 4 madrid\" width=\"300\" height=\"169\" \/><\/a> <a href=\"http:\/\/granadacosta.net\/wp-content\/uploads\/2016\/01\/antonia-navarrete-y-paloma.jpg\"><img decoding=\"async\" loading=\"lazy\" class=\"alignnone size-medium wp-image-4069\" src=\"http:\/\/granadacosta.net\/wp-content\/uploads\/2016\/01\/antonia-navarrete-y-paloma-169x300.jpg\" alt=\"antonia navarrete y paloma\" width=\"169\" height=\"300\" \/><\/a><a href=\"http:\/\/granadacosta.net\/wp-content\/uploads\/2016\/01\/antonia-navarrete.jpg\"><img decoding=\"async\" loading=\"lazy\" class=\"alignnone size-medium wp-image-4070\" src=\"http:\/\/granadacosta.net\/wp-content\/uploads\/2016\/01\/antonia-navarrete-169x300.jpg\" alt=\"antonia navarrete\" width=\"169\" height=\"300\" \/><\/a><a href=\"http:\/\/granadacosta.net\/wp-content\/uploads\/2016\/01\/recital-madrid-8.jpg\"><img decoding=\"async\" loading=\"lazy\" class=\"alignnone size-medium wp-image-4071\" src=\"http:\/\/granadacosta.net\/wp-content\/uploads\/2016\/01\/recital-madrid-8-300x225.jpg\" alt=\"recital madrid 8\" width=\"300\" height=\"225\" \/><\/a><\/p>\n<p style=\"text-align: right;\"><a href=\"http:\/\/granadacosta.net\/wp-content\/uploads\/2016\/01\/recital-madrid-9.jpg\"><img decoding=\"async\" loading=\"lazy\" class=\"alignnone size-medium wp-image-4072\" src=\"http:\/\/granadacosta.net\/wp-content\/uploads\/2016\/01\/recital-madrid-9-300x225.jpg\" alt=\"recital madrid 9\" width=\"300\" height=\"225\" \/><\/a> <a href=\"http:\/\/granadacosta.net\/wp-content\/uploads\/2016\/01\/recital-madrid-10.jpg\"><img decoding=\"async\" loading=\"lazy\" class=\"alignnone size-medium wp-image-4073\" src=\"http:\/\/granadacosta.net\/wp-content\/uploads\/2016\/01\/recital-madrid-10-300x225.jpg\" alt=\"recital madrid 10\" width=\"300\" height=\"225\" \/><\/a> <a href=\"http:\/\/granadacosta.net\/wp-content\/uploads\/2016\/01\/recital-madrid-11.jpg\"><img decoding=\"async\" loading=\"lazy\" class=\"alignnone size-medium wp-image-4074\" src=\"http:\/\/granadacosta.net\/wp-content\/uploads\/2016\/01\/recital-madrid-11-300x225.jpg\" alt=\"recital madrid 11\" width=\"300\" height=\"225\" \/><\/a> <a href=\"http:\/\/granadacosta.net\/wp-content\/uploads\/2016\/01\/recital-madrid-13.jpg\"><img decoding=\"async\" loading=\"lazy\" class=\"alignnone size-medium wp-image-4075\" src=\"http:\/\/granadacosta.net\/wp-content\/uploads\/2016\/01\/recital-madrid-13-300x225.jpg\" alt=\"recital madrid 13\" width=\"300\" height=\"225\" \/><\/a> <a href=\"http:\/\/granadacosta.net\/wp-content\/uploads\/2016\/01\/recital-madrid-14.jpg\"><img decoding=\"async\" loading=\"lazy\" class=\"alignnone  wp-image-4076\" src=\"http:\/\/granadacosta.net\/wp-content\/uploads\/2016\/01\/recital-madrid-14-300x225.jpg\" alt=\"recital madrid 14\" width=\"301\" height=\"227\" \/><\/a> <a href=\"http:\/\/granadacosta.net\/wp-content\/uploads\/2016\/01\/recital-madrid-15.jpg\"><img decoding=\"async\" loading=\"lazy\" class=\"alignnone size-medium wp-image-4077\" src=\"http:\/\/granadacosta.net\/wp-content\/uploads\/2016\/01\/recital-madrid-15-300x225.jpg\" alt=\"recital madrid 15\" width=\"300\" height=\"225\" \/><\/a> <a href=\"http:\/\/granadacosta.net\/wp-content\/uploads\/2016\/01\/recital-madrid-16.jpg\"><img decoding=\"async\" loading=\"lazy\" class=\"alignnone size-medium wp-image-4078\" src=\"http:\/\/granadacosta.net\/wp-content\/uploads\/2016\/01\/recital-madrid-16-300x225.jpg\" alt=\"recital madrid 16\" width=\"300\" height=\"225\" \/><\/a> <a href=\"http:\/\/granadacosta.net\/wp-content\/uploads\/2016\/01\/recital-madrid-17.jpg\"><img decoding=\"async\" loading=\"lazy\" class=\"alignnone size-medium wp-image-4079\" src=\"http:\/\/granadacosta.net\/wp-content\/uploads\/2016\/01\/recital-madrid-17-300x225.jpg\" alt=\"recital madrid 17\" width=\"300\" height=\"225\" \/><\/a> <a href=\"http:\/\/granadacosta.net\/wp-content\/uploads\/2016\/01\/recital-madrid-18.jpg\"><img decoding=\"async\" loading=\"lazy\" class=\"alignnone size-medium wp-image-4080\" src=\"http:\/\/granadacosta.net\/wp-content\/uploads\/2016\/01\/recital-madrid-18-300x225.jpg\" alt=\"recital madrid 18\" width=\"300\" height=\"225\" \/><\/a> <a href=\"http:\/\/granadacosta.net\/wp-content\/uploads\/2016\/01\/recital-madrid-19.jpg\"><img decoding=\"async\" loading=\"lazy\" class=\"alignnone size-medium wp-image-4081\" src=\"http:\/\/granadacosta.net\/wp-content\/uploads\/2016\/01\/recital-madrid-19-300x225.jpg\" alt=\"recital madrid 19\" width=\"300\" height=\"225\" \/><\/a> <a href=\"http:\/\/granadacosta.net\/wp-content\/uploads\/2016\/01\/recital-madrid-20.jpg\"><img decoding=\"async\" loading=\"lazy\" class=\"alignnone size-medium wp-image-4082\" src=\"http:\/\/granadacosta.net\/wp-content\/uploads\/2016\/01\/recital-madrid-20-300x225.jpg\" alt=\"recital madrid 20\" width=\"300\" height=\"225\" \/><\/a> <a href=\"http:\/\/granadacosta.net\/wp-content\/uploads\/2016\/01\/recital1.jpg\"><img decoding=\"async\" loading=\"lazy\" class=\"alignnone size-medium wp-image-4083\" src=\"http:\/\/granadacosta.net\/wp-content\/uploads\/2016\/01\/recital1-300x225.jpg\" alt=\"recital1\" width=\"300\" height=\"225\" \/><\/a> <a href=\"http:\/\/granadacosta.net\/wp-content\/uploads\/2016\/01\/recitla-madrid-12.jpg\"><img decoding=\"async\" loading=\"lazy\" class=\"alignnone size-medium wp-image-4084\" src=\"http:\/\/granadacosta.net\/wp-content\/uploads\/2016\/01\/recitla-madrid-12-300x225.jpg\" alt=\"recitla madrid 12\" width=\"300\" height=\"225\" \/><\/a> <a href=\"http:\/\/granadacosta.net\/wp-content\/uploads\/2016\/01\/recitla-madrid-22.jpg\"><img decoding=\"async\" loading=\"lazy\" class=\"alignnone size-medium wp-image-4085\" src=\"http:\/\/granadacosta.net\/wp-content\/uploads\/2016\/01\/recitla-madrid-22-300x225.jpg\" alt=\"recitla madrid 22\" width=\"300\" height=\"225\" \/><\/a><\/p>\n","protected":false},"excerpt":{"rendered":"<p>Carmen Carrasco junto a Paloma Gomez Borrero S\u00e9 que nuestro presidente, D. Jos\u00e9 Segura Haro, ha regresado muy satisfecho del&hellip;<\/p>\n","protected":false},"author":2,"featured_media":4086,"comment_status":"open","ping_status":"open","sticky":false,"template":"","format":"standard","meta":{"om_disable_all_campaigns":false,"_mi_skip_tracking":false,"_monsterinsights_sitenote_active":false,"_monsterinsights_sitenote_note":"","_monsterinsights_sitenote_category":0,"footnotes":""},"categories":[21,22],"tags":[],"aioseo_notices":[],"_links":{"self":[{"href":"https:\/\/granadacostaglobal.es\/index.php?rest_route=\/wp\/v2\/posts\/4051"}],"collection":[{"href":"https:\/\/granadacostaglobal.es\/index.php?rest_route=\/wp\/v2\/posts"}],"about":[{"href":"https:\/\/granadacostaglobal.es\/index.php?rest_route=\/wp\/v2\/types\/post"}],"author":[{"embeddable":true,"href":"https:\/\/granadacostaglobal.es\/index.php?rest_route=\/wp\/v2\/users\/2"}],"replies":[{"embeddable":true,"href":"https:\/\/granadacostaglobal.es\/index.php?rest_route=%2Fwp%2Fv2%2Fcomments&post=4051"}],"version-history":[{"count":0,"href":"https:\/\/granadacostaglobal.es\/index.php?rest_route=\/wp\/v2\/posts\/4051\/revisions"}],"wp:featuredmedia":[{"embeddable":true,"href":"https:\/\/granadacostaglobal.es\/index.php?rest_route=\/"}],"wp:attachment":[{"href":"https:\/\/granadacostaglobal.es\/index.php?rest_route=%2Fwp%2Fv2%2Fmedia&parent=4051"}],"wp:term":[{"taxonomy":"category","embeddable":true,"href":"https:\/\/granadacostaglobal.es\/index.php?rest_route=%2Fwp%2Fv2%2Fcategories&post=4051"},{"taxonomy":"post_tag","embeddable":true,"href":"https:\/\/granadacostaglobal.es\/index.php?rest_route=%2Fwp%2Fv2%2Ftags&post=4051"}],"curies":[{"name":"wp","href":"https:\/\/api.w.org\/{rel}","templated":true}]}}