{"id":3914,"date":"2016-01-25T17:54:47","date_gmt":"2016-01-25T17:54:47","guid":{"rendered":"http:\/\/granadacosta.net\/?p=3914"},"modified":"2016-01-25T17:54:47","modified_gmt":"2016-01-25T17:54:47","slug":"paloma-gomez-borrero-distinguida-con-el-maximo-galardon-de-granada-costa-medalla-de-oro-al-trabajo-cultural","status":"publish","type":"post","link":"https:\/\/granadacostaglobal.es\/?p=3914","title":{"rendered":"Paloma G\u00f3mez Borrero distinguida con el m\u00e1ximo galard\u00f3n de Granada Costa, Medalla de Oro al Trabajo Cultural."},"content":{"rendered":"<p>La noticia fue conocida el pasado 22 de enero coincidiendo con la celebraci\u00f3n de un acto cultural del Peri\u00f3dico Granada Costa en la Casa de Granada en Madrid.<\/p>\n<p>&nbsp;<\/p>\n<p>Un nutrido grupo de amantes de la cultura y el arte se dieron cita durante el pasado fin de semana en Madrid para celebrar lo que ser\u00edan dos d\u00edas de apasionante convivencia de esta gran familia que d\u00eda a d\u00eda estrecha m\u00e1s a\u00fan los lazos de amistad que les une.<\/p>\n<p>De este modo, tres han sido los actos que encabezaron las actividades organizadas para este encuentro, el primero de ellos la presentaci\u00f3n del libro \u201cAutores Granada Costa 2015\u201d, un cuidadoso trabajo, de 580 p\u00e1ginas, firmado por los socios del peri\u00f3dico, y donde \u00e9stos plasman, a modo de resumen, los acontecimientos y experiencias vividas durante el pasado 2015, sirvan a modo de ejemplo episodios como la presentaci\u00f3n \u00a0del Proyecto Cultural Granada Costa en Madrid,\u00a0 la entrega de Banderas en Homenaje del 28-F, el \u00e9xito de las 24 Horas de Poes\u00eda en Molv\u00edzar, las distintas de presentaciones de nuevos libros que han visto la luz, entrevistas a diversos personajes, encuentros, circuitos culturales, etc\u2026<\/p>\n<p>El segundo plato fuerte de este fin de semana ha sido la Entrega de los Premios del I Certamen de Relato Granada Costa \u201cCiudad de Madrid\u201d, con un primer premio y tres finalistas:<\/p>\n<p>1\u00ba Premio: \u201cLa lluvia me recuerda a ti\u201d, de To\u00f1y Castillo Mel\u00e9ndez (L\u00e9rida).<\/p>\n<p><a href=\"http:\/\/granadacosta.net\/wp-content\/uploads\/2016\/01\/IMG_3628.jpg\"><img decoding=\"async\" loading=\"lazy\" class=\"alignnone size-medium wp-image-3916\" src=\"http:\/\/granadacosta.net\/wp-content\/uploads\/2016\/01\/IMG_3628-300x169.jpg\" alt=\"IMG_3628\" width=\"300\" height=\"169\" \/><\/a><\/p>\n<p>To\u00f1y Castillo Mel\u00e9ndez (L\u00e9rida)<\/p>\n<p>Finalistas: \u201cSue\u00f1os madrile\u00f1os\u201d, de Juli\u00e1n D\u00edaz Robledo (Madrid); \u201cUn reportaje ins\u00f3lito\u201d, de Carmen Carrasco Ramos (Valencia); y \u201cUn cocido madrile\u00f1o en el 2 de mayo de 1808\u201d, de Manuel Gim\u00e9nez Gonz\u00e1lez (Valencia).<\/p>\n<p><a href=\"http:\/\/granadacosta.net\/wp-content\/uploads\/2016\/01\/IMG_0340.jpg\"><img decoding=\"async\" loading=\"lazy\" class=\"alignnone size-medium wp-image-3917\" src=\"http:\/\/granadacosta.net\/wp-content\/uploads\/2016\/01\/IMG_0340-300x225.jpg\" alt=\"IMG_0340\" width=\"300\" height=\"225\" \/><\/a><\/p>\n<p>Juli\u00e1n D\u00edaz Robledo (Madrid)<\/p>\n<p><a href=\"http:\/\/granadacosta.net\/wp-content\/uploads\/2016\/01\/IMG-20160125-WA0015.jpg\"><img decoding=\"async\" loading=\"lazy\" class=\"alignnone size-medium wp-image-3918\" src=\"http:\/\/granadacosta.net\/wp-content\/uploads\/2016\/01\/IMG-20160125-WA0015-169x300.jpg\" alt=\"IMG-20160125-WA0015\" width=\"169\" height=\"300\" \/><\/a><\/p>\n<p>Carmen Carrasco Ramos (Valencia)<\/p>\n<p><a href=\"http:\/\/granadacosta.net\/wp-content\/uploads\/2016\/01\/IMG_0347.jpg\"><img decoding=\"async\" loading=\"lazy\" class=\"alignnone size-medium wp-image-3919\" src=\"http:\/\/granadacosta.net\/wp-content\/uploads\/2016\/01\/IMG_0347-300x225.jpg\" alt=\"IMG_0347\" width=\"300\" height=\"225\" \/><\/a><\/p>\n<p>Manuel Gim\u00e9nez Gonz\u00e1lez (Valencia)<\/p>\n<p>Fue precisamente durante el transcurso de este acto cuando el presidente de la Fundaci\u00f3n Granada Costa, D. Jos\u00e9 Segura, tom\u00f3 la palabra para comunicar personalmente a la excepcional invitada, y Socia de Honor, Do\u00f1a Paloma G\u00f3mez Borrero, que hab\u00eda sido elegida por unanimidad como la persona m\u00e1s merecedora en esta ocasi\u00f3n para ser distinguida con el m\u00e1ximo galard\u00f3n que anualmente concede Granada Costa. De manera paralela, a la periodista madrile\u00f1a se le hizo entrega de un emotivo regalo, un magn\u00edfico \u00f3leo obra de la pintora granadina afincada en tierras mallorquinas,\u00a0 Pepa Cort\u00e9s, quien junto con su marido, Jos\u00e9 Heredia, ha deseado expresar con este presente la admiraci\u00f3n, respeto y cari\u00f1o para con Paloma G\u00f3mez Borrero. Desgraciadamente, y por motivos de agenda, la pintora no pudo desplazarse hasta Madrid, por lo que el encargado de hacer efectiva la entrega de la obra fue Don Antonio Bonet San-Cler, genial rapsoda donde los haya, tal y como qued\u00f3 de manifiesto tras su intervenci\u00f3n, dejando sin aliento y con ganas de m\u00e1s a cuantas personas all\u00ed se dieron cita. Asimismo, fue requerida la presencia de la Delegada Nacional de Relaciones Institucionales Granada Costa, Mar\u00eda Teresa G\u00f3mez Reino (Barcelona), encargada de dar lectura al documento del Jurado de los Premios. Por su parte, la que fuese corresponsal del Vaticano en Espa\u00f1a durante tant\u00edsimos a\u00f1os, tom\u00f3 la palabra para agradecer el gesto de Granada Costa para con su persona y su obra, y tras rememorar algunas an\u00e9cdotas durante su \u00faltima visita a la Costa granadina en compa\u00f1\u00eda de Jos\u00e9 Segura,\u00a0 Pepa Cort\u00e9s y otros miembros del peri\u00f3dico, tuvo unas emotivas y cari\u00f1osas palabras\u00a0 para el proyecto cultural de la \u00a0Fundaci\u00f3n Granada Costa y lo que representa, por \u00faltimo, se comprometi\u00f3 a desplazarse para recibir personalmente el galard\u00f3n concedido a la fecha en que quede concretado el acto.<\/p>\n<p>&nbsp;<\/p>\n<p><a href=\"http:\/\/granadacosta.net\/wp-content\/uploads\/2016\/01\/IMG_0363.jpg\"><img decoding=\"async\" loading=\"lazy\" class=\"alignnone size-medium wp-image-3920\" src=\"http:\/\/granadacosta.net\/wp-content\/uploads\/2016\/01\/IMG_0363-300x225.jpg\" alt=\"IMG_0363\" width=\"300\" height=\"225\" \/><\/a>\u00a0 \u00a0<a href=\"http:\/\/granadacosta.net\/wp-content\/uploads\/2016\/01\/IMG_0357.jpg\"><img decoding=\"async\" loading=\"lazy\" class=\"alignnone size-medium wp-image-3921\" src=\"http:\/\/granadacosta.net\/wp-content\/uploads\/2016\/01\/IMG_0357-300x225.jpg\" alt=\"IMG_0357\" width=\"300\" height=\"225\" \/><\/a><\/p>\n<p>Paloma G\u00f3mez Borrero.<\/p>\n<p><a href=\"http:\/\/granadacosta.net\/wp-content\/uploads\/2016\/01\/IMG_0373.jpg\"><img decoding=\"async\" loading=\"lazy\" class=\"alignnone size-medium wp-image-3930\" src=\"http:\/\/granadacosta.net\/wp-content\/uploads\/2016\/01\/IMG_0373-300x225.jpg\" alt=\"IMG_0373\" width=\"300\" height=\"225\" \/><\/a><\/p>\n<p>Antonio Bonet San-Cler<\/p>\n<p>El tercero de los platos fuertes de estas jornadas, fue la presentaci\u00f3n del \u00faltimo trabajo de nuestra querid\u00edsima Inmaculada Rej\u00f3n, infatigable e innovadora, esta cantante granadina vuelve a sorprendernos con su torrente de voz y energ\u00eda en un arranque de maestr\u00eda para interpretar con la gallard\u00eda de las m\u00e1s grandes la canci\u00f3n espa\u00f1ola.<\/p>\n<p><a href=\"http:\/\/granadacosta.net\/wp-content\/uploads\/2016\/01\/IMG_0483.jpg\"><img decoding=\"async\" loading=\"lazy\" class=\"alignnone size-medium wp-image-3922\" src=\"http:\/\/granadacosta.net\/wp-content\/uploads\/2016\/01\/IMG_0483-300x225.jpg\" alt=\"IMG_0483\" width=\"300\" height=\"225\" \/><\/a><\/p>\n<p>Inmaculada Rej\u00f3n.<\/p>\n<p>Por \u00faltimo, y ya para cerrar la velada, Jos\u00e9 Segura se dirigi\u00f3 a los asistentes para hacerles part\u00edcipes de la noticia seg\u00fan la cual Granada Costa se compromete a inaugurar los actos que se lleven a cabo por el peri\u00f3dico en la ciudad de Madrid, y del mismo modo, a finalizar el a\u00f1o en la Costa Tropical, una noticia acogida de buen grado por el Secretario de la Casa de Granada en Madrid, Don V\u00edctor Berrio, quien tuvo a bien dedicar unas amables palabras a todos los asistentes como colof\u00f3n de un fin de semana de convivencia y experiencias enriquecedoras para Granada Costa.<\/p>\n<p><a href=\"http:\/\/granadacosta.net\/wp-content\/uploads\/2016\/01\/IMG_0478.jpg\"><img decoding=\"async\" loading=\"lazy\" class=\"alignnone size-medium wp-image-3924\" src=\"http:\/\/granadacosta.net\/wp-content\/uploads\/2016\/01\/IMG_0478-300x225.jpg\" alt=\"IMG_0478\" width=\"300\" height=\"225\" \/><\/a><\/p>\n<p>V\u00edctor Berrio<\/p>\n<p>&nbsp;<\/p>\n<p>&nbsp;<\/p>\n<p>&nbsp;<\/p>\n<p>Mar\u00eda Venegas<\/p>\n<p>Fotos: Francisco Rossi<\/p>\n<p>&nbsp;<\/p>\n<p>Galeria de diferentes Momentos del Acto:<\/p>\n<p><a href=\"http:\/\/granadacosta.net\/wp-content\/uploads\/2016\/01\/IMG_3662.jpg\"><img decoding=\"async\" loading=\"lazy\" class=\"alignnone size-medium wp-image-3923\" src=\"http:\/\/granadacosta.net\/wp-content\/uploads\/2016\/01\/IMG_3662-300x169.jpg\" alt=\"IMG_3662\" width=\"300\" height=\"169\" \/><\/a>\u00a0<a href=\"http:\/\/granadacosta.net\/wp-content\/uploads\/2016\/01\/IMG_0459.jpg\"><img decoding=\"async\" loading=\"lazy\" class=\"alignnone size-medium wp-image-3925\" src=\"http:\/\/granadacosta.net\/wp-content\/uploads\/2016\/01\/IMG_0459-300x225.jpg\" alt=\"IMG_0459\" width=\"300\" height=\"225\" \/><\/a> <a href=\"http:\/\/granadacosta.net\/wp-content\/uploads\/2016\/01\/IMG_0462.jpg\"><img decoding=\"async\" loading=\"lazy\" class=\"alignnone size-medium wp-image-3926\" src=\"http:\/\/granadacosta.net\/wp-content\/uploads\/2016\/01\/IMG_0462-300x225.jpg\" alt=\"IMG_0462\" width=\"300\" height=\"225\" \/><\/a>\u00a0<a href=\"http:\/\/granadacosta.net\/wp-content\/uploads\/2016\/01\/IMG_0464.jpg\"><img decoding=\"async\" loading=\"lazy\" class=\"alignnone size-medium wp-image-3927\" src=\"http:\/\/granadacosta.net\/wp-content\/uploads\/2016\/01\/IMG_0464-300x225.jpg\" alt=\"IMG_0464\" width=\"300\" height=\"225\" \/><\/a> <a href=\"http:\/\/granadacosta.net\/wp-content\/uploads\/2016\/01\/IMG_0475.jpg\"><img decoding=\"async\" loading=\"lazy\" class=\"alignnone size-medium wp-image-3928\" src=\"http:\/\/granadacosta.net\/wp-content\/uploads\/2016\/01\/IMG_0475-300x225.jpg\" alt=\"IMG_0475\" width=\"300\" height=\"225\" \/><\/a>\u00a0<a href=\"http:\/\/granadacosta.net\/wp-content\/uploads\/2016\/01\/IMG_03551.jpg\"><img decoding=\"async\" loading=\"lazy\" class=\"alignnone size-medium wp-image-3929\" src=\"http:\/\/granadacosta.net\/wp-content\/uploads\/2016\/01\/IMG_03551-300x225.jpg\" alt=\"IMG_0355\" width=\"300\" height=\"225\" \/><\/a><\/p>\n<p><a href=\"http:\/\/granadacosta.net\/wp-content\/uploads\/2016\/01\/IMG_2501.jpg\"><img decoding=\"async\" loading=\"lazy\" class=\"alignnone wp-image-3959 size-medium\" src=\"http:\/\/granadacosta.net\/wp-content\/uploads\/2016\/01\/IMG_2501-e1453745142916-225x300.jpg\" alt=\"IMG_2501\" width=\"225\" height=\"300\" \/><\/a>\u00a0\u00a0<a href=\"http:\/\/granadacosta.net\/wp-content\/uploads\/2016\/01\/IMG_3661.jpg\"><img decoding=\"async\" loading=\"lazy\" class=\"alignnone  wp-image-3960\" src=\"http:\/\/granadacosta.net\/wp-content\/uploads\/2016\/01\/IMG_3661-300x169.jpg\" alt=\"IMG_3661\" width=\"359\" height=\"202\" \/><\/a><\/p>\n<p><a href=\"http:\/\/granadacosta.net\/wp-content\/uploads\/2016\/01\/IMG_0378.jpg\"><img decoding=\"async\" loading=\"lazy\" class=\"alignnone  wp-image-3931\" src=\"http:\/\/granadacosta.net\/wp-content\/uploads\/2016\/01\/IMG_0378-300x225.jpg\" alt=\"IMG_0378\" width=\"560\" height=\"420\" \/><\/a><\/p>\n<p><a href=\"http:\/\/granadacosta.net\/wp-content\/uploads\/2016\/01\/IMG_0382.jpg\"><img decoding=\"async\" loading=\"lazy\" class=\"alignnone  wp-image-3932\" src=\"http:\/\/granadacosta.net\/wp-content\/uploads\/2016\/01\/IMG_0382-300x225.jpg\" alt=\"IMG_0382\" width=\"552\" height=\"414\" \/><\/a><\/p>\n<p><a href=\"http:\/\/granadacosta.net\/wp-content\/uploads\/2016\/01\/IMG_0386.jpg\"><img decoding=\"async\" loading=\"lazy\" class=\"alignnone size-medium wp-image-3933\" src=\"http:\/\/granadacosta.net\/wp-content\/uploads\/2016\/01\/IMG_0386-300x225.jpg\" alt=\"IMG_0386\" width=\"300\" height=\"225\" \/><\/a>\u00a0<a href=\"http:\/\/granadacosta.net\/wp-content\/uploads\/2016\/01\/IMG_0393.jpg\"><img decoding=\"async\" loading=\"lazy\" class=\"alignnone size-medium wp-image-3934\" src=\"http:\/\/granadacosta.net\/wp-content\/uploads\/2016\/01\/IMG_0393-300x225.jpg\" alt=\"IMG_0393\" width=\"300\" height=\"225\" \/><\/a> <a href=\"http:\/\/granadacosta.net\/wp-content\/uploads\/2016\/01\/IMG_0400.jpg\"><img decoding=\"async\" loading=\"lazy\" class=\"alignnone size-medium wp-image-3935\" src=\"http:\/\/granadacosta.net\/wp-content\/uploads\/2016\/01\/IMG_0400-300x225.jpg\" alt=\"IMG_0400\" width=\"300\" height=\"225\" \/><\/a>\u00a0<a href=\"http:\/\/granadacosta.net\/wp-content\/uploads\/2016\/01\/IMG_0416.jpg\"><img decoding=\"async\" loading=\"lazy\" class=\"alignnone size-medium wp-image-3937\" src=\"http:\/\/granadacosta.net\/wp-content\/uploads\/2016\/01\/IMG_0416-300x225.jpg\" alt=\"IMG_0416\" width=\"300\" height=\"225\" \/><\/a><\/p>\n<p><a href=\"http:\/\/granadacosta.net\/wp-content\/uploads\/2016\/01\/IMG_0418.jpg\"><img decoding=\"async\" loading=\"lazy\" class=\"alignnone size-medium wp-image-3938\" src=\"http:\/\/granadacosta.net\/wp-content\/uploads\/2016\/01\/IMG_0418-225x300.jpg\" alt=\"IMG_0418\" width=\"225\" height=\"300\" \/><\/a>\u00a0<a href=\"http:\/\/granadacosta.net\/wp-content\/uploads\/2016\/01\/IMG_0420.jpg\"><img decoding=\"async\" loading=\"lazy\" class=\"alignnone size-medium wp-image-3939\" src=\"http:\/\/granadacosta.net\/wp-content\/uploads\/2016\/01\/IMG_0420-300x225.jpg\" alt=\"IMG_0420\" width=\"300\" height=\"225\" \/><\/a><\/p>\n<p><a href=\"http:\/\/granadacosta.net\/wp-content\/uploads\/2016\/01\/IMG_0423.jpg\"><img decoding=\"async\" loading=\"lazy\" class=\"alignnone size-medium wp-image-3940\" src=\"http:\/\/granadacosta.net\/wp-content\/uploads\/2016\/01\/IMG_0423-300x225.jpg\" alt=\"IMG_0423\" width=\"300\" height=\"225\" \/><\/a>\u00a0<a href=\"http:\/\/granadacosta.net\/wp-content\/uploads\/2016\/01\/IMG_0430.jpg\"><img decoding=\"async\" loading=\"lazy\" class=\"alignnone size-medium wp-image-3941\" src=\"http:\/\/granadacosta.net\/wp-content\/uploads\/2016\/01\/IMG_0430-300x225.jpg\" alt=\"IMG_0430\" width=\"300\" height=\"225\" \/><\/a> <a href=\"http:\/\/granadacosta.net\/wp-content\/uploads\/2016\/01\/IMG_0431.jpg\"><img decoding=\"async\" loading=\"lazy\" class=\"alignnone size-medium wp-image-3942\" src=\"http:\/\/granadacosta.net\/wp-content\/uploads\/2016\/01\/IMG_0431-300x225.jpg\" alt=\"IMG_0431\" width=\"300\" height=\"225\" \/><\/a>\u00a0<a href=\"http:\/\/granadacosta.net\/wp-content\/uploads\/2016\/01\/IMG_0433.jpg\"><img decoding=\"async\" loading=\"lazy\" class=\"alignnone size-medium wp-image-3943\" src=\"http:\/\/granadacosta.net\/wp-content\/uploads\/2016\/01\/IMG_0433-300x225.jpg\" alt=\"IMG_0433\" width=\"300\" height=\"225\" \/><\/a> <a href=\"http:\/\/granadacosta.net\/wp-content\/uploads\/2016\/01\/IMG_0437.jpg\"><img decoding=\"async\" loading=\"lazy\" class=\"alignnone size-medium wp-image-3944\" src=\"http:\/\/granadacosta.net\/wp-content\/uploads\/2016\/01\/IMG_0437-300x225.jpg\" alt=\"IMG_0437\" width=\"300\" height=\"225\" \/><\/a>\u00a0<a href=\"http:\/\/granadacosta.net\/wp-content\/uploads\/2016\/01\/IMG_0439.jpg\"><img decoding=\"async\" loading=\"lazy\" class=\"alignnone size-medium wp-image-3945\" src=\"http:\/\/granadacosta.net\/wp-content\/uploads\/2016\/01\/IMG_0439-300x225.jpg\" alt=\"IMG_0439\" width=\"300\" height=\"225\" \/><\/a> <a href=\"http:\/\/granadacosta.net\/wp-content\/uploads\/2016\/01\/IMG_0444.jpg\"><img decoding=\"async\" loading=\"lazy\" class=\"alignnone size-medium wp-image-3946\" src=\"http:\/\/granadacosta.net\/wp-content\/uploads\/2016\/01\/IMG_0444-300x225.jpg\" alt=\"IMG_0444\" width=\"300\" height=\"225\" \/><\/a>\u00a0<a href=\"http:\/\/granadacosta.net\/wp-content\/uploads\/2016\/01\/IMG_0449.jpg\"><img decoding=\"async\" loading=\"lazy\" class=\"alignnone size-medium wp-image-3947\" src=\"http:\/\/granadacosta.net\/wp-content\/uploads\/2016\/01\/IMG_0449-300x225.jpg\" alt=\"IMG_0449\" width=\"300\" height=\"225\" \/><\/a> <a href=\"http:\/\/granadacosta.net\/wp-content\/uploads\/2016\/01\/IMG_0452.jpg\"><img decoding=\"async\" loading=\"lazy\" class=\"alignnone size-medium wp-image-3948\" src=\"http:\/\/granadacosta.net\/wp-content\/uploads\/2016\/01\/IMG_0452-300x225.jpg\" alt=\"IMG_0452\" width=\"300\" height=\"225\" \/><\/a>\u00a0<a href=\"http:\/\/granadacosta.net\/wp-content\/uploads\/2016\/01\/IMG_0456.jpg\"><img decoding=\"async\" loading=\"lazy\" class=\"alignnone size-medium wp-image-3949\" src=\"http:\/\/granadacosta.net\/wp-content\/uploads\/2016\/01\/IMG_0456-300x225.jpg\" alt=\"IMG_0456\" width=\"300\" height=\"225\" \/><\/a><\/p>\n<p><a href=\"http:\/\/granadacosta.net\/wp-content\/uploads\/2016\/01\/IMG-20160125-WA0033.jpg\"><img decoding=\"async\" loading=\"lazy\" class=\"alignnone  wp-image-3950\" src=\"http:\/\/granadacosta.net\/wp-content\/uploads\/2016\/01\/IMG-20160125-WA0033-300x169.jpg\" alt=\"IMG-20160125-WA0033\" width=\"421\" height=\"237\" \/><\/a>\u00a0<a href=\"http:\/\/granadacosta.net\/wp-content\/uploads\/2016\/01\/IMG_0405.jpg\"><img decoding=\"async\" loading=\"lazy\" class=\"alignnone size-medium wp-image-3951\" src=\"http:\/\/granadacosta.net\/wp-content\/uploads\/2016\/01\/IMG_0405-300x225.jpg\" alt=\"IMG_0405\" width=\"300\" height=\"225\" \/><\/a><\/p>\n<p>&nbsp;<\/p>\n","protected":false},"excerpt":{"rendered":"<p>La noticia fue conocida el pasado 22 de enero coincidiendo con la celebraci\u00f3n de un acto cultural del Peri\u00f3dico Granada&hellip;<\/p>\n","protected":false},"author":2,"featured_media":3915,"comment_status":"open","ping_status":"open","sticky":false,"template":"","format":"standard","meta":{"om_disable_all_campaigns":false,"_mi_skip_tracking":false,"_monsterinsights_sitenote_active":false,"_monsterinsights_sitenote_note":"","_monsterinsights_sitenote_category":0,"footnotes":""},"categories":[21,22],"tags":[],"aioseo_notices":[],"_links":{"self":[{"href":"https:\/\/granadacostaglobal.es\/index.php?rest_route=\/wp\/v2\/posts\/3914"}],"collection":[{"href":"https:\/\/granadacostaglobal.es\/index.php?rest_route=\/wp\/v2\/posts"}],"about":[{"href":"https:\/\/granadacostaglobal.es\/index.php?rest_route=\/wp\/v2\/types\/post"}],"author":[{"embeddable":true,"href":"https:\/\/granadacostaglobal.es\/index.php?rest_route=\/wp\/v2\/users\/2"}],"replies":[{"embeddable":true,"href":"https:\/\/granadacostaglobal.es\/index.php?rest_route=%2Fwp%2Fv2%2Fcomments&post=3914"}],"version-history":[{"count":0,"href":"https:\/\/granadacostaglobal.es\/index.php?rest_route=\/wp\/v2\/posts\/3914\/revisions"}],"wp:featuredmedia":[{"embeddable":true,"href":"https:\/\/granadacostaglobal.es\/index.php?rest_route=\/"}],"wp:attachment":[{"href":"https:\/\/granadacostaglobal.es\/index.php?rest_route=%2Fwp%2Fv2%2Fmedia&parent=3914"}],"wp:term":[{"taxonomy":"category","embeddable":true,"href":"https:\/\/granadacostaglobal.es\/index.php?rest_route=%2Fwp%2Fv2%2Fcategories&post=3914"},{"taxonomy":"post_tag","embeddable":true,"href":"https:\/\/granadacostaglobal.es\/index.php?rest_route=%2Fwp%2Fv2%2Ftags&post=3914"}],"curies":[{"name":"wp","href":"https:\/\/api.w.org\/{rel}","templated":true}]}}