{"id":3853,"date":"2016-01-20T10:41:17","date_gmt":"2016-01-20T10:41:17","guid":{"rendered":"http:\/\/granadacosta.net\/?p=3853"},"modified":"2016-01-20T10:41:17","modified_gmt":"2016-01-20T10:41:17","slug":"jornadas-culturales-en-valencia","status":"publish","type":"post","link":"https:\/\/granadacostaglobal.es\/?p=3853","title":{"rendered":"JORNADAS CULTURALES EN VALENCIA"},"content":{"rendered":"<p>18 de febrero 2016, a las 19:00 horas.<\/p>\n<p>1. Presentaci\u00f3n del Libro de Autores Granada Costa 2015\u00a0por Antonio Gabriel P\u00e9rez Mateu.<\/p>\n<p><a href=\"http:\/\/granadacosta.net\/wp-content\/uploads\/2016\/01\/Autores-2015-3d.jpg\"><img decoding=\"async\" loading=\"lazy\" class=\"alignnone  wp-image-3798\" src=\"http:\/\/granadacosta.net\/wp-content\/uploads\/2016\/01\/Autores-2015-3d-221x300.jpg\" alt=\"Autores 2015  3d\" width=\"158\" height=\"214\" \/><\/a>\u00a0Autores Granada Costa 2015<\/p>\n<p><a href=\"http:\/\/granadacosta.net\/wp-content\/uploads\/2016\/01\/antonio-gabriel.jpg\"><img decoding=\"async\" loading=\"lazy\" class=\"alignnone  wp-image-3855\" src=\"http:\/\/granadacosta.net\/wp-content\/uploads\/2016\/01\/antonio-gabriel-240x300.jpg\" alt=\"antonio gabriel\" width=\"139\" height=\"174\" \/><\/a>\u00a0 \u00a0 \u00a0\u00a0Antonio Gabriel P\u00e9rez Mateu<\/p>\n<p>&nbsp;<\/p>\n<p>2. Entrega de premios I certamen de Poes\u00eda Granada Costa &#8221; Ciudad de Valencia&#8221;<\/p>\n<p style=\"text-align: center;\">1\u00ba Premio:<\/p>\n<p style=\"text-align: center;\">&#8220;DIACRON\u00cdA&#8221; (temporalidad), autora Amparo Bonet Alc\u00f3n.<\/p>\n<p style=\"text-align: center;\">FINALISTAS:<\/p>\n<p style=\"text-align: center;\">\u00cdNTIMO Y PERSONAL, Autor Manuel Gim\u00e9nez Gonz\u00e1lez<\/p>\n<p style=\"text-align: center;\">SONETOS SENTIMENTALES, Autor Rafael Camacho Garc\u00eda<\/p>\n<p style=\"text-align: center;\">CON LA PRIMERA MIRADA, Autor Jos\u00e9 Luis Ruiz Vidal.<\/p>\n<p style=\"text-align: left;\">3. Interpretaci\u00f3n art\u00edstica de la poes\u00eda a cargo del Rapsoda de fama nacional Antonio Bonet San-Cler.<\/p>\n<p style=\"text-align: left;\">Contaremos con la cantante nacionalmente conocida Inmaculada Rej\u00f3n.<\/p>\n<p style=\"text-align: left;\"><a href=\"http:\/\/granadacosta.net\/wp-content\/uploads\/2016\/01\/Antonio-Bonet.jpg\"><img decoding=\"async\" loading=\"lazy\" class=\"alignnone  wp-image-3820\" src=\"http:\/\/granadacosta.net\/wp-content\/uploads\/2016\/01\/Antonio-Bonet-300x201.jpg\" alt=\"Antonio Bonet\" width=\"201\" height=\"135\" \/><\/a>\u00a0 \u00a0Antonio Bonet San-Cler.<\/p>\n<p style=\"text-align: left;\"><a href=\"http:\/\/granadacosta.net\/wp-content\/uploads\/2016\/01\/MG_9515.jpg\"><img decoding=\"async\" loading=\"lazy\" class=\"alignnone  wp-image-3797\" src=\"http:\/\/granadacosta.net\/wp-content\/uploads\/2016\/01\/MG_9515-300x300.jpg\" alt=\"_MG_9515\" width=\"172\" height=\"172\" \/><\/a>\u00a0 \u00a0\u00a0Inmaculada Rej\u00f3n.<\/p>\n<p style=\"text-align: left;\">4. Velada Po\u00e9tica donde podr\u00e1n participar todos los socios de Granada Costa de \u00e1mbito Nacional que as\u00ed lo deseen.<\/p>\n<p style=\"text-align: left;\">Coordinar\u00e1 la velada nuestra Delegada nacional de Poes\u00eda Carmen Carrasco. Con la intervenci\u00f3n especial del presidente de la casa de Melilla en Valencia, D.\u00a0Jos\u00e9 Luis Caras Toledo.<\/p>\n<p style=\"text-align: left;\"><a href=\"http:\/\/granadacosta.net\/wp-content\/uploads\/2015\/12\/20151212_004117.jpg\"><img decoding=\"async\" loading=\"lazy\" class=\"alignnone  wp-image-3668\" src=\"http:\/\/granadacosta.net\/wp-content\/uploads\/2015\/12\/20151212_004117-180x300.jpg\" alt=\"20151212_004117\" width=\"137\" height=\"228\" \/><\/a>\u00a0\u00a0Carmen Carrasco<\/p>\n<p style=\"text-align: left;\">\u00a0El acto ser\u00e1 grabado y posteriormente retransmitido por el Canal Granada Costa. Finalizado el acto se servir\u00e1 una copa de vino a todos los asistentes.<\/p>\n<p style=\"text-align: left;\">Datos de la Casa de Melilla en Valencia:<\/p>\n<p>c\/ General Barroso, n\u00ba 55 bajo, Valencia.<\/p>\n<p>Tn\u00ba. 963771555<\/p>\n","protected":false},"excerpt":{"rendered":"<p>18 de febrero 2016, a las 19:00 horas. 1. Presentaci\u00f3n del Libro de Autores Granada Costa 2015\u00a0por Antonio Gabriel P\u00e9rez&hellip;<\/p>\n","protected":false},"author":2,"featured_media":3859,"comment_status":"open","ping_status":"open","sticky":false,"template":"","format":"standard","meta":{"om_disable_all_campaigns":false,"_mi_skip_tracking":false,"_monsterinsights_sitenote_active":false,"_monsterinsights_sitenote_note":"","_monsterinsights_sitenote_category":0,"footnotes":""},"categories":[21,22],"tags":[],"aioseo_notices":[],"_links":{"self":[{"href":"https:\/\/granadacostaglobal.es\/index.php?rest_route=\/wp\/v2\/posts\/3853"}],"collection":[{"href":"https:\/\/granadacostaglobal.es\/index.php?rest_route=\/wp\/v2\/posts"}],"about":[{"href":"https:\/\/granadacostaglobal.es\/index.php?rest_route=\/wp\/v2\/types\/post"}],"author":[{"embeddable":true,"href":"https:\/\/granadacostaglobal.es\/index.php?rest_route=\/wp\/v2\/users\/2"}],"replies":[{"embeddable":true,"href":"https:\/\/granadacostaglobal.es\/index.php?rest_route=%2Fwp%2Fv2%2Fcomments&post=3853"}],"version-history":[{"count":0,"href":"https:\/\/granadacostaglobal.es\/index.php?rest_route=\/wp\/v2\/posts\/3853\/revisions"}],"wp:featuredmedia":[{"embeddable":true,"href":"https:\/\/granadacostaglobal.es\/index.php?rest_route=\/"}],"wp:attachment":[{"href":"https:\/\/granadacostaglobal.es\/index.php?rest_route=%2Fwp%2Fv2%2Fmedia&parent=3853"}],"wp:term":[{"taxonomy":"category","embeddable":true,"href":"https:\/\/granadacostaglobal.es\/index.php?rest_route=%2Fwp%2Fv2%2Fcategories&post=3853"},{"taxonomy":"post_tag","embeddable":true,"href":"https:\/\/granadacostaglobal.es\/index.php?rest_route=%2Fwp%2Fv2%2Ftags&post=3853"}],"curies":[{"name":"wp","href":"https:\/\/api.w.org\/{rel}","templated":true}]}}