{"id":3850,"date":"2016-01-20T10:23:35","date_gmt":"2016-01-20T10:23:35","guid":{"rendered":"http:\/\/granadacosta.net\/?p=3850"},"modified":"2016-01-20T10:23:35","modified_gmt":"2016-01-20T10:23:35","slug":"corazon-que-escucha-vi","status":"publish","type":"post","link":"https:\/\/granadacostaglobal.es\/?p=3850","title":{"rendered":"Coraz\u00f3n que escucha VI"},"content":{"rendered":"<p>Hoy la vida nos ofrece una nueva oportunidad de aprender, de despertar del sue\u00f1o de la inconsciencia, de hacernos responsables de las huellas que deja el paso de nuestra vida por esta tierra. \u00a1Hoy la vida nos brinda la gran ocasi\u00f3n de ser nosotros mismos! Y esto sucede un d\u00eda tras otro d\u00eda\u2026 nos demos cuenta o no. Cada vez que amanece, mientras el sol despunta en el horizonte, junto al mar las gaviotas anuncian la alborada. Esto sucede cada d\u00eda, aunque no forme parte de los noticiarios. Ocurre, sencillamente, sin que nada ni nadie pueda evitarlo y sin requerir ning\u00fan esfuerzo por parte del ser humano. \u00a1Menudo regalo!<\/p>\n<p>Coraz\u00f3n que escucha se va a detener atento a esa fuerza de atracci\u00f3n que emana de la naturaleza como parte de nosotros mismos.\u00a0 La naturaleza es la gran maestra del pensamiento: \u00abElla, la Materia es quien te llevar\u00e1 hasta Dios\u00bb, con total contundencia lo plasm\u00f3 por escrito el m\u00edstico franc\u00e9s Pierre Teilhard de Chardin.<\/p>\n<p><a href=\"http:\/\/granadacosta.net\/wp-content\/uploads\/2016\/01\/barco-.jpg\"><img decoding=\"async\" loading=\"lazy\" class=\"alignnone size-medium wp-image-3851\" src=\"http:\/\/granadacosta.net\/wp-content\/uploads\/2016\/01\/barco--300x250.jpg\" alt=\"barco-\" width=\"300\" height=\"250\" \/><\/a><\/p>\n<p>Rescatando uno de los apuntes descritos en su autobiograf\u00eda espiritual,\u00a0 <em>El coraz\u00f3n de la materia, Teilhard dicta as\u00ed<\/em>:<\/p>\n<p><em>\u00a0<\/em>\u00ab\u00bfUna memoria? Mi primera fue cuando ten\u00eda como cinco o seis a\u00f1os. Mi mam\u00e1 me hab\u00eda cortado uno de mis rizos. Lo tom\u00e9 y lo puse al fuego. El rizo de cabello ardi\u00f3 en una fracci\u00f3n de segundo y un gran dolor me llen\u00f3; aprend\u00ed entonces lo que era lo perecedero. \u2026 \u00bfQu\u00e9 era lo que me causaba dolor de ni\u00f1o? Esta inseguridad de las cosas. \u00bfQu\u00e9 era lo que amaba? Mi l\u00e1mpara m\u00e1gica de hierro! Y con una pieza de un arado me cre\u00eda, a los siete a\u00f1os, con un tesoro incorruptible, que durar\u00eda para siempre. Pero luego me di cuenta de que lo que ten\u00eda era solo un mont\u00f3n de fierro que se oxida. Con este descubrimiento me tir\u00e9 al suelo y llor\u00e9 las l\u00e1grimas m\u00e1s amargas de mi existir!\u00bb, <em>El Coraz\u00f3n de la Materia<\/em>.<\/p>\n<p>&nbsp;<\/p>\n<p>\u00a1Nada a lo que aferrarse! Lo ef\u00edmero de la materia desnudo ante la mirada de un ni\u00f1o de siete a\u00f1os; eso es lo que descubre la mirada del sabio. En efecto, una experiencia que marcar\u00eda el decurso del resto de sus horas. Abundar sobre esta reflexi\u00f3n es un ejercicio muy profundo de auto conocimiento para el ser humano. La pregunta es evidente: \u00bfA qu\u00e9 se aferra la mente? \u00bfEn qu\u00e9 se ofusca? La respuesta deja al descubierto lo absurdo que resulta identificarse con lo superfluo ante la belleza incorruptible de lo Sagrado. En la periferia de la mente los \u00ad tantas veces \u00ad supuestos <em>problemas<\/em> flotan como un simple corcho sobre el agua, por falta de consistencia. Resulta mediocre y de poco gusto el dedicar la capacidad de la mente a conjeturar sobre un chisme, vilipendiar un suceso de esc\u00e1ndalo p\u00fablico, hacer un comentario mofoso sobre el mal ajeno, etc. Y ante todo, dejarse atrapar por el sufrimiento que generan en la mente los pensamientos caducos y remotos del pasado, o las hip\u00f3tesis imaginarias de una realidad futura que a\u00fan no existe. No aporta nada, y adem\u00e1s resulta m\u00edsero nutrir la mente con pensamientos t\u00f3xicos. La iron\u00eda, por ejemplo,\u00a0 es un gesto que trasparenta con claridad la superficialidad de la mente.<\/p>\n<p>Si se observa con detenimiento un punto negro sobre una superficie blanca, como referencia simb\u00f3lica de un problema, es sencillo\u00a0 comprobar que al ampliar el campo de visi\u00f3n se puede descubrir todo el espacio blanco que lo rodea. El espacio blanco muestra otras versiones y perspectivas distintas del mismo punto, que pueden ayudar a configurar una opci\u00f3n m\u00e1s resolutiva. Tan solo es preciso relacionar y unir el problema a la soluci\u00f3n que lo circunda. Asimismo, es muy importante aprender a enfocar la mente hacia el pensamiento positivo; pues, un obst\u00e1culo se puede convertir en una oportunidad de aprendizaje, con tan solo cambiar el foco de atenci\u00f3n hacia otro punto.<\/p>\n<p>&nbsp;<\/p>\n<p style=\"text-align: right;\"><strong>Marisa Barros<\/strong><\/p>\n<p>&nbsp;<\/p>\n<p>&nbsp;<\/p>\n","protected":false},"excerpt":{"rendered":"<p>Hoy la vida nos ofrece una nueva oportunidad de aprender, de despertar del sue\u00f1o de la inconsciencia, de hacernos responsables&hellip;<\/p>\n","protected":false},"author":2,"featured_media":3852,"comment_status":"open","ping_status":"open","sticky":false,"template":"","format":"standard","meta":{"om_disable_all_campaigns":false,"_mi_skip_tracking":false,"_monsterinsights_sitenote_active":false,"_monsterinsights_sitenote_note":"","_monsterinsights_sitenote_category":0,"footnotes":""},"categories":[21],"tags":[],"aioseo_notices":[],"_links":{"self":[{"href":"https:\/\/granadacostaglobal.es\/index.php?rest_route=\/wp\/v2\/posts\/3850"}],"collection":[{"href":"https:\/\/granadacostaglobal.es\/index.php?rest_route=\/wp\/v2\/posts"}],"about":[{"href":"https:\/\/granadacostaglobal.es\/index.php?rest_route=\/wp\/v2\/types\/post"}],"author":[{"embeddable":true,"href":"https:\/\/granadacostaglobal.es\/index.php?rest_route=\/wp\/v2\/users\/2"}],"replies":[{"embeddable":true,"href":"https:\/\/granadacostaglobal.es\/index.php?rest_route=%2Fwp%2Fv2%2Fcomments&post=3850"}],"version-history":[{"count":0,"href":"https:\/\/granadacostaglobal.es\/index.php?rest_route=\/wp\/v2\/posts\/3850\/revisions"}],"wp:featuredmedia":[{"embeddable":true,"href":"https:\/\/granadacostaglobal.es\/index.php?rest_route=\/"}],"wp:attachment":[{"href":"https:\/\/granadacostaglobal.es\/index.php?rest_route=%2Fwp%2Fv2%2Fmedia&parent=3850"}],"wp:term":[{"taxonomy":"category","embeddable":true,"href":"https:\/\/granadacostaglobal.es\/index.php?rest_route=%2Fwp%2Fv2%2Fcategories&post=3850"},{"taxonomy":"post_tag","embeddable":true,"href":"https:\/\/granadacostaglobal.es\/index.php?rest_route=%2Fwp%2Fv2%2Ftags&post=3850"}],"curies":[{"name":"wp","href":"https:\/\/api.w.org\/{rel}","templated":true}]}}