{"id":3809,"date":"2016-01-14T09:05:53","date_gmt":"2016-01-14T09:05:53","guid":{"rendered":"http:\/\/granadacosta.es\/?p=3809"},"modified":"2016-01-14T09:05:53","modified_gmt":"2016-01-14T09:05:53","slug":"el-guitarrista-senegales-malick-diaw-presenta-en-granada-su-primer-disco-en-solitario-ainsi-va-la-vie","status":"publish","type":"post","link":"https:\/\/granadacostaglobal.es\/?p=3809","title":{"rendered":"El guitarrista senegal\u00e9s Malick Diaw presenta en Granada su primer disco en solitario \u201cAins\u00ed va la vie\u201d"},"content":{"rendered":"<p><strong>Diaw se presenta en Booga Club de Granada el viernes 22 de Enero<\/strong><\/p>\n<p><strong>C\/Santa B\u00e1rbara 3, 23h.<\/strong><\/p>\n<p><strong>\u00a0<a href=\"http:\/\/granadacosta.es\/wp-content\/uploads\/2016\/01\/malick.jpg\"><img decoding=\"async\" loading=\"lazy\" class=\"aligncenter size-full wp-image-3811\" src=\"http:\/\/granadacosta.es\/wp-content\/uploads\/2016\/01\/malick.jpg\" alt=\"malick\" width=\"394\" height=\"346\" \/><\/a><\/strong><\/p>\n<p><strong>\u00a0<\/strong><\/p>\n<p><strong>Granada<\/strong>: \u00a022\/01\/2016<br \/>\nBooga Club \u2013 23.00h<br \/>\nPrecio: Anticipada 8\u20ac, 10\u20ac Taquilla<\/p>\n<p>&nbsp;<\/p>\n<p><a href=\"http:\/\/gladyspalmera.com\/videos-youtube\/\">http:\/\/gladyspalmera.com\/videos-youtube\/<\/a> \u00a0<strong>(Ac\u00fastico de \u201cYemena\u201d para Gladys Palmera)<\/strong><\/p>\n<p><strong><a href=\"https:\/\/www.youtube.com\/watch?v=yOip7Cb7hM8\">https:\/\/www.youtube.com\/watch?v=yOip7Cb7hM8<\/a> <\/strong><strong>(Videoclip \u201cHola\u201d)<\/strong><\/p>\n<p><strong>\u00a0<\/strong><strong>\u00a0<\/strong><\/p>\n<p><strong>Despu\u00e9s de haber grabado una quincena de discos y haber recorrido un centenar de festivales por todo el mundo acompa\u00f1ando a otros solistas, el guitarrista senegal\u00e9s afincado en Par\u00eds Malick Diaw edita su primer trabajo<\/strong> <strong>\u201cAins<\/strong><strong>\u00ed Va la Vie\u201d.<\/strong><\/p>\n<p><strong>Su <\/strong><strong>m\u00fasica es una fusi\u00f3n de folk con sonidos tuareg, mandinga, blues y jazz, que a su vez mezcla con ritmos africanos acompa\u00f1\u00e1ndose de la guitarra ac\u00fastica, la calabaza, la bater\u00eda, el djembe, el sabar, el bajo y los coros.<\/strong><\/p>\n<p>&nbsp;<\/p>\n<p><strong>Diaw <\/strong>comienza su trayectoria musical en 1993, cuando a\u00fan siendo a\u00fan estudiante en Dakar solicita permiso en el instituto para actuar en Gambia (pa\u00eds vecino de Senegal), para acompa\u00f1ar con su guitarra a varias estrellas de la m\u00fasica senegalesa, con los que tiempo despu\u00e9s graba varios discos:<\/p>\n<p>&nbsp;<\/p>\n<p><strong>Dial Mbaye<\/strong>: \u00abBeukarek garaman\u00bb (1993)<\/p>\n<p><strong>\u00a0<\/strong><\/p>\n<p><strong>Alioune Mbaye Nder<\/strong>: \u00abAduna\u00bb (1995), \u00abInalmanaila\u00bb (1996), \u00abFatelekoul dom\u00bb (1996), \u00abL\u00e9n\u00e9en\u00bb (1997) y \u00abSerigne Mansour\u00bb (1998).<\/p>\n<p>&nbsp;<\/p>\n<p>En 2001, tras seis meses de colaboraci\u00f3n con el cantante senegal\u00e9s <strong>Assane Ndiaye<\/strong> viaja a Francia para participar en la grabaci\u00f3n de \u00abMadada\u00bb, el primer disco de la guineana <strong>Kamaldine Konte<\/strong>, con la que Malick colabora aportando algunas de sus propias composiciones. El disco es producido por Bocana Maiga y nominado a los Kora Awards de Sud\u00e1frica.<\/p>\n<p>&nbsp;<\/p>\n<p>En 2002 llega a Madrid y se une al grupo <strong>Djambutu Thiossane<\/strong> con los que graba dos discos: \u00abFass\u00bb y \u00abNitt\u00bb. Con ellos participa en el Festival Etnosur (2002) y en las Fiestas de San Ferm\u00edn (2003).<\/p>\n<p>&nbsp;<\/p>\n<p>Reside en Espa\u00f1a durante un per\u00edodo de ocho a\u00f1os durante los cuales se une a otros grupos senegaleses como el de su compatriota <strong>Sidy Samb<\/strong> (ex-componente de M\u00e1rtires del Comp\u00e1s) con el que graba el disco \u00abLa sombra del duende\u00bb y dos discos para el mercado senegal\u00e9s: \u00abNgew\u00ebl\u00bb y \u00abMorena\u00bb. Participa con \u00e9l en el Festival de Jazz de Donostia en San Sebasti\u00e1n, en 2004.<\/p>\n<p>&nbsp;<\/p>\n<p>Con <strong>Babacar <\/strong>y <strong>Diengoz<\/strong> realiza sendas giras internacionales, participando en el Festival de Chihuahua de 2008 en M\u00e9xico.<\/p>\n<p>&nbsp;<\/p>\n<p>Abierto a numerosas corrientes musicales, acompa\u00f1a a diferentes artistas, como Piruchi de las <strong>Hijas Del Sol<\/strong> de Guinea Ecuatorial y a <strong>Bidinte<\/strong> de Guinea Bissau. Entre 2006 y 2009 estrellas senegalesas como Fallou Dieng, Pape Diouf, Titi, Abdou Guite, Mapenda Seck, Fatou Gu\u00e9w\u00e9l, Pape Thiopet, Djiby Dram\u00e9 cuentan con \u00e9l para acompa\u00f1arles en sus giras por Europa.<\/p>\n<p>&nbsp;<\/p>\n<p>En 2009 colabora con la saharaui <strong>Mariem Hassan<\/strong> participando en el Womad en el Charlton Park de Inglaterra y en el Womad de Taormina (Italia), as\u00ed como en la grabaci\u00f3n de su disco \u00abShouka\u00bb (Nubenegra, 2010)<\/p>\n<p>&nbsp;<\/p>\n<p>Ese mismo a\u00f1o lanza su carrera en solitario y participa en el Bimbache Jazz Festival, en la Isla del Hierro, en junio de 2009.<\/p>\n<p>&nbsp;<\/p>\n<p>En 2010 Diaw se desplaza a Par\u00eds e inicia su primera gira en solitario en Suiza, actuando en el Pois Chiche de Lausanne. Ese mismo a\u00f1o participa con su banda en la <strong>Caravana Cultural Senegalesa<\/strong>, en la sala Malandar de Sevilla.<\/p>\n<p>&nbsp;<\/p>\n<p>En 2011 participa en el Festival de Jazz de Badajoz, en el Festival de Jazz de Palencia, en las Fiestas de San Mateo de Oviedo y en el Festival Mestizo de Rota, C\u00e1diz.<\/p>\n<p>A principios de 2012 inicia su segunda gira por Suiza, que le lleva a Ginebra (Sala Palais Mascotte), a Vevey (Sala Les bouts du Monde) y a Gryon (Harambee Caf\u00e9).<\/p>\n<p>&nbsp;<\/p>\n<p>En 2013 act\u00faa de nuevo en Madrid en la Sala Moe y en la Casa de la Juventud de Tres Cantos.<\/p>\n<p>&nbsp;<\/p>\n<p>El 14 de marzo de 2014 presenta su banda en la <strong>Sala Caracol<\/strong> de Madrid.<\/p>\n<p>&nbsp;<\/p>\n<p>En julio de 2015 participa en el <strong>Festival Free Market Panama<\/strong>, en la Sala Cabaret Sauvage de Par\u00eds.<\/p>\n<p>&nbsp;<\/p>\n<p>Desde que inicia su carrera en solitario en 2009, <strong>Diaw<\/strong> ha trabajado en sus propias composiciones que hoy cristalizan con la edici\u00f3n de su primer disco: \u201cAins\u00ed Va la Vie\u201d .<\/p>\n","protected":false},"excerpt":{"rendered":"<p>Diaw se presenta en Booga Club de Granada el viernes 22 de Enero C\/Santa B\u00e1rbara 3, 23h. \u00a0 \u00a0 Granada:&hellip;<\/p>\n","protected":false},"author":2,"featured_media":3810,"comment_status":"open","ping_status":"open","sticky":false,"template":"","format":"standard","meta":{"om_disable_all_campaigns":false,"_mi_skip_tracking":false,"_monsterinsights_sitenote_active":false,"_monsterinsights_sitenote_note":"","_monsterinsights_sitenote_category":0,"footnotes":""},"categories":[21,22],"tags":[],"aioseo_notices":[],"_links":{"self":[{"href":"https:\/\/granadacostaglobal.es\/index.php?rest_route=\/wp\/v2\/posts\/3809"}],"collection":[{"href":"https:\/\/granadacostaglobal.es\/index.php?rest_route=\/wp\/v2\/posts"}],"about":[{"href":"https:\/\/granadacostaglobal.es\/index.php?rest_route=\/wp\/v2\/types\/post"}],"author":[{"embeddable":true,"href":"https:\/\/granadacostaglobal.es\/index.php?rest_route=\/wp\/v2\/users\/2"}],"replies":[{"embeddable":true,"href":"https:\/\/granadacostaglobal.es\/index.php?rest_route=%2Fwp%2Fv2%2Fcomments&post=3809"}],"version-history":[{"count":0,"href":"https:\/\/granadacostaglobal.es\/index.php?rest_route=\/wp\/v2\/posts\/3809\/revisions"}],"wp:featuredmedia":[{"embeddable":true,"href":"https:\/\/granadacostaglobal.es\/index.php?rest_route=\/"}],"wp:attachment":[{"href":"https:\/\/granadacostaglobal.es\/index.php?rest_route=%2Fwp%2Fv2%2Fmedia&parent=3809"}],"wp:term":[{"taxonomy":"category","embeddable":true,"href":"https:\/\/granadacostaglobal.es\/index.php?rest_route=%2Fwp%2Fv2%2Fcategories&post=3809"},{"taxonomy":"post_tag","embeddable":true,"href":"https:\/\/granadacostaglobal.es\/index.php?rest_route=%2Fwp%2Fv2%2Ftags&post=3809"}],"curies":[{"name":"wp","href":"https:\/\/api.w.org\/{rel}","templated":true}]}}